{"id":335987,"date":"2017-07-20T00:05:12","date_gmt":"2017-07-20T05:05:12","guid":{"rendered":"http:\/\/www.diarioimagen.net\/?p=335987"},"modified":"2017-07-20T03:08:46","modified_gmt":"2017-07-20T08:08:46","slug":"operativo-de-reordenamiento-vial-en-la-zona-de-cuatro-caminos","status":"publish","type":"post","link":"https:\/\/www.diarioimagen.net\/?p=335987","title":{"rendered":"Operativo de reordenamiento vial en la zona de Cuatro Caminos"},"content":{"rendered":"<ul>\n<li><strong><em>Perfila Naucalpan Sistema de Movilidad<\/em><\/strong><\/li>\n<\/ul>\n<p>&nbsp;<\/p>\n<div id=\"attachment_336079\" style=\"width: 470px\" class=\"wp-caption aligncenter\"><a href=\"http:\/\/www.diarioimagen.net\/?attachment_id=336079\" rel=\"attachment wp-att-336079\"><img loading=\"lazy\" decoding=\"async\" aria-describedby=\"caption-attachment-336079\" class=\"size-large wp-image-336079\" src=\"http:\/\/www.diarioimagen.net\/wp-content\/uploads\/2017\/07\/NAUCALPAN-3167-460x259.jpg\" alt=\"\" width=\"460\" height=\"259\" srcset=\"https:\/\/www.diarioimagen.net\/wp-content\/uploads\/2017\/07\/NAUCALPAN-3167-460x259.jpg 460w, https:\/\/www.diarioimagen.net\/wp-content\/uploads\/2017\/07\/NAUCALPAN-3167-240x135.jpg 240w, https:\/\/www.diarioimagen.net\/wp-content\/uploads\/2017\/07\/NAUCALPAN-3167-235x132.jpg 235w, https:\/\/www.diarioimagen.net\/wp-content\/uploads\/2017\/07\/NAUCALPAN-3167-202x114.jpg 202w, https:\/\/www.diarioimagen.net\/wp-content\/uploads\/2017\/07\/NAUCALPAN-3167-350x196.jpg 350w, https:\/\/www.diarioimagen.net\/wp-content\/uploads\/2017\/07\/NAUCALPAN-3167-220x123.jpg 220w, https:\/\/www.diarioimagen.net\/wp-content\/uploads\/2017\/07\/NAUCALPAN-3167-237x132.jpg 237w, https:\/\/www.diarioimagen.net\/wp-content\/uploads\/2017\/07\/NAUCALPAN-3167.jpg 480w\" sizes=\"auto, (max-width: 460px) 100vw, 460px\" \/><\/a><p id=\"caption-attachment-336079\" class=\"wp-caption-text\">El gobierno local retir\u00f3 22 bases irregulares del servicio de transporte p\u00fablico.<\/p><\/div>\n<p>&nbsp;<\/p>\n<p><strong>Naucalpan, Estado de M\u00e9xico<\/strong>.- El gobierno local, a trav\u00e9s de la Direcci\u00f3n General de Movilidad Urbana y Vialidad, en coordinaci\u00f3n con la Secretar\u00eda de Movilidad del Estado de M\u00e9xico y la Direcci\u00f3n General de Seguridad Ciudadana y Tr\u00e1nsito Municipal,\u00a0 realiz\u00f3 un operativo de reordenamiento vial en la zona de Cuatro Caminos, en el cual se detectaron, notificaron y\u00a0 retiraron 22 bases irregulares del servicio de transporte p\u00fablico.<\/p>\n<p>El operativo se realiz\u00f3 en las Avenidas Ingenieros Militares y Transmisiones Militares, con la finalidad de integrar un esquema de movilidad con los requerimientos que los peatones necesitan y agilizar el tr\u00e1nsito en la zona, esquema en el cual intervienen autoridades municipales y estatales de movilidad, as\u00ed como tr\u00e1nsito municipal y personal del Mexipuerto.<\/p>\n<p>En este marco, fueron detectadas\u00a0 bases de 22 rutas,\u00a0 que no cuentan con autorizaci\u00f3n\u00a0 del gobierno del Estado de M\u00e9xico para su operaci\u00f3n en esta zona, por lo que fueron\u00a0 retiradas y notificadas de que cuentan con un plazo de tres d\u00edas para presentar la documentaci\u00f3n que avale su permanencia en la zona.<\/p>\n<p>Asimismo, se inform\u00f3 a tres sitios de taxis y 5 rutas\u00a0 autorizadas que presentan exceso de parque vehicular para la prestaci\u00f3n del servicio en las inmediaciones, a fin de que\u00a0 tomen las medidas correspondientes.<\/p>\n<p>Adem\u00e1s de est\u00e1s 22 bases irregulares del transporte p\u00fablico en la zona, el operativo incluy\u00f3 la revisi\u00f3n del comercio regular e irregular, ya que tambi\u00e9n forma parte del programa de movilidad que se realiza en forma coordinada con el gobierno\u00a0 estatal.<\/p>\n<p>La Direcci\u00f3n General de Movilidad Urbana y Vialidad, inform\u00f3 que los operativos continuar\u00e1n implement\u00e1ndose en la zona de manera permanente.<\/p>\n","protected":false},"excerpt":{"rendered":"<p>El gobierno local, a trav\u00e9s de la Direcci\u00f3n General de Movilidad Urbana y Vialidad, en coordinaci\u00f3n con la Secretar\u00eda de Movilidad del Estado de M\u00e9xico y la Direcci\u00f3n General de Seguridad Ciudadana y Tr\u00e1nsito Municipal,  realiz\u00f3 un operativo de reordenamiento vial en la zona de Cuatro Caminos, en el cual se detectaron, notificaron y  retiraron 22 bases irregulares del servicio de transporte p\u00fablico.<\/p>\n","protected":false},"author":3,"featured_media":336079,"comment_status":"open","ping_status":"open","sticky":false,"template":"","format":"standard","meta":{"_monsterinsights_skip_tracking":false,"_monsterinsights_sitenote_active":false,"_monsterinsights_sitenote_note":"","_monsterinsights_sitenote_category":0,"footnotes":""},"categories":[35155],"tags":[4556,43675,970,63185],"class_list":["post-335987","post","type-post","status-publish","format-standard","has-post-thumbnail","hentry","category-estado-de-mexico-estado-de-mexico","tag-cuatro-caminos","tag-estado-de-mexico","tag-naucalpan","tag-reordenamiento"],"_links":{"self":[{"href":"https:\/\/www.diarioimagen.net\/index.php?rest_route=\/wp\/v2\/posts\/335987","targetHints":{"allow":["GET"]}}],"collection":[{"href":"https:\/\/www.diarioimagen.net\/index.php?rest_route=\/wp\/v2\/posts"}],"about":[{"href":"https:\/\/www.diarioimagen.net\/index.php?rest_route=\/wp\/v2\/types\/post"}],"author":[{"embeddable":true,"href":"https:\/\/www.diarioimagen.net\/index.php?rest_route=\/wp\/v2\/users\/3"}],"replies":[{"embeddable":true,"href":"https:\/\/www.diarioimagen.net\/index.php?rest_route=%2Fwp%2Fv2%2Fcomments&post=335987"}],"version-history":[{"count":0,"href":"https:\/\/www.diarioimagen.net\/index.php?rest_route=\/wp\/v2\/posts\/335987\/revisions"}],"wp:featuredmedia":[{"embeddable":true,"href":"https:\/\/www.diarioimagen.net\/index.php?rest_route=\/wp\/v2\/media\/336079"}],"wp:attachment":[{"href":"https:\/\/www.diarioimagen.net\/index.php?rest_route=%2Fwp%2Fv2%2Fmedia&parent=335987"}],"wp:term":[{"taxonomy":"category","embeddable":true,"href":"https:\/\/www.diarioimagen.net\/index.php?rest_route=%2Fwp%2Fv2%2Fcategories&post=335987"},{"taxonomy":"post_tag","embeddable":true,"href":"https:\/\/www.diarioimagen.net\/index.php?rest_route=%2Fwp%2Fv2%2Ftags&post=335987"}],"curies":[{"name":"wp","href":"https:\/\/api.w.org\/{rel}","templated":true}]}}