{"id":335989,"date":"2017-07-20T00:04:41","date_gmt":"2017-07-20T05:04:41","guid":{"rendered":"http:\/\/www.diarioimagen.net\/?p=335989"},"modified":"2017-07-20T03:13:10","modified_gmt":"2017-07-20T08:13:10","slug":"se-logra-con-exito-plantacion-de-171-palmeras-en-avenidas-de-tultepec","status":"publish","type":"post","link":"https:\/\/www.diarioimagen.net\/?p=335989","title":{"rendered":"Se logra con \u00e9xito plantaci\u00f3n de 171 palmeras en avenidas de Tultepec"},"content":{"rendered":"<ul>\n<li><strong><em>A cuatro meses de haber sido sembradas<\/em><\/strong><\/li>\n<\/ul>\n<p>&nbsp;<\/p>\n<div id=\"attachment_336082\" style=\"width: 270px\" class=\"wp-caption alignleft\"><a href=\"http:\/\/www.diarioimagen.net\/?attachment_id=336082\" rel=\"attachment wp-att-336082\"><img loading=\"lazy\" decoding=\"async\" aria-describedby=\"caption-attachment-336082\" class=\" wp-image-336082\" src=\"http:\/\/www.diarioimagen.net\/wp-content\/uploads\/2017\/07\/tultepec-3167-345x460.jpg\" alt=\"\" width=\"260\" height=\"347\" srcset=\"https:\/\/www.diarioimagen.net\/wp-content\/uploads\/2017\/07\/tultepec-3167-345x460.jpg 345w, https:\/\/www.diarioimagen.net\/wp-content\/uploads\/2017\/07\/tultepec-3167-180x240.jpg 180w, https:\/\/www.diarioimagen.net\/wp-content\/uploads\/2017\/07\/tultepec-3167.jpg 525w\" sizes=\"auto, (max-width: 260px) 100vw, 260px\" \/><\/a><p id=\"caption-attachment-336082\" class=\"wp-caption-text\">Mario Torres Rold\u00e1n refiri\u00f3 que como casi todas las plantas, las palmeras\u00a0Washingtonias\u00a0generalmente necesitan sol para subsistir y un poco de agua.<\/p><\/div>\n<p><strong>Tultepec, Estado de M\u00e9xico<\/strong>.- Como parte del embellecimiento de la imagen urbana en todo el municipio, el gobierno municipal, que preside Armando Portuguez Fuentes, a trav\u00e9s de la Direcci\u00f3n de Ecolog\u00eda y Salud P\u00fablic y la Jefatura de Imagen Urbana; plantaron en marzo pasado, 171 palmeras\u00a0Washingtonias\u00a0de aproximadamente 8 metros de altura en importantes camellones y avenidas de Tultepec.<\/p>\n<p>\u201cSe trata de un tipo de palmera de gran tama\u00f1o y r\u00e1pido crecimiento que tiene grandes y brillantes hojas verdes en forma de abanico, as\u00ed como un tronco alargado con base ensanchada\u201d, explic\u00f3 Mario Torres Rold\u00e1n, director de Ecolog\u00eda y Salud P\u00fablica.<\/p>\n<p>Los ejemplares procedentes del estado de Nuevo Le\u00f3n, fueron sembrados con el apoyo de una gr\u00faa por personal de la Jefatura de Imagen Urbana el mes de marzo pasado, sobre las avenidas Joaqu\u00edn Montenegro y Toluca, desde la glorieta del monumento a los filarm\u00f3nicos, hasta la entrada al fraccionamiento Paseos II y el Libramiento 2 de Marzo.<\/p>\n<p>A m\u00e1s de cuatro meses de haber sido plantadas con \u00e9xito, florecen las 171 palmeras que ahora est\u00e1n siendo podadas por personal de las \u00e1reas de Ecolog\u00eda y Salud P\u00fablica e Imagen Urbana, retirando las ramas secas para evitar que \u00e9stas se desprendan y pudieran causar alg\u00fan accidente, dando mejor vista a las avenidas donde se encuentran.<\/p>\n<p>El funcionario explic\u00f3 que las palmeras\u00a0Washingtonias, regularmente encuentran las condiciones ideales para su crecimiento en los litorales e interiores de climas suaves, \u201csin embargo, muestran significativa resistencia en zonas fr\u00edas pudiendo soportar heladas de hasta 10 grados bajo cero aproximadamente\u201d.<\/p>\n<p>Mario Torres Rold\u00e1n refiri\u00f3 que como casi todas las plantas, las palmeras\u00a0Washingtonias\u00a0generalmente necesitan sol para subsistir y un poca de agua, por lo que en terrenos pobres de humedad crecen sin mayor impedimento.<\/p>\n<p>Por otro lado, este tipo de planta tambi\u00e9n puede soportar precipitaciones abundantes, de tal forma que, por las caracter\u00edsticas descritas, las palmeras\u00a0Washingtonias\u00a0son el ejemplar perfecto para ser trasplantadas, dada su resistencia, incluso a ra\u00edz desnuda.<\/p>\n<p><span style=\"border-top-left-radius: 2px; border-top-right-radius: 2px; border-bottom-right-radius: 2px; border-bottom-left-radius: 2px; text-indent: 20px; width: auto; padding: 0px 4px 0px 0px; text-align: center; font-style: normal; font-variant-caps: normal; font-weight: bold; font-size: 11px; line-height: 20px; font-family: 'Helvetica Neue', Helvetica, sans-serif; color: #ffffff; background-image: url(data:image\/svg+xml; base64,phn2zyb4bwxucz0iahr0cdovl3d3dy53my5vcmcvmjawmc9zdmciighlawdodd0imzbwecigd2lkdgg9ijmwchgiihzpzxdcb3g9ii0xic0xidmxidmxij48zz48cgf0acbkpsjnmjkundq5lde0ljy2mibdmjkundq5ldiyljcymiaymi44njgsmjkumju2ide0ljc1ldi5lji1nibdni42mzismjkumju2idaumduxldiyljcymiawlja1mswxnc42njigqzaumduxldyunjaxidyunjmyldaumdy3ide0ljc1ldaumdy3iemymi44njgsmc4wnjcgmjkundq5ldyunjaxidi5ljq0oswxnc42njiiigzpbgw9iinmzmyiihn0cm9rzt0ii2zmziigc3ryb2tllxdpzhropsixij48l3bhdgg+phbhdgggzd0itte0ljczmywxljy4nibdny41mtysms42odygms42njusny40otugms42njusmtqunjyyiemxljy2nswymc4xntkgns4xmdksmjquodu0idkuotcsmjyunzq0iem5ljg1niwyns43mtggos43ntmsmjqumtqzidewljaxniwymy4wmjigqzewlji1mywymi4wmsaxms41ndgsmtyuntcyidexlju0ocwxni41nzigqzexlju0ocwxni41nzigmteumtu3lde1ljc5nsaxms4xntcsmtqunjq2iemxms4xntcsmtiuodqyideyljixmswxms40otugmtmuntiyldexljq5nsbdmtqunjm3ldexljq5nsaxns4xnzusmtiumzi2ide1lje3nswxmy4zmjmgqze1lje3nswxnc40mzygmtqundyylde2ljegmtqumdkzlde3ljy0mybdmtmunzg1lde4ljkznsaxnc43ndusmtkuotg4ide2ljayocwxos45odggqze4ljm1mswxos45odggmjaumtm2lde3lju1niaymc4xmzysmtqumdq2iemymc4xmzysmtauotm5ide3ljg4ocw4ljc2nyaxnc42nzgsoc43njcgqzewljk1osw4ljc2nya4ljc3nywxms41mzygoc43nzcsmtqumzk4iem4ljc3nywxns41mtmgos4ymswxni43mdkgos43ndksmtcumzu5iem5ljg1niwxny40odggos44nzismtcunia5ljg0lde3ljczmsbdos43ndesmtgumtqxidkuntismtkumdizidkundc3lde5ljiwmybdos40miwxos40nca5lji4ocwxos40otegos4wncwxos4znzygqzcunda4lde4ljyymia2ljm4nywxni4yntigni4zodcsmtqumzq5iem2ljm4nywxmc4yntygos4zodmsni40otcgmtuumdiyldyundk3iemxos41ntusni40otcgmjmumdc4ldkunza1idizlja3ocwxmy45otegqzizlja3ocwxoc40njmgmjaumjm5ldiylja2miaxni4yotcsmjiumdyyiemxnc45nzmsmjiumdyyidezljcyocwyms4znzkgmtmumzayldiwlju3mibdmtmumzayldiwlju3miaxmi42ndcsmjmumdugmtiundg4ldizljy1nybdmtiumtkzldi0ljc4ncaxms4zotysmjyumtk2idewljg2mywyny4wntggqzeylja4niwyny40mzqgmtmumzg2ldi3ljyznyaxnc43mzmsmjcunjm3iemyms45nswyny42mzcgmjcuodaxldixljgyocayny44mdesmtqunjyyiemyny44mdesny40otugmjeuotusms42odygmtqunzmzldeunjg2iibmawxspsijymqwodfjij48l3bhdgg+pc9npjwvc3znpg==); background-color: #bd081c; background-size: 14px; position: absolute; opacity: 1; z-index: 8675309; display: none; cursor: pointer; border: none; -webkit-font-smoothing: antialiased; background-position: 3px 50%; background-repeat: no-repeat no-repeat;\">Guardar<\/span><span style=\"border-top-left-radius: 2px; border-top-right-radius: 2px; border-bottom-right-radius: 2px; border-bottom-left-radius: 2px; text-indent: 20px; width: auto; padding: 0px 4px 0px 0px; text-align: center; font-style: normal; font-variant-caps: normal; font-weight: bold; font-size: 11px; line-height: 20px; font-family: 'Helvetica Neue', Helvetica, sans-serif; color: #ffffff; background-image: url(data:image\/svg+xml; base64,phn2zyb4bwxucz0iahr0cdovl3d3dy53my5vcmcvmjawmc9zdmciighlawdodd0imzbwecigd2lkdgg9ijmwchgiihzpzxdcb3g9ii0xic0xidmxidmxij48zz48cgf0acbkpsjnmjkundq5lde0ljy2mibdmjkundq5ldiyljcymiaymi44njgsmjkumju2ide0ljc1ldi5lji1nibdni42mzismjkumju2idaumduxldiyljcymiawlja1mswxnc42njigqzaumduxldyunjaxidyunjmyldaumdy3ide0ljc1ldaumdy3iemymi44njgsmc4wnjcgmjkundq5ldyunjaxidi5ljq0oswxnc42njiiigzpbgw9iinmzmyiihn0cm9rzt0ii2zmziigc3ryb2tllxdpzhropsixij48l3bhdgg+phbhdgggzd0itte0ljczmywxljy4nibdny41mtysms42odygms42njusny40otugms42njusmtqunjyyiemxljy2nswymc4xntkgns4xmdksmjquodu0idkuotcsmjyunzq0iem5ljg1niwyns43mtggos43ntmsmjqumtqzidewljaxniwymy4wmjigqzewlji1mywymi4wmsaxms41ndgsmtyuntcyidexlju0ocwxni41nzigqzexlju0ocwxni41nzigmteumtu3lde1ljc5nsaxms4xntcsmtqunjq2iemxms4xntcsmtiuodqyideyljixmswxms40otugmtmuntiyldexljq5nsbdmtqunjm3ldexljq5nsaxns4xnzusmtiumzi2ide1lje3nswxmy4zmjmgqze1lje3nswxnc40mzygmtqundyylde2ljegmtqumdkzlde3ljy0mybdmtmunzg1lde4ljkznsaxnc43ndusmtkuotg4ide2ljayocwxos45odggqze4ljm1mswxos45odggmjaumtm2lde3lju1niaymc4xmzysmtqumdq2iemymc4xmzysmtauotm5ide3ljg4ocw4ljc2nyaxnc42nzgsoc43njcgqzewljk1osw4ljc2nya4ljc3nywxms41mzygoc43nzcsmtqumzk4iem4ljc3nywxns41mtmgos4ymswxni43mdkgos43ndksmtcumzu5iem5ljg1niwxny40odggos44nzismtcunia5ljg0lde3ljczmsbdos43ndesmtgumtqxidkuntismtkumdizidkundc3lde5ljiwmybdos40miwxos40nca5lji4ocwxos40otegos4wncwxos4znzygqzcunda4lde4ljyymia2ljm4nywxni4yntigni4zodcsmtqumzq5iem2ljm4nywxmc4yntygos4zodmsni40otcgmtuumdiyldyundk3iemxos41ntusni40otcgmjmumdc4ldkunza1idizlja3ocwxmy45otegqzizlja3ocwxoc40njmgmjaumjm5ldiylja2miaxni4yotcsmjiumdyyiemxnc45nzmsmjiumdyyidezljcyocwyms4znzkgmtmumzayldiwlju3mibdmtmumzayldiwlju3miaxmi42ndcsmjmumdugmtiundg4ldizljy1nybdmtiumtkzldi0ljc4ncaxms4zotysmjyumtk2idewljg2mywyny4wntggqzeylja4niwyny40mzqgmtmumzg2ldi3ljyznyaxnc43mzmsmjcunjm3iemyms45nswyny42mzcgmjcuodaxldixljgyocayny44mdesmtqunjyyiemyny44mdesny40otugmjeuotusms42odygmtqunzmzldeunjg2iibmawxspsijymqwodfjij48l3bhdgg+pc9npjwvc3znpg==); background-color: #bd081c; background-size: 14px; position: absolute; opacity: 1; z-index: 8675309; display: none; cursor: pointer; border: none; -webkit-font-smoothing: antialiased; background-position: 3px 50%; background-repeat: no-repeat no-repeat;\">Guardar<\/span><\/p>\n","protected":false},"excerpt":{"rendered":"<p>Como parte del embellecimiento de la imagen urbana en todo el municipio, el gobierno municipal, que preside Armando Portuguez Fuentes, a trav\u00e9s de la Direcci\u00f3n de Ecolog\u00eda y Salud P\u00fablic y la Jefatura de Imagen Urbana; plantaron en marzo pasado, 171 palmeras Washingtonias de aproximadamente 8 metros de altura en importantes camellones y avenidas de Tultepec.<\/p>\n","protected":false},"author":3,"featured_media":336083,"comment_status":"open","ping_status":"open","sticky":false,"template":"","format":"standard","meta":{"_monsterinsights_skip_tracking":false,"_monsterinsights_sitenote_active":false,"_monsterinsights_sitenote_note":"","_monsterinsights_sitenote_category":0,"footnotes":""},"categories":[35155],"tags":[43675,63186,63187,3802],"class_list":["post-335989","post","type-post","status-publish","format-standard","has-post-thumbnail","hentry","category-estado-de-mexico-estado-de-mexico","tag-estado-de-mexico","tag-palmeras","tag-plantacion","tag-tultepec"],"_links":{"self":[{"href":"https:\/\/www.diarioimagen.net\/index.php?rest_route=\/wp\/v2\/posts\/335989","targetHints":{"allow":["GET"]}}],"collection":[{"href":"https:\/\/www.diarioimagen.net\/index.php?rest_route=\/wp\/v2\/posts"}],"about":[{"href":"https:\/\/www.diarioimagen.net\/index.php?rest_route=\/wp\/v2\/types\/post"}],"author":[{"embeddable":true,"href":"https:\/\/www.diarioimagen.net\/index.php?rest_route=\/wp\/v2\/users\/3"}],"replies":[{"embeddable":true,"href":"https:\/\/www.diarioimagen.net\/index.php?rest_route=%2Fwp%2Fv2%2Fcomments&post=335989"}],"version-history":[{"count":0,"href":"https:\/\/www.diarioimagen.net\/index.php?rest_route=\/wp\/v2\/posts\/335989\/revisions"}],"wp:featuredmedia":[{"embeddable":true,"href":"https:\/\/www.diarioimagen.net\/index.php?rest_route=\/wp\/v2\/media\/336083"}],"wp:attachment":[{"href":"https:\/\/www.diarioimagen.net\/index.php?rest_route=%2Fwp%2Fv2%2Fmedia&parent=335989"}],"wp:term":[{"taxonomy":"category","embeddable":true,"href":"https:\/\/www.diarioimagen.net\/index.php?rest_route=%2Fwp%2Fv2%2Fcategories&post=335989"},{"taxonomy":"post_tag","embeddable":true,"href":"https:\/\/www.diarioimagen.net\/index.php?rest_route=%2Fwp%2Fv2%2Ftags&post=335989"}],"curies":[{"name":"wp","href":"https:\/\/api.w.org\/{rel}","templated":true}]}}