{"id":335993,"date":"2017-07-20T00:02:42","date_gmt":"2017-07-20T05:02:42","guid":{"rendered":"http:\/\/www.diarioimagen.net\/?p=335993"},"modified":"2017-07-20T03:32:43","modified_gmt":"2017-07-20T08:32:43","slug":"participan-vecinos-de-metepec-en-reuniones-de-seguridad-publica","status":"publish","type":"post","link":"https:\/\/www.diarioimagen.net\/?p=335993","title":{"rendered":"Participan vecinos de Metepec en reuniones de seguridad p\u00fablica"},"content":{"rendered":"<ul>\n<li><strong><em>Aportan soluciones para inhibir delitos<\/em><\/strong><\/li>\n<\/ul>\n<p>&nbsp;<\/p>\n<div id=\"attachment_336101\" style=\"width: 470px\" class=\"wp-caption aligncenter\"><a href=\"http:\/\/www.diarioimagen.net\/?attachment_id=336101\" rel=\"attachment wp-att-336101\"><img loading=\"lazy\" decoding=\"async\" aria-describedby=\"caption-attachment-336101\" class=\"size-large wp-image-336101\" src=\"http:\/\/www.diarioimagen.net\/wp-content\/uploads\/2017\/07\/METEPEC-3167-460x259.jpg\" alt=\"\" width=\"460\" height=\"259\" srcset=\"https:\/\/www.diarioimagen.net\/wp-content\/uploads\/2017\/07\/METEPEC-3167-460x259.jpg 460w, https:\/\/www.diarioimagen.net\/wp-content\/uploads\/2017\/07\/METEPEC-3167-240x135.jpg 240w, https:\/\/www.diarioimagen.net\/wp-content\/uploads\/2017\/07\/METEPEC-3167-235x132.jpg 235w, https:\/\/www.diarioimagen.net\/wp-content\/uploads\/2017\/07\/METEPEC-3167-202x114.jpg 202w, https:\/\/www.diarioimagen.net\/wp-content\/uploads\/2017\/07\/METEPEC-3167-350x196.jpg 350w, https:\/\/www.diarioimagen.net\/wp-content\/uploads\/2017\/07\/METEPEC-3167-220x123.jpg 220w, https:\/\/www.diarioimagen.net\/wp-content\/uploads\/2017\/07\/METEPEC-3167-237x132.jpg 237w, https:\/\/www.diarioimagen.net\/wp-content\/uploads\/2017\/07\/METEPEC-3167.jpg 480w\" sizes=\"auto, (max-width: 460px) 100vw, 460px\" \/><\/a><p id=\"caption-attachment-336101\" class=\"wp-caption-text\">En el fraccionamiento Fuentes de San Gabriel, el alcalde David L\u00f3pez reconoci\u00f3 participaci\u00f3n ciudadana.<\/p><\/div>\n<p>&nbsp;<\/p>\n<p><strong>Metepec, Estado de M\u00e9xico<\/strong>.-\u00a0La permanente participaci\u00f3n directa de vecinos de Metepec en el Consejo Municipal de Seguridad P\u00fablica, ha sido factor para que las autoridades inhiban la incidencia delictiva a trav\u00e9s de operativos focalizados.<\/p>\n<p>Como ya es una constante, el gobierno de David L\u00f3pez C\u00e1rdenas involucra a los habitantes, haci\u00e9ndolos part\u00edcipes de las acciones del ayuntamiento que favorezcan el entorno social y el desarrollo de la comunidad.<\/p>\n<p>Durante la novena sesi\u00f3n ordinaria del Consejo de Seguridad P\u00fablica Municipal celebrada en esta ocasi\u00f3n en el fraccionamiento Fuentes de San Gabriel, el alcalde David L\u00f3pez reconoci\u00f3 la valiosa participaci\u00f3n ciudadana en las reuniones, toda vez que la denuncia p\u00fablica ha sido determinante para prevenir delitos y desde luego dijo, \u201cpara poder actuar oportunamente donde se tiene registro de \u00e9stos\u201d.<\/p>\n<p>De acuerdo al edil, a pesar que se tiene un mapa referenciado de los hechos delictivos que tienen incidencia particular en diferentes localidades, la voz de la gente, de los habitantes, permite que la polic\u00eda tenga informaci\u00f3n precisa de hechos y en consecuencia, realice su tarea con mayor efectividad, \u201cnadie mejor conoce lo que ocurre en la calle que la persona que tiene su domicilio en ella\u201d.<\/p>\n<p>En lo que va del presente a\u00f1o, en Metepec la incidencia delictiva en varios rubros ha ido disminuyendo considerablemente cada mes, sin embargo, para las autoridades municipales, la estad\u00edstica obliga a fortalecer la aplicaci\u00f3n de estrategias para erradicar todo hecho delictivo.<\/p>\n<p>En su oportunidad, el director de Seguridad P\u00fablica y Tr\u00e1nsito Municipal, Jes\u00fas Alberto Ram\u00edrez Manzur, recalc\u00f3 que el tema involucra a toda la sociedad, pues es imposible destinar personal en cada esquina o afuera de cada escuela o instituci\u00f3n bancaria, por ello, es de gran relevancia la denuncia ciudadana y la colaboraci\u00f3n plena iniciando desde la protecci\u00f3n personal, por ejemplo, dijo, siguiendo recomendaciones para asistir a cajeros autom\u00e1ticos, vigilar casas de vecinos, colocar accesorios de protecci\u00f3n a los autom\u00f3viles, entre otras acciones.<\/p>\n<p>El Consejo Municipal de Seguridad P\u00fablica de Metepec, sesiona peri\u00f3dicamente de forma aleatoria en distintas colonias, en la que participa adem\u00e1s de las autoridades locales, la Comisi\u00f3n Estatal de Seguridad Ciudadana (CES), la gendarmer\u00eda de la Polic\u00eda Federal, la zona militar, delegados municipales y vecinos del lugar sede de la reuni\u00f3n.<\/p>\n","protected":false},"excerpt":{"rendered":"<p>La permanente participaci\u00f3n directa de vecinos de Metepec en el Consejo Municipal de Seguridad P\u00fablica, ha sido factor para que las autoridades inhiban la incidencia delictiva a trav\u00e9s de operativos focalizados. <\/p>\n","protected":false},"author":3,"featured_media":336101,"comment_status":"open","ping_status":"open","sticky":false,"template":"","format":"standard","meta":{"_monsterinsights_skip_tracking":false,"_monsterinsights_sitenote_active":false,"_monsterinsights_sitenote_note":"","_monsterinsights_sitenote_category":0,"footnotes":""},"categories":[35155],"tags":[43675,876,63189,1088,26362],"class_list":["post-335993","post","type-post","status-publish","format-standard","has-post-thumbnail","hentry","category-estado-de-mexico-estado-de-mexico","tag-estado-de-mexico","tag-metepec","tag-reuniones","tag-seguridad-publica","tag-vecinos"],"_links":{"self":[{"href":"https:\/\/www.diarioimagen.net\/index.php?rest_route=\/wp\/v2\/posts\/335993","targetHints":{"allow":["GET"]}}],"collection":[{"href":"https:\/\/www.diarioimagen.net\/index.php?rest_route=\/wp\/v2\/posts"}],"about":[{"href":"https:\/\/www.diarioimagen.net\/index.php?rest_route=\/wp\/v2\/types\/post"}],"author":[{"embeddable":true,"href":"https:\/\/www.diarioimagen.net\/index.php?rest_route=\/wp\/v2\/users\/3"}],"replies":[{"embeddable":true,"href":"https:\/\/www.diarioimagen.net\/index.php?rest_route=%2Fwp%2Fv2%2Fcomments&post=335993"}],"version-history":[{"count":0,"href":"https:\/\/www.diarioimagen.net\/index.php?rest_route=\/wp\/v2\/posts\/335993\/revisions"}],"wp:featuredmedia":[{"embeddable":true,"href":"https:\/\/www.diarioimagen.net\/index.php?rest_route=\/wp\/v2\/media\/336101"}],"wp:attachment":[{"href":"https:\/\/www.diarioimagen.net\/index.php?rest_route=%2Fwp%2Fv2%2Fmedia&parent=335993"}],"wp:term":[{"taxonomy":"category","embeddable":true,"href":"https:\/\/www.diarioimagen.net\/index.php?rest_route=%2Fwp%2Fv2%2Fcategories&post=335993"},{"taxonomy":"post_tag","embeddable":true,"href":"https:\/\/www.diarioimagen.net\/index.php?rest_route=%2Fwp%2Fv2%2Ftags&post=335993"}],"curies":[{"name":"wp","href":"https:\/\/api.w.org\/{rel}","templated":true}]}}