{"id":335995,"date":"2017-07-20T00:01:59","date_gmt":"2017-07-20T05:01:59","guid":{"rendered":"http:\/\/www.diarioimagen.net\/?p=335995"},"modified":"2017-07-20T03:16:02","modified_gmt":"2017-07-20T08:16:02","slug":"en-ecatepec-atrapan-a-dos-sujetos-que-robaban-autos","status":"publish","type":"post","link":"https:\/\/www.diarioimagen.net\/?p=335995","title":{"rendered":"En Ecatepec atrapan a dos sujetos que robaban autos"},"content":{"rendered":"<ul>\n<li><strong><em>Iban en dos unidades reportadas<\/em><\/strong><\/li>\n<\/ul>\n<p>&nbsp;<\/p>\n<div id=\"attachment_336089\" style=\"width: 470px\" class=\"wp-caption aligncenter\"><a href=\"http:\/\/www.diarioimagen.net\/?attachment_id=336089\" rel=\"attachment wp-att-336089\"><img loading=\"lazy\" decoding=\"async\" aria-describedby=\"caption-attachment-336089\" class=\"size-large wp-image-336089\" src=\"http:\/\/www.diarioimagen.net\/wp-content\/uploads\/2017\/07\/ECATEPEC-3167-460x259.jpg\" alt=\"\" width=\"460\" height=\"259\" srcset=\"https:\/\/www.diarioimagen.net\/wp-content\/uploads\/2017\/07\/ECATEPEC-3167-460x259.jpg 460w, https:\/\/www.diarioimagen.net\/wp-content\/uploads\/2017\/07\/ECATEPEC-3167-240x135.jpg 240w, https:\/\/www.diarioimagen.net\/wp-content\/uploads\/2017\/07\/ECATEPEC-3167-235x132.jpg 235w, https:\/\/www.diarioimagen.net\/wp-content\/uploads\/2017\/07\/ECATEPEC-3167-202x114.jpg 202w, https:\/\/www.diarioimagen.net\/wp-content\/uploads\/2017\/07\/ECATEPEC-3167-350x196.jpg 350w, https:\/\/www.diarioimagen.net\/wp-content\/uploads\/2017\/07\/ECATEPEC-3167-220x123.jpg 220w, https:\/\/www.diarioimagen.net\/wp-content\/uploads\/2017\/07\/ECATEPEC-3167-237x132.jpg 237w, https:\/\/www.diarioimagen.net\/wp-content\/uploads\/2017\/07\/ECATEPEC-3167.jpg 480w\" sizes=\"auto, (max-width: 460px) 100vw, 460px\" \/><\/a><p id=\"caption-attachment-336089\" class=\"wp-caption-text\">Los detenidos dijeron llamarse Iv\u00e1n Cervantes Fuentes, de 26 a\u00f1os y Francisco Hern\u00e1ndez, de 57.<\/p><\/div>\n<p>&nbsp;<\/p>\n<p><strong>Ecatepec, Estado de M\u00e9xico<\/strong>.- Durante recorrido de seguridad y vigilancia por la colonia Geo Villas de Terranova, elementos de la polic\u00eda preventiva detuvieron dos sujetos que en igual n\u00famero de veh\u00edculos con reporte de robo viajaban, inform\u00f3 el comisario Arturo Centeno Cano.<\/p>\n<p>Fue precisamente, sobre la Avenida Central, de la colonia antes citada, cuando la polic\u00eda preventiva de Ecatepec, al hacer su recorrido de rutina, detectaron\u00a0 dos autos con reporte robo, mismos que eran guiados con exceso de velocidad.<\/p>\n<p>Los uniformados orquestaronun\u00a0 operativo y logran dar alcance a los dos autos con reporte de robo, asegurando a sus respectivos conductores, que dijeron llamarse Iv\u00e1n Cervantes Fuentes, de 26 a\u00f1os de edad y Francisco Hern\u00e1ndez, de 57 a\u00f1os, a los cuales se les encontr\u00f3 una pistola escuadra y un filoso cuchillo.<\/p>\n<p>A los sujetos asegurados, luego de hacerles saber el motivo de su detenci\u00f3n, se les traslada ante el Agente del Ministerio P\u00fablico de la Regi\u00f3n, para que ah\u00ed se contin\u00faa con las indagatorias\u00a0 de ley, se\u00f1alo el comisario Centeno Cano.<\/p>\n","protected":false},"excerpt":{"rendered":"<p>Durante recorrido de seguridad y vigilancia por la colonia Geo Villas de Terranova, elementos de la polic\u00eda preventiva detuvieron dos sujetos que en igual n\u00famero de veh\u00edculos con reporte de robo viajaban, inform\u00f3 el comisario Arturo Centeno Cano.<\/p>\n","protected":false},"author":3,"featured_media":336089,"comment_status":"open","ping_status":"open","sticky":false,"template":"","format":"standard","meta":{"_monsterinsights_skip_tracking":false,"_monsterinsights_sitenote_active":false,"_monsterinsights_sitenote_note":"","_monsterinsights_sitenote_category":0,"footnotes":""},"categories":[35155],"tags":[5249,454,43675,63190,63191],"class_list":["post-335995","post","type-post","status-publish","format-standard","has-post-thumbnail","hentry","category-estado-de-mexico-estado-de-mexico","tag-autos","tag-ecatepec","tag-estado-de-mexico","tag-roban","tag-sujetos"],"_links":{"self":[{"href":"https:\/\/www.diarioimagen.net\/index.php?rest_route=\/wp\/v2\/posts\/335995","targetHints":{"allow":["GET"]}}],"collection":[{"href":"https:\/\/www.diarioimagen.net\/index.php?rest_route=\/wp\/v2\/posts"}],"about":[{"href":"https:\/\/www.diarioimagen.net\/index.php?rest_route=\/wp\/v2\/types\/post"}],"author":[{"embeddable":true,"href":"https:\/\/www.diarioimagen.net\/index.php?rest_route=\/wp\/v2\/users\/3"}],"replies":[{"embeddable":true,"href":"https:\/\/www.diarioimagen.net\/index.php?rest_route=%2Fwp%2Fv2%2Fcomments&post=335995"}],"version-history":[{"count":0,"href":"https:\/\/www.diarioimagen.net\/index.php?rest_route=\/wp\/v2\/posts\/335995\/revisions"}],"wp:featuredmedia":[{"embeddable":true,"href":"https:\/\/www.diarioimagen.net\/index.php?rest_route=\/wp\/v2\/media\/336089"}],"wp:attachment":[{"href":"https:\/\/www.diarioimagen.net\/index.php?rest_route=%2Fwp%2Fv2%2Fmedia&parent=335995"}],"wp:term":[{"taxonomy":"category","embeddable":true,"href":"https:\/\/www.diarioimagen.net\/index.php?rest_route=%2Fwp%2Fv2%2Fcategories&post=335995"},{"taxonomy":"post_tag","embeddable":true,"href":"https:\/\/www.diarioimagen.net\/index.php?rest_route=%2Fwp%2Fv2%2Ftags&post=335995"}],"curies":[{"name":"wp","href":"https:\/\/api.w.org\/{rel}","templated":true}]}}