{"id":336056,"date":"2017-07-20T00:09:25","date_gmt":"2017-07-20T05:09:25","guid":{"rendered":"http:\/\/www.diarioimagen.net\/?p=336056"},"modified":"2017-07-20T04:08:01","modified_gmt":"2017-07-20T09:08:01","slug":"la-salud-de-los-delincuentes","status":"publish","type":"post","link":"https:\/\/www.diarioimagen.net\/?p=336056","title":{"rendered":"La salud de los delincuentes"},"content":{"rendered":"<h2>Punto por punto<\/h2>\n<h5>Augusto Corro<\/h5>\n<p>&nbsp;<\/p>\n<div id=\"attachment_336128\" style=\"width: 470px\" class=\"wp-caption aligncenter\"><a href=\"http:\/\/www.diarioimagen.net\/?attachment_id=336128\" rel=\"attachment wp-att-336128\"><img loading=\"lazy\" decoding=\"async\" aria-describedby=\"caption-attachment-336128\" class=\"size-large wp-image-336128\" src=\"http:\/\/www.diarioimagen.net\/wp-content\/uploads\/2017\/07\/ACEFALA-jose-lus-3167-460x310.jpg\" alt=\"\" width=\"460\" height=\"310\" srcset=\"https:\/\/www.diarioimagen.net\/wp-content\/uploads\/2017\/07\/ACEFALA-jose-lus-3167-460x310.jpg 460w, https:\/\/www.diarioimagen.net\/wp-content\/uploads\/2017\/07\/ACEFALA-jose-lus-3167-240x162.jpg 240w, https:\/\/www.diarioimagen.net\/wp-content\/uploads\/2017\/07\/ACEFALA-jose-lus-3167-768x518.jpg 768w, https:\/\/www.diarioimagen.net\/wp-content\/uploads\/2017\/07\/ACEFALA-jose-lus-3167.jpg 1200w\" sizes=\"auto, (max-width: 460px) 100vw, 460px\" \/><\/a><p id=\"caption-attachment-336128\" class=\"wp-caption-text\">Ac\u00e9fala&#8230; | Jos\u00e9 Luis<\/p><\/div>\n<p>&nbsp;<\/p>\n<p>Los delincuentes pagan su maldad, por separado. Sus acciones los llevan al autocastigo, a problemas de salud derivados de la privaci\u00f3n de la libertad y de remordimientos de conciencia. Eso creo.<\/p>\n<p>El asunto es que los enemigos de la sociedad m\u00e1s renombrados en los \u00faltimos tiempos en M\u00e9xico, padecen enfermedades que los tienen con enfermedades como la angustia, la ansiedad y la depresi\u00f3n.<\/p>\n<p>Tal es el caso del ex gobernador, Javier Duarte de Ochoa, quien\u00a0 toma medicamentos desde hace cinco a\u00f1os, por un problema de hipertensi\u00f3n y desde hace ocho a\u00f1os tiene un tratamiento para controlar h\u00edgado graso.<\/p>\n<p>Tambi\u00e9n se controla la depresi\u00f3n con pastillas e ingiere gotas para atacar la ansiedad.<\/p>\n<p>A pesar de encontrarse tocado en su salud, el ex mandatario no hizo el intento de solucionar los conflictos que lo agobiaban y que lo llevaron a coleccionar los males que lo aquejan. Siempre estuvo y est\u00e1 en el ojo de la tormenta. As\u00ed, no habr\u00e1 medicamento alguno que lo cure.<\/p>\n<p>Otro de los criminales famosos con padecimientos cr\u00f3nicos es el capo Joaqu\u00edn Guzm\u00e1n Loera \u201cEl Chapo\u201d.<\/p>\n<p>El l\u00edder o ex l\u00edder del C\u00e1rtel de Sinaloa tiene diabetes e hipertensi\u00f3n. Los excesos, el alcohol y las fiestas minaron la salud del narcotraficante. En otras ocasiones fue atendido por problemas cardiacos.<\/p>\n<p>La ansiedad, la angustia y la depresi\u00f3n se derivan de la inestabilidad emocional de la persona. Por supuesto, los delincuentes no alcanzan a medir el tama\u00f1o de sus delitos. Ignoran las leyes que nos obligan a una convivencia sana, a evitar injusticias, abusos, etc.<\/p>\n<p>Los desajustes mentales de los criminales los conducen a practicar el mal. Las consecuencias se encuentran a la vista: c\u00e1rcel por muchos a\u00f1os. La conciencia, ese \u201calgo\u201d intangible, \u00bfjugar\u00e1 un papel determinante en la salud de los delincuentes? \u00bfEs posible? \u00bfCu\u00e1l es su opini\u00f3n?<\/p>\n<p>Sirve de algo\u00a0 la acumulaci\u00f3n de miles de millones de pesos mal habidos, si tiene que pagar por ello un precio muy elevado, como es el da\u00f1o a la salud. \u00bfVale la pena sufrir a\u00f1os de prisi\u00f3n, alejados de su familia, por la ambici\u00f3n desmedida de la riqueza? \u00bfCu\u00e1l es su respuesta?<\/p>\n<p style=\"text-align: center;\"><strong>DUARTE Y LOS PERIODISTAS ASESINADOS<\/strong><\/p>\n<p>Durante el mandato del gobernador Javier Duarte de Ochoa fueron asesinados 18 periodistas en Veracruz.<\/p>\n<p>Los familiares de las v\u00edctimas exigieron a las autoridades que investiguen al ex mandatario por la muerte de los reporteros.<\/p>\n<p>Los asesinatos se registraron en el sexenio de Duarte de Ochoa, as\u00ed como la desaparici\u00f3n de tres colegas.<\/p>\n<p>En una carta difundida el martes, la Red Veracruzana de Periodistas denunci\u00f3 que ni la Procuradur\u00eda General de la Rep\u00fablica (PGR), ni la Fiscal\u00eda de Veracruz, presentaron cargos relacionados con las muertes de los reporteros.<\/p>\n<p>Dijo la Red citada que tampoco fueron se\u00f1aladas las numerosas agresiones contra la prensa. El tema fue ignorado.<\/p>\n<p>Los comunicadores desaparecidos: Sergio Landa Rosado, de Cardel; Miguel Morales Estrada, de Poza Rica, y Gabriel Fonseca, de Acayucan.<\/p>\n<p>Los reporteros asesinados: Yolanda Ordaz, Gabriel Huge, Misael Solana, Milo Vela, Guillermo Varela y Esteban Rodr\u00edguez, Regina Mart\u00ednez, V\u00edctor B\u00e1ez, Armando Salda\u00f1a, Pedro Tamayo, Gregorio Mart\u00ednez, Manuel Torres, Juan Mendoza y Mois\u00e9s S\u00e1nchez, Anabel Flores, Juan Santos Carrera y Noel L\u00f3pez.<\/p>\n<p>Los criminales nunca fueron detenidos. Las investigaciones poco a poco se archivaron. Veracruz se convirti\u00f3 en una regi\u00f3n peligrosa para el ejercicio del periodismo, seg\u00fan Art\u00edculo 19 y Reporteros Sin Fronteras.<\/p>\n<p>La citada Red Veracruzana dijo estar convencida de que Duarte de Ochoa, as\u00ed como sus colaboradores, tienen que ser investigados, \u201cpues tuvieron un alto grado de responsabilidad en los cr\u00edmenes mencionados, tanto por acci\u00f3n como por omisi\u00f3n\u201d.<\/p>\n<p style=\"text-align: center;\"><strong>EXTRADICIONES PENDIENTES<\/strong><\/p>\n<p>El ex gobernador de Tamaulipas, Tom\u00e1s Yarrington, con un expediente de narcotraficante, no quiere dejar Italia.<\/p>\n<p>Las autoridades de Florencia analizan su expediente para decidir su extradici\u00f3n. En septiembre se sabr\u00e1 que le espera al ex mandatario.<\/p>\n<p>Yarrington fue gobernador de Tamaulipas y es acusado, seg\u00fan las autoridades, \u201cde facilitar a los c\u00e1rteles del Golfo y de <em>Los Zetas<\/em> el transporte de drogas hacia Estados Unidos\u201d. Ten\u00eda una orden de captura desde 2012. Fue detenido en Florencia el pasado 9 de abril.<\/p>\n<p>Otro que se encuentra en calidad de extradici\u00f3n, es el ex gobernador de Quintana Roo, Roberto Borge, quien se encuentra en una c\u00e1rcel paname\u00f1a.<\/p>\n<p>El ex funcionario fue detenido el 5 de junio antes de abordar un avi\u00f3n que lo llevar\u00eda a Par\u00eds, Francia.<\/p>\n<p>Un juez liber\u00f3 una orden de aprehensi\u00f3n en contra del ex gobernador quintanarroense y de otras cuatro personas, por la compra de terrenos que eran propiedad del estado, a precios de ganga, a trav\u00e9s de prestanombres.<\/p>\n<p><em><a href=\"mailto:aco2742@hotmail.com\" target=\"_blank\" rel=\"noopener noreferrer\">aco2742@hotmail.com<\/a><\/em><\/p>\n","protected":false},"excerpt":{"rendered":"<p><span style=\"color: #005497;\"><strong>Augusto Corro<\/strong><\/span><br \/>\n<br \/>\nLos delincuentes pagan su maldad, por separado. Sus acciones los llevan al autocastigo, a problemas de salud derivados de la privaci\u00f3n de la libertad y de remordimientos de conciencia. Eso creo.<\/p>\n","protected":false},"author":3,"featured_media":336128,"comment_status":"open","ping_status":"open","sticky":false,"template":"","format":"standard","meta":{"_monsterinsights_skip_tracking":false,"_monsterinsights_sitenote_active":false,"_monsterinsights_sitenote_note":"","_monsterinsights_sitenote_category":0,"footnotes":""},"categories":[157],"tags":[43686,43674,11515],"class_list":["post-336056","post","type-post","status-publish","format-standard","has-post-thumbnail","hentry","category-augusto-corro","tag-augusto-corro","tag-opinion","tag-punto-por-punto"],"_links":{"self":[{"href":"https:\/\/www.diarioimagen.net\/index.php?rest_route=\/wp\/v2\/posts\/336056","targetHints":{"allow":["GET"]}}],"collection":[{"href":"https:\/\/www.diarioimagen.net\/index.php?rest_route=\/wp\/v2\/posts"}],"about":[{"href":"https:\/\/www.diarioimagen.net\/index.php?rest_route=\/wp\/v2\/types\/post"}],"author":[{"embeddable":true,"href":"https:\/\/www.diarioimagen.net\/index.php?rest_route=\/wp\/v2\/users\/3"}],"replies":[{"embeddable":true,"href":"https:\/\/www.diarioimagen.net\/index.php?rest_route=%2Fwp%2Fv2%2Fcomments&post=336056"}],"version-history":[{"count":0,"href":"https:\/\/www.diarioimagen.net\/index.php?rest_route=\/wp\/v2\/posts\/336056\/revisions"}],"wp:featuredmedia":[{"embeddable":true,"href":"https:\/\/www.diarioimagen.net\/index.php?rest_route=\/wp\/v2\/media\/336128"}],"wp:attachment":[{"href":"https:\/\/www.diarioimagen.net\/index.php?rest_route=%2Fwp%2Fv2%2Fmedia&parent=336056"}],"wp:term":[{"taxonomy":"category","embeddable":true,"href":"https:\/\/www.diarioimagen.net\/index.php?rest_route=%2Fwp%2Fv2%2Fcategories&post=336056"},{"taxonomy":"post_tag","embeddable":true,"href":"https:\/\/www.diarioimagen.net\/index.php?rest_route=%2Fwp%2Fv2%2Ftags&post=336056"}],"curies":[{"name":"wp","href":"https:\/\/api.w.org\/{rel}","templated":true}]}}