{"id":336195,"date":"2017-07-21T00:08:15","date_gmt":"2017-07-21T05:08:15","guid":{"rendered":"http:\/\/www.diarioimagen.net\/?p=336195"},"modified":"2017-07-23T22:45:31","modified_gmt":"2017-07-24T03:45:31","slug":"confia-epn-en-que-la-diosa-fortuna-lo-acompane","status":"publish","type":"post","link":"https:\/\/www.diarioimagen.net\/?p=336195","title":{"rendered":"Conf\u00eda EPN en que la <em>diosa fortuna<\/em> lo acompa\u00f1e"},"content":{"rendered":"<ul>\n<li><strong><em>En lo que resta de su administraci\u00f3n<\/em><\/strong><\/li>\n<\/ul>\n<p>&nbsp;<\/p>\n<div id=\"attachment_336263\" style=\"width: 470px\" class=\"wp-caption aligncenter\"><a href=\"http:\/\/www.diarioimagen.net\/?attachment_id=336263\" rel=\"attachment wp-att-336263\"><img loading=\"lazy\" decoding=\"async\" aria-describedby=\"caption-attachment-336263\" class=\"size-large wp-image-336263\" src=\"http:\/\/www.diarioimagen.net\/wp-content\/uploads\/2017\/07\/epn-3168-460x259.jpg\" alt=\"\" width=\"460\" height=\"259\" srcset=\"https:\/\/www.diarioimagen.net\/wp-content\/uploads\/2017\/07\/epn-3168-460x259.jpg 460w, https:\/\/www.diarioimagen.net\/wp-content\/uploads\/2017\/07\/epn-3168-240x135.jpg 240w, https:\/\/www.diarioimagen.net\/wp-content\/uploads\/2017\/07\/epn-3168-235x132.jpg 235w, https:\/\/www.diarioimagen.net\/wp-content\/uploads\/2017\/07\/epn-3168-202x114.jpg 202w, https:\/\/www.diarioimagen.net\/wp-content\/uploads\/2017\/07\/epn-3168-350x196.jpg 350w, https:\/\/www.diarioimagen.net\/wp-content\/uploads\/2017\/07\/epn-3168-220x123.jpg 220w, https:\/\/www.diarioimagen.net\/wp-content\/uploads\/2017\/07\/epn-3168-237x132.jpg 237w, https:\/\/www.diarioimagen.net\/wp-content\/uploads\/2017\/07\/epn-3168.jpg 480w\" sizes=\"auto, (max-width: 460px) 100vw, 460px\" \/><\/a><p id=\"caption-attachment-336263\" class=\"wp-caption-text\">Enrique Pe\u00f1a Nieto inaugur\u00f3 la remodelaci\u00f3n del estadio Nemesio D\u00edez y platic\u00f3 con jugadores y hasta le meti\u00f3 un gol al portero de Los Diablos Rojos, Alfredo Talavera.<\/p><\/div>\n<p>&nbsp;<\/p>\n<p>Como deseo de su cumplea\u00f1os n\u00famero 51, Enrique Pe\u00f1a Nieto espera que la \u00abdiosa fortuna\u00bb lo acompa\u00f1e para cumplir sus metas en los 16 meses que le quedan como Presidente.<\/p>\n<p>Tras inaugurar la remodelaci\u00f3n del estadio Nemesio D\u00edez en la ciudad de Toluca, el mexiquense recorri\u00f3 la cancha, platic\u00f3 con jugadores y hasta le meti\u00f3 un gol al portero de \u201cLos Diablos Rojos\u201d del Toluca, Alfredo Talavera.<\/p>\n<p>Energ\u00eda, vitalidad y, sobre todo, que la \u201cdiosa fortuna\u201d nos acompa\u00f1e para que todo esto que nos hemos propuesto se materialice, pidi\u00f3 como deseo de cumplea\u00f1os.<\/p>\n<p>El Presidente asegur\u00f3 que se siente satisfecho porque el pa\u00eds es diferente, pues ya no son proyectos las grandes reformas, sino que ahora se ven resultados, y puso como ejemplo la reforma educativa, la de telecomunicaciones y la energ\u00e9tica.<\/p>\n<p>Ante el cuestionamiento de si har\u00e1 cambios en su gabinete, afirm\u00f3 que no lo tiene previsto, pero si se presentan las circunstancias, lo har\u00e1.<\/p>\n<p>\u00abNo tengo ni para decir s\u00ed ni para decir no. Siempre es una atribuci\u00f3n del Presidente hacer cambios cuando lo estime pertinente, cuando estime que haya que reforzar alg\u00fan \u00e1rea, pero no lo tengo en este momento considerado, lo que no significa que eventualmente haga alg\u00fan ajuste\u00bb.<\/p>\n<p>Ah\u00ed, a la altura de la media cancha, declar\u00f3 tambi\u00e9n que espera participar en la pr\u00f3xima asamblea del PRI.<\/p>\n<p>Y cuando alguien alcanz\u00f3 a decirle que los pri\u00edstas dicen\u00bbno al dedazo\u00bb, el Presidente revir\u00f3 de inmediato: \u00ablos pri\u00edstas dicen vamos a ganar\u00bb.<\/p>\n<p style=\"text-align: center;\"><strong>Pe\u00f1a Nieto inaugura nuevo <\/strong><strong>estadio \u201cNemesio D\u00edez\u201d <\/strong><\/p>\n<p>El presidente Pe\u00f1a Nieto inaugur\u00f3 ayer el nuevo estadio de futbol \u201cNemesio D\u00edez\u00bb, en la capital mexiquense, donde devel\u00f3 la placa acompa\u00f1ado por el presidente del club de futbol Toluca, Valent\u00edn D\u00edez Morodo.<\/p>\n<p>Con la presencia del secretario de Educaci\u00f3n P\u00fablica, Aurelio Nu\u00f1o; el gobernador de Estado de M\u00e9xico, Eruviel \u00c1vila, y jugadores de ese equipo deportivo, enfatiz\u00f3 que Toluca es parte importante de su trayectoria pol\u00edtica, pues le dio la oportunidad de haber sido gobernador de esta entidad.<\/p>\n<p>Destac\u00f3 que el club Toluca cumpli\u00f3 100 a\u00f1os, y que \u201cmuy pocos clubes de futbol en este pa\u00eds pueden tener este orgullo y esta larga tradici\u00f3n de 100 a\u00f1os de estar integrados como equipo, de haber logrado 10 t\u00edtulos durante esta historia, el mayor n\u00famero de ellos, logrados en temporadas recientes\u201d.<\/p>\n<p>Pe\u00f1a Nieto dese\u00f3 \u00e9xito a los deportistas y extendi\u00f3 un saludo \u201ca toda la afici\u00f3n que sigue al equipo Toluca y dejar un saludo muy particular a toda la familia mexiquense, a todos los mexiquenses y en especial a los que viven en la ciudad capital\u201d.<\/p>\n","protected":false},"excerpt":{"rendered":"<p>Como deseo de su cumplea\u00f1os n\u00famero 51, Enrique Pe\u00f1a Nieto espera que la \u00abdiosa fortuna\u00bb lo acompa\u00f1e para cumplir sus metas en los 16 meses que le quedan como Presidente. Tras inaugurar la remodelaci\u00f3n del estadio Nemesio D\u00edez en la ciudad de Toluca, el mexiquense recorri\u00f3 la cancha, platic\u00f3 con jugadores y hasta le meti\u00f3 un gol al portero de \u201cLos Diablos Rojos\u201d del Toluca, Alfredo Talavera.<\/p>\n","protected":false},"author":3,"featured_media":336263,"comment_status":"open","ping_status":"open","sticky":false,"template":"","format":"standard","meta":{"_monsterinsights_skip_tracking":false,"_monsterinsights_sitenote_active":false,"_monsterinsights_sitenote_note":"","_monsterinsights_sitenote_category":0,"footnotes":""},"categories":[3],"tags":[63230,18,1716,43673,63231,452],"class_list":["post-336195","post","type-post","status-publish","format-standard","has-post-thumbnail","hentry","category-nacional","tag-confia","tag-enrique-pena-nieto","tag-epn","tag-nacional","tag-nemesio-diez","tag-toluca"],"_links":{"self":[{"href":"https:\/\/www.diarioimagen.net\/index.php?rest_route=\/wp\/v2\/posts\/336195","targetHints":{"allow":["GET"]}}],"collection":[{"href":"https:\/\/www.diarioimagen.net\/index.php?rest_route=\/wp\/v2\/posts"}],"about":[{"href":"https:\/\/www.diarioimagen.net\/index.php?rest_route=\/wp\/v2\/types\/post"}],"author":[{"embeddable":true,"href":"https:\/\/www.diarioimagen.net\/index.php?rest_route=\/wp\/v2\/users\/3"}],"replies":[{"embeddable":true,"href":"https:\/\/www.diarioimagen.net\/index.php?rest_route=%2Fwp%2Fv2%2Fcomments&post=336195"}],"version-history":[{"count":0,"href":"https:\/\/www.diarioimagen.net\/index.php?rest_route=\/wp\/v2\/posts\/336195\/revisions"}],"wp:featuredmedia":[{"embeddable":true,"href":"https:\/\/www.diarioimagen.net\/index.php?rest_route=\/wp\/v2\/media\/336263"}],"wp:attachment":[{"href":"https:\/\/www.diarioimagen.net\/index.php?rest_route=%2Fwp%2Fv2%2Fmedia&parent=336195"}],"wp:term":[{"taxonomy":"category","embeddable":true,"href":"https:\/\/www.diarioimagen.net\/index.php?rest_route=%2Fwp%2Fv2%2Fcategories&post=336195"},{"taxonomy":"post_tag","embeddable":true,"href":"https:\/\/www.diarioimagen.net\/index.php?rest_route=%2Fwp%2Fv2%2Ftags&post=336195"}],"curies":[{"name":"wp","href":"https:\/\/api.w.org\/{rel}","templated":true}]}}