{"id":336222,"date":"2017-07-21T00:02:30","date_gmt":"2017-07-21T05:02:30","guid":{"rendered":"http:\/\/www.diarioimagen.net\/?p=336222"},"modified":"2017-07-21T03:38:27","modified_gmt":"2017-07-21T08:38:27","slug":"se-gradua-primera-generacion-del-diplomado-tecnico-de-proteccion-civil","status":"publish","type":"post","link":"https:\/\/www.diarioimagen.net\/?p=336222","title":{"rendered":"Se grad\u00faa primera generaci\u00f3n del diplomado t\u00e9cnico de protecci\u00f3n civil"},"content":{"rendered":"<ul>\n<li><strong><em>Tema que demanda de profesionales<\/em><\/strong><\/li>\n<\/ul>\n<p>&nbsp;<\/p>\n<div id=\"attachment_336297\" style=\"width: 470px\" class=\"wp-caption aligncenter\"><a href=\"http:\/\/www.diarioimagen.net\/?attachment_id=336297\" rel=\"attachment wp-att-336297\"><img loading=\"lazy\" decoding=\"async\" aria-describedby=\"caption-attachment-336297\" class=\"size-large wp-image-336297\" src=\"http:\/\/www.diarioimagen.net\/wp-content\/uploads\/2017\/07\/TLALNEPANTLA-3168-460x259.jpg\" alt=\"\" width=\"460\" height=\"259\" srcset=\"https:\/\/www.diarioimagen.net\/wp-content\/uploads\/2017\/07\/TLALNEPANTLA-3168-460x259.jpg 460w, https:\/\/www.diarioimagen.net\/wp-content\/uploads\/2017\/07\/TLALNEPANTLA-3168-240x135.jpg 240w, https:\/\/www.diarioimagen.net\/wp-content\/uploads\/2017\/07\/TLALNEPANTLA-3168-235x132.jpg 235w, https:\/\/www.diarioimagen.net\/wp-content\/uploads\/2017\/07\/TLALNEPANTLA-3168-202x114.jpg 202w, https:\/\/www.diarioimagen.net\/wp-content\/uploads\/2017\/07\/TLALNEPANTLA-3168-350x196.jpg 350w, https:\/\/www.diarioimagen.net\/wp-content\/uploads\/2017\/07\/TLALNEPANTLA-3168-220x123.jpg 220w, https:\/\/www.diarioimagen.net\/wp-content\/uploads\/2017\/07\/TLALNEPANTLA-3168-237x132.jpg 237w, https:\/\/www.diarioimagen.net\/wp-content\/uploads\/2017\/07\/TLALNEPANTLA-3168.jpg 480w\" sizes=\"auto, (max-width: 460px) 100vw, 460px\" \/><\/a><p id=\"caption-attachment-336297\" class=\"wp-caption-text\">Fueron 41 j\u00f3venes los graduados del primer diplomado t\u00e9cnico de protecci\u00f3n civil que adquirieron los conocimientos.<\/p><\/div>\n<p>&nbsp;<\/p>\n<p><strong>Tlalnepantla, Estado de M\u00e9xico<\/strong>.- La alcaldesa Denisse Ugalde Alegr\u00eda entreg\u00f3 reconocimientos a los 41 j\u00f3venes tlalnepantlenses que se graduaron del primer Diplomado T\u00e9cnico de Protecci\u00f3n Civil 2016-2017, mediante el cual adquirieron los conocimientos b\u00e1sicos para atender una emergencia, promoviendo as\u00ed una cultura de autoprotecci\u00f3n.<\/p>\n<p>Acompa\u00f1ada del titular de Protecci\u00f3n Civil, Joel \u00c1lvarez Garc\u00eda, y autoridades educativas, la presidenta municipal reconoci\u00f3 la voluntad de los alumnos y docentes de nivel medio superior que participaron en este curso te\u00f3rico-pr\u00e1ctico.<\/p>\n<p>\u201cEs gratificante que los j\u00f3venes se involucren en este tipo de acciones, porque son ustedes quienes tienen la posibilidad de generar grandes transformaciones, a la par de que se desarrollan como personas y aportan a su comunidad\u201d, manifest\u00f3 Ugalde Alegr\u00eda.<\/p>\n<p>Resalt\u00f3 que con la graduaci\u00f3n de esta primera generaci\u00f3n, Tlalnepantla se coloca a la vanguardia al impartir este diplomado, ya que ning\u00fan otro municipio del Estado de M\u00e9xico lo ofrece.<\/p>\n<p>Puntualiz\u00f3 que uno de los ejes rectores de esta administraci\u00f3n es construir un municipio con cultura de paz, por lo que este tipo de programas ayudan a lograrlo, al despertar entre la ciudadan\u00eda un sentido de cooperaci\u00f3n y apoyo al pr\u00f3jimo.<\/p>\n<p>Anunci\u00f3 que el reto de Protecci\u00f3n Civil es que en breve inicie el segundo diplomado, con la finalidad de ir sumando m\u00e1s personas capacitadas en este tema.<\/p>\n<p>En el evento en el que tambi\u00e9n estuvo presente Mar\u00eda Guadalupe Madrid Enr\u00edquez, supervisora escolar de la Zona 20 de Bachillerato General, Joel \u00c1lvarez Garc\u00eda inform\u00f3 que este diplomado tuvo una duraci\u00f3n de 200 horas, distribuidas en nueve meses y const\u00f3 de ocho m\u00f3dulos.<\/p>\n<p>A\u00f1adi\u00f3 que los temas que se abordaron fueron: Introducci\u00f3n a la protecci\u00f3n civil; Seguridad; Primeros auxilios; Evacuaci\u00f3n, b\u00fasqueda y rescate; Simulacros; Ayuda humanitaria en situaciones de emergencia; Prevenci\u00f3n y combate de Incendios; as\u00ed como Comunicaci\u00f3n.<\/p>\n<p>El titular de Protecci\u00f3n Civil asegur\u00f3 que se continuar\u00e1 fomentando una cultura de la autoprotecci\u00f3n, ya que as\u00ed se coadyuva en la seguridad estudiantil.<\/p>\n<p>En representaci\u00f3n de los graduados, Samantha Vallejo Gonz\u00e1lez, alumna de la preparatoria anexa a la Normal de Tlalnepantla, agradeci\u00f3 al gobierno municipal la creaci\u00f3n de este diplomado en el que adquieren conocimientos para ayudar a sus familiares o amigos ante una eventualidad.<\/p>\n<p>Afirm\u00f3 que \u201cesta capacitaci\u00f3n es una experiencia de vida que sin duda marcar\u00e1 nuestro camino para siempre\u201d, concluy\u00f3 Samantha Vallejo.<\/p>\n","protected":false},"excerpt":{"rendered":"<p>La alcaldesa Denisse Ugalde Alegr\u00eda entreg\u00f3 reconocimientos a los 41 j\u00f3venes tlalnepantlenses que se graduaron del primer Diplomado T\u00e9cnico de Protecci\u00f3n Civil 2016-2017, mediante el cual adquirieron los conocimientos b\u00e1sicos para atender una emergencia, promoviendo as\u00ed una cultura de autoprotecci\u00f3n.<\/p>\n","protected":false},"author":3,"featured_media":336297,"comment_status":"open","ping_status":"open","sticky":false,"template":"","format":"standard","meta":{"_monsterinsights_skip_tracking":false,"_monsterinsights_sitenote_active":false,"_monsterinsights_sitenote_note":"","_monsterinsights_sitenote_category":0,"footnotes":""},"categories":[35155],"tags":[43675,57,169],"class_list":["post-336222","post","type-post","status-publish","format-standard","has-post-thumbnail","hentry","category-estado-de-mexico-estado-de-mexico","tag-estado-de-mexico","tag-proteccion-civil","tag-tlalnepantla"],"_links":{"self":[{"href":"https:\/\/www.diarioimagen.net\/index.php?rest_route=\/wp\/v2\/posts\/336222","targetHints":{"allow":["GET"]}}],"collection":[{"href":"https:\/\/www.diarioimagen.net\/index.php?rest_route=\/wp\/v2\/posts"}],"about":[{"href":"https:\/\/www.diarioimagen.net\/index.php?rest_route=\/wp\/v2\/types\/post"}],"author":[{"embeddable":true,"href":"https:\/\/www.diarioimagen.net\/index.php?rest_route=\/wp\/v2\/users\/3"}],"replies":[{"embeddable":true,"href":"https:\/\/www.diarioimagen.net\/index.php?rest_route=%2Fwp%2Fv2%2Fcomments&post=336222"}],"version-history":[{"count":0,"href":"https:\/\/www.diarioimagen.net\/index.php?rest_route=\/wp\/v2\/posts\/336222\/revisions"}],"wp:featuredmedia":[{"embeddable":true,"href":"https:\/\/www.diarioimagen.net\/index.php?rest_route=\/wp\/v2\/media\/336297"}],"wp:attachment":[{"href":"https:\/\/www.diarioimagen.net\/index.php?rest_route=%2Fwp%2Fv2%2Fmedia&parent=336222"}],"wp:term":[{"taxonomy":"category","embeddable":true,"href":"https:\/\/www.diarioimagen.net\/index.php?rest_route=%2Fwp%2Fv2%2Fcategories&post=336222"},{"taxonomy":"post_tag","embeddable":true,"href":"https:\/\/www.diarioimagen.net\/index.php?rest_route=%2Fwp%2Fv2%2Ftags&post=336222"}],"curies":[{"name":"wp","href":"https:\/\/api.w.org\/{rel}","templated":true}]}}