{"id":336224,"date":"2017-07-21T00:14:57","date_gmt":"2017-07-21T05:14:57","guid":{"rendered":"http:\/\/www.diarioimagen.net\/?p=336224"},"modified":"2017-07-21T03:42:05","modified_gmt":"2017-07-21T08:42:05","slug":"detienen-a-cinco-policias-de-atizapan-por-secuestro","status":"publish","type":"post","link":"https:\/\/www.diarioimagen.net\/?p=336224","title":{"rendered":"Detienen a cinco polic\u00edas de Atizap\u00e1n por secuestro"},"content":{"rendered":"<ul>\n<li><strong><em>Los hechos fueron en abril de 2016<\/em><\/strong><\/li>\n<\/ul>\n<p>&nbsp;<\/p>\n<div id=\"attachment_336303\" style=\"width: 470px\" class=\"wp-caption aligncenter\"><a href=\"http:\/\/www.diarioimagen.net\/?attachment_id=336303\" rel=\"attachment wp-att-336303\"><img loading=\"lazy\" decoding=\"async\" aria-describedby=\"caption-attachment-336303\" class=\"size-large wp-image-336303\" src=\"http:\/\/www.diarioimagen.net\/wp-content\/uploads\/2017\/07\/Atizapan-3168-460x311.jpg\" alt=\"\" width=\"460\" height=\"311\" srcset=\"https:\/\/www.diarioimagen.net\/wp-content\/uploads\/2017\/07\/Atizapan-3168-460x311.jpg 460w, https:\/\/www.diarioimagen.net\/wp-content\/uploads\/2017\/07\/Atizapan-3168-240x163.jpg 240w, https:\/\/www.diarioimagen.net\/wp-content\/uploads\/2017\/07\/Atizapan-3168.jpg 700w\" sizes=\"auto, (max-width: 460px) 100vw, 460px\" \/><\/a><p id=\"caption-attachment-336303\" class=\"wp-caption-text\">Los detenidos son Ang\u00e9lica \u201cN\u201d, de 25 a\u00f1os; Ingrid \u201cN\u201d, de 29 a\u00f1os; Jorge \u201cN\u201d de 35 a\u00f1os; Jorge Alberto \u201cN\u201d, de 37 a\u00f1os y \u00d3scar Faustino \u201cN\u201d, de 32.<\/p><\/div>\n<p>&nbsp;<\/p>\n<p><strong>Atizap\u00e1n de Zaragoza, Estado de M\u00e9xico<\/strong>.- Agentes de la Fiscal\u00eda del Estado de M\u00e9xico detuvieron a cinco elementos de la polic\u00eda de Atizap\u00e1n de Zaragoza, dos de ellas mujeres, por su probable participaci\u00f3n en el secuestro de tres personas.<\/p>\n<p>Ang\u00e9lica \u201cN\u201d, de 25 a\u00f1os de edad; Ingrid \u201cN\u201d, de 29 a\u00f1os; Jorge \u201cN\u201d de 35 a\u00f1os; Jorge Alberto \u201cN\u201d, de 37 a\u00f1os y \u00d3scar Faustino \u201cN\u201d, de 32 a\u00f1os se desempe\u00f1aban como elementos de la Polic\u00eda Municipal de Atizap\u00e1n, y presuntamente en 2016 participaron en el plagio.<\/p>\n<p>Los hechos que se les imputan se registraron el 21 de abril del a\u00f1o pasado en calles del municipio mexiquense, donde los presuntos delincuentes presumiblemente amagaron con armas de fuego a las v\u00edctimas, las trasladaron a una zona despoblada y luego solicitaron dinero a sus familiares a cambio de liberarlas.<\/p>\n<p>De acuerdo con las indagatorias realizadas por personal de la Fiscal\u00eda estatal se pudo establecer que el d\u00eda en que se registr\u00f3 este il\u00edcito, las tres v\u00edctimas, concertaron una cita con una persona en el municipio de Atizap\u00e1n, con la finalidad de realizar una venta de un autom\u00f3vil.<\/p>\n<p>Sin embargo, en calles de la colonia Hacienda de la Luz, las v\u00edctimas fueron\u00a0 interceptadas por los detenidos, quienes viajaban a bordo de dos veh\u00edculos.<\/p>\n<p>Los presuntos secuestradores amagaron con armas de fuego a las v\u00edctimas, las esposaron y por la fuerza los subieron a la batea de una camioneta, para luego llevarlas a un lugar despoblado en donde les tomaron fotograf\u00edas portando armas de fuego, y despu\u00e9s se comunicaron con los familiares de \u00e9stos, para solicitarles dinero a cambio de no relacionarlos con una investigaci\u00f3n por los delitos de robo y homicidio.<\/p>\n<p>Horas m\u00e1s tarde las v\u00edctimas fueron liberadas en las inmediaciones de una plaza comercial en Atizap\u00e1n, por lo que denunciaron los hechos ante la Fiscal\u00eda de Justicia estatal.<\/p>\n<p>Una vez hecha la denuncia, polic\u00edas investigadores se encargaron de realizar diversas indagatorias para identificar y detener a los presuntos secuestradores.<\/p>\n<p>Estas personas fueron ingresadas al Centro Preventivo y de Readaptaci\u00f3n Social Lic. Juan Fern\u00e1ndez Albarr\u00e1n, de Tlalnepantla, en donde quedaron a disposici\u00f3n de la autoridad, quien determinar\u00e1 su situaci\u00f3n legal.<\/p>\n","protected":false},"excerpt":{"rendered":"<p>Agentes de la Fiscal\u00eda del Estado de M\u00e9xico detuvieron a cinco elementos de la polic\u00eda de Atizap\u00e1n de Zaragoza, dos de ellas mujeres, por su probable participaci\u00f3n en el secuestro de tres personas.<\/p>\n","protected":false},"author":3,"featured_media":336303,"comment_status":"open","ping_status":"open","sticky":false,"template":"","format":"standard","meta":{"_monsterinsights_skip_tracking":false,"_monsterinsights_sitenote_active":false,"_monsterinsights_sitenote_note":"","_monsterinsights_sitenote_category":0,"footnotes":""},"categories":[7],"tags":[3561,9665,43675,1126,3310],"class_list":["post-336224","post","type-post","status-publish","format-standard","has-post-thumbnail","hentry","category-seguridad","tag-atizapan-de-zaragoza","tag-detienen","tag-estado-de-mexico","tag-policias","tag-secuestro"],"_links":{"self":[{"href":"https:\/\/www.diarioimagen.net\/index.php?rest_route=\/wp\/v2\/posts\/336224","targetHints":{"allow":["GET"]}}],"collection":[{"href":"https:\/\/www.diarioimagen.net\/index.php?rest_route=\/wp\/v2\/posts"}],"about":[{"href":"https:\/\/www.diarioimagen.net\/index.php?rest_route=\/wp\/v2\/types\/post"}],"author":[{"embeddable":true,"href":"https:\/\/www.diarioimagen.net\/index.php?rest_route=\/wp\/v2\/users\/3"}],"replies":[{"embeddable":true,"href":"https:\/\/www.diarioimagen.net\/index.php?rest_route=%2Fwp%2Fv2%2Fcomments&post=336224"}],"version-history":[{"count":0,"href":"https:\/\/www.diarioimagen.net\/index.php?rest_route=\/wp\/v2\/posts\/336224\/revisions"}],"wp:featuredmedia":[{"embeddable":true,"href":"https:\/\/www.diarioimagen.net\/index.php?rest_route=\/wp\/v2\/media\/336303"}],"wp:attachment":[{"href":"https:\/\/www.diarioimagen.net\/index.php?rest_route=%2Fwp%2Fv2%2Fmedia&parent=336224"}],"wp:term":[{"taxonomy":"category","embeddable":true,"href":"https:\/\/www.diarioimagen.net\/index.php?rest_route=%2Fwp%2Fv2%2Fcategories&post=336224"},{"taxonomy":"post_tag","embeddable":true,"href":"https:\/\/www.diarioimagen.net\/index.php?rest_route=%2Fwp%2Fv2%2Ftags&post=336224"}],"curies":[{"name":"wp","href":"https:\/\/api.w.org\/{rel}","templated":true}]}}