{"id":336327,"date":"2017-07-24T00:09:05","date_gmt":"2017-07-24T05:09:05","guid":{"rendered":"http:\/\/www.diarioimagen.net\/?p=336327"},"modified":"2017-07-24T23:33:20","modified_gmt":"2017-07-25T04:33:20","slug":"balacera-en-tianguis-de-iztapalapa-deja-al-menos-dos-muertos","status":"publish","type":"post","link":"https:\/\/www.diarioimagen.net\/?p=336327","title":{"rendered":"Balacera en tianguis de Iztapalapa; dos muertos"},"content":{"rendered":"<ul>\n<li><strong><em>En la colonia Juan Escutia<\/em><\/strong><\/li>\n<\/ul>\n<h6>Jos\u00e9 Luis Monta\u00f1ez<\/h6>\n<p>&nbsp;<\/p>\n<div id=\"attachment_336328\" style=\"width: 470px\" class=\"wp-caption aligncenter\"><img loading=\"lazy\" decoding=\"async\" aria-describedby=\"caption-attachment-336328\" class=\"wp-image-336328 size-large\" src=\"http:\/\/www.diarioimagen.net\/wp-content\/uploads\/2017\/07\/BALACERA24ok-portal-460x268.jpg\" alt=\"\" width=\"460\" height=\"268\" srcset=\"https:\/\/www.diarioimagen.net\/wp-content\/uploads\/2017\/07\/BALACERA24ok-portal-460x268.jpg 460w, https:\/\/www.diarioimagen.net\/wp-content\/uploads\/2017\/07\/BALACERA24ok-portal-240x140.jpg 240w, https:\/\/www.diarioimagen.net\/wp-content\/uploads\/2017\/07\/BALACERA24ok-portal.jpg 480w\" sizes=\"auto, (max-width: 460px) 100vw, 460px\" \/><p id=\"caption-attachment-336328\" class=\"wp-caption-text\">Se registr\u00f3 un tiroteo en el tianguis de San Juan, en la colonia Juan Escutia, con un saldo de 2 muertos y al menos 8 heridos.<\/p><\/div>\n<p>&nbsp;<\/p>\n<p>Una balacera en el tianguis de San Juan, en la colonia Juan Escutia, de la delegaci\u00f3n Iztapalapa, dej\u00f3 al menos dos personas muertas y ocho heridas, de acuerdo con fuentes de la Secretar\u00eda de Seguridad P\u00fablica de la Ciudad de M\u00e9xico.<\/p>\n<p>El enfrentamiento fue ocasionado por presuntos extorsionadores que fueron increpados por una de las v\u00edctimas, lo que desat\u00f3 la balacera.<\/p>\n<p>Los hechos ocurrieron alrededor de las 13:30 horas del domingo, sobre la calle Domingo Arellano, esquina con Victoriano Zepeda, cerca del municipio de Nezahualc\u00f3yotl.<\/p>\n<p>En el lugar quedaron los cuerpos de una mujer y un hombre, mientras que los heridos, incluyendo un menor de edad, fueron trasladados a la Cl\u00ednica 25, inform\u00f3 la SSP capitalina.<\/p>\n<p>El incidente provoc\u00f3 una fuerte movilizaci\u00f3n de servicios de emergencias, entre ellos agentes de Secretar\u00eda de Seguridad P\u00fablica capitalina quienes acordonaron la zona en espera de servicios periciales de la PGJ para hacer las investigaciones correspondientes. Tambi\u00e9n acudieron elementos de la Marina Armada y de la Polic\u00eda Federal en el lugar de los hechos quedaron esparcidos por lo menos 15 casquillos de diferentes calibres.<\/p>\n<p style=\"text-align: center;\"><strong>Vinculan a proceso a 7 de 14 d<\/strong><strong>etenidos por bloqueos en Tl\u00e1huac<\/strong><\/p>\n<p>Por otra parte, la Procuradur\u00eda capitalina inform\u00f3 que siete de los 14 detenidos por los narcobloqueos en Tl\u00e1huac fueron vinculados a proceso por los delitos de ataques a las v\u00edas de comunicaci\u00f3n y narcomenudeo, derivado del enfrentamiento entre elementos de la Marina y presuntos narcomenudistas el pasado 20 de julio.<\/p>\n<p>Se\u00f1al\u00f3 que el domingo concluy\u00f3 la audiencia inicial realizada en la Unidad de Gesti\u00f3n Judicial n\u00famero 9, con sede en el Reclusorio Preventivo Varonil Norte, para siete de los 14 detenidos, quienes participaron en los hechos registrados en el cruce de las calles Madrid y Bilbao, de la colonia Cerro de la Estrella, delegaci\u00f3n Iztapalapa.<\/p>\n<p>En este caso, indic\u00f3, la autoridad jurisdiccional calific\u00f3 de legal la detenci\u00f3n de los siete participantes y gener\u00f3 su vinculaci\u00f3n a proceso, al establecer dos meses para el cierre de la investigaci\u00f3n complementaria, por los delitos de ataques a las v\u00edas de comunicaci\u00f3n agravado y posesi\u00f3n simple de mariguana.<\/p>\n<p>La segunda audiencia para los restantes siete participantes contin\u00faa y se espera que esta misma tarde la autoridad jurisdiccional determine su situaci\u00f3n jur\u00eddica.<\/p>\n<p style=\"text-align: center;\"><strong>Rezan en Catedral para que termine violencia<\/strong><\/p>\n<p>El cardenal Norberto Rivera or\u00f3 por la Ciudad de M\u00e9xico, que esta semana vivi\u00f3 incendios y bloqueos luego de un operativo en Tl\u00e1huac que deriv\u00f3 en la muerte de Felipe de Jes\u00fas Luna, El Ojos, presunto l\u00edder de una organizaci\u00f3n criminal que opera en esa delegaci\u00f3n.<\/p>\n<p>En la Catedral Metropolitana oraron por la poblaci\u00f3n afectada por la violencia esta semana, para que se regenere el tejido social y\u00a0 se pueda vivir en paz en las calles.<\/p>\n","protected":false},"excerpt":{"rendered":"<p><span style=\"color: #005497;\">Jos\u00e9 Luis Monta\u00f1ez<\/span><br \/>\n<br \/>\nUna balacera en el tianguis de San Juan, en la colonia Juan Escutia, de la delegaci\u00f3n Iztapalapa, dej\u00f3 al menos dos personas muertas y ocho heridas, de acuerdo con fuentes de la Secretar\u00eda de Seguridad P\u00fablica de la Ciudad de M\u00e9xico.<\/p>\n","protected":false},"author":5,"featured_media":336328,"comment_status":"open","ping_status":"open","sticky":false,"template":"","format":"standard","meta":{"_monsterinsights_skip_tracking":false,"_monsterinsights_sitenote_active":false,"_monsterinsights_sitenote_note":"","_monsterinsights_sitenote_category":0,"footnotes":""},"categories":[7],"tags":[3068,204,63252,63250,217,63251,43677],"class_list":["post-336327","post","type-post","status-publish","format-standard","has-post-thumbnail","hentry","category-seguridad","tag-balacera","tag-ciudad-de-mexico","tag-colonia-juan-escutia","tag-dos-muertos","tag-iztapalapa","tag-ocho-heridas","tag-seguridad"],"_links":{"self":[{"href":"https:\/\/www.diarioimagen.net\/index.php?rest_route=\/wp\/v2\/posts\/336327","targetHints":{"allow":["GET"]}}],"collection":[{"href":"https:\/\/www.diarioimagen.net\/index.php?rest_route=\/wp\/v2\/posts"}],"about":[{"href":"https:\/\/www.diarioimagen.net\/index.php?rest_route=\/wp\/v2\/types\/post"}],"author":[{"embeddable":true,"href":"https:\/\/www.diarioimagen.net\/index.php?rest_route=\/wp\/v2\/users\/5"}],"replies":[{"embeddable":true,"href":"https:\/\/www.diarioimagen.net\/index.php?rest_route=%2Fwp%2Fv2%2Fcomments&post=336327"}],"version-history":[{"count":0,"href":"https:\/\/www.diarioimagen.net\/index.php?rest_route=\/wp\/v2\/posts\/336327\/revisions"}],"wp:featuredmedia":[{"embeddable":true,"href":"https:\/\/www.diarioimagen.net\/index.php?rest_route=\/wp\/v2\/media\/336328"}],"wp:attachment":[{"href":"https:\/\/www.diarioimagen.net\/index.php?rest_route=%2Fwp%2Fv2%2Fmedia&parent=336327"}],"wp:term":[{"taxonomy":"category","embeddable":true,"href":"https:\/\/www.diarioimagen.net\/index.php?rest_route=%2Fwp%2Fv2%2Fcategories&post=336327"},{"taxonomy":"post_tag","embeddable":true,"href":"https:\/\/www.diarioimagen.net\/index.php?rest_route=%2Fwp%2Fv2%2Ftags&post=336327"}],"curies":[{"name":"wp","href":"https:\/\/api.w.org\/{rel}","templated":true}]}}