{"id":336367,"date":"2017-07-24T00:06:53","date_gmt":"2017-07-24T05:06:53","guid":{"rendered":"http:\/\/www.diarioimagen.net\/?p=336367"},"modified":"2017-07-24T23:32:48","modified_gmt":"2017-07-25T04:32:48","slug":"mexicable-suspende-el-servicio-por-dos-semanas","status":"publish","type":"post","link":"https:\/\/www.diarioimagen.net\/?p=336367","title":{"rendered":"Mexicable suspende el servicio por dos semanas"},"content":{"rendered":"<h2>Arco Norte<\/h2>\n<h5>Jos\u00e9 Luis Monta\u00f1ez Aguilar<\/h5>\n<p>&nbsp;<\/p>\n<p><a href=\"http:\/\/www.diarioimagen.net\/?attachment_id=336522\" rel=\"attachment wp-att-336522\"><img loading=\"lazy\" decoding=\"async\" class=\"aligncenter size-large wp-image-336522\" src=\"http:\/\/www.diarioimagen.net\/wp-content\/uploads\/2017\/07\/arco-3169-460x259.jpg\" alt=\"\" width=\"460\" height=\"259\" srcset=\"https:\/\/www.diarioimagen.net\/wp-content\/uploads\/2017\/07\/arco-3169-460x259.jpg 460w, https:\/\/www.diarioimagen.net\/wp-content\/uploads\/2017\/07\/arco-3169-240x135.jpg 240w, https:\/\/www.diarioimagen.net\/wp-content\/uploads\/2017\/07\/arco-3169-235x132.jpg 235w, https:\/\/www.diarioimagen.net\/wp-content\/uploads\/2017\/07\/arco-3169-202x114.jpg 202w, https:\/\/www.diarioimagen.net\/wp-content\/uploads\/2017\/07\/arco-3169-350x196.jpg 350w, https:\/\/www.diarioimagen.net\/wp-content\/uploads\/2017\/07\/arco-3169-220x123.jpg 220w, https:\/\/www.diarioimagen.net\/wp-content\/uploads\/2017\/07\/arco-3169-237x132.jpg 237w, https:\/\/www.diarioimagen.net\/wp-content\/uploads\/2017\/07\/arco-3169.jpg 480w\" sizes=\"auto, (max-width: 460px) 100vw, 460px\" \/><\/a><\/p>\n<p>&nbsp;<\/p>\n<p>Por obras de mantenimiento, el sistema de transporte por telef\u00e9rico Mexicable, que funciona en Ecatepec, suspender\u00e1 su servicio durante dos semanas, debido a que llevar\u00e1 a cabo su primera supervisi\u00f3n anual.<\/p>\n<p>Las estaciones 1, 2 y 3 de este medio de transporte permanecer\u00e1n cerradas del 24 al 31 de julio, mientras que las estaciones 5, 6 y 7 dejar\u00e1n de operar el 1 al 7 de agosto pr\u00f3ximo, anunci\u00f3 la Secretar\u00eda de Infraestructura estatal.<\/p>\n<p>Durante las dos semanas se revisar\u00e1 a fondo cada uno de los elementos que componen el sistema de este transporte para garantizar su correcto funcionamiento. Para el gobierno del Estado de M\u00e9xico, la seguridad de los usuarios es un asunto prioritario, por ello el Sistema de Transporte Masivo y Telef\u00e9rico del Estado de M\u00e9xico (SISTRAMyTEM), dio a conocer que se llevar\u00e1n a cabo las inspecciones anuales programadas, para garantizar el correcto funcionamiento de la infraestructura de este novedoso sistema de transporte, primero en su tipo en M\u00e9xico.<\/p>\n<p>El Mexicable, que comenz\u00f3 a operar en octubre del a\u00f1o pasado, tiene capacidad para movilizar a 29 mil personas por d\u00eda, desde la Sierra de Guadalupe hasta la parte baja del municipio de Ecatepec.<\/p>\n<p>La dependencia estatal detall\u00f3 que en los primeros 10 meses de operaci\u00f3n, el Mexicable no ha reportado fallas graves, salvo en los primeros d\u00edas cuando dej\u00f3 de operar unas horas por una variaci\u00f3n en el suministro de energ\u00eda el\u00e9ctrica.<\/p>\n<p>Durante los d\u00edas programados para el mantenimiento, el gobierno estatal pondr\u00e1 a disposici\u00f3n de los usuarios autobuses del Mexib\u00fas que realizar\u00e1n el recorrido por cada uno de los circuitos de las l\u00edneas que interrumpir\u00e1n sus servicio; es decir, del 24 al 31 de julio recorrer\u00e1n de las estaciones 1 a la 4; del 1 al 7 de agosto de las estaciones 4 a la 7.<\/p>\n<p>Por otra parte, el recorrido del Mexib\u00fas que va de la estaci\u00f3n 1 Santa Clara a Indios Verdes, contin\u00faa sin cambios.<\/p>\n<p>El Mexicable fue inaugurado el 4 de octubre del 2016 y cuenta con siete estaciones: Santa Clara, Hank Gonz\u00e1lez, F\u00e1tima, Tabla del Pozo, Los Bordos, Deportivo y La Ca\u00f1ada, con un recorrido de unos 17 minutos, con un costo del pasaje de seis pesos.<\/p>\n<p><em><a href=\"mailto:montanezaguilar@gmail.com\" target=\"_blank\" rel=\"noopener noreferrer\">montanezaguilar@gmail.com<\/a><\/em><\/p>\n","protected":false},"excerpt":{"rendered":"<p><span style=\"color: #005497;\">Jos\u00e9 Luis Monta\u00f1ez Aguilar<\/span><br \/>\n<br \/>\nPor obras de mantenimiento, el sistema de transporte por telef\u00e9rico Mexicable, que funciona en Ecatepec, suspender\u00e1 su servicio durante dos semanas, debido a que llevar\u00e1 a cabo su primera supervisi\u00f3n anual.<\/p>\n","protected":false},"author":3,"featured_media":336522,"comment_status":"open","ping_status":"open","sticky":false,"template":"","format":"standard","meta":{"_monsterinsights_skip_tracking":false,"_monsterinsights_sitenote_active":false,"_monsterinsights_sitenote_note":"","_monsterinsights_sitenote_category":0,"footnotes":""},"categories":[5],"tags":[13284,43704,43674],"class_list":["post-336367","post","type-post","status-publish","format-standard","has-post-thumbnail","hentry","category-estado-de-mexico","tag-arco-norte","tag-jose-luis-montanez-aguilar","tag-opinion"],"_links":{"self":[{"href":"https:\/\/www.diarioimagen.net\/index.php?rest_route=\/wp\/v2\/posts\/336367","targetHints":{"allow":["GET"]}}],"collection":[{"href":"https:\/\/www.diarioimagen.net\/index.php?rest_route=\/wp\/v2\/posts"}],"about":[{"href":"https:\/\/www.diarioimagen.net\/index.php?rest_route=\/wp\/v2\/types\/post"}],"author":[{"embeddable":true,"href":"https:\/\/www.diarioimagen.net\/index.php?rest_route=\/wp\/v2\/users\/3"}],"replies":[{"embeddable":true,"href":"https:\/\/www.diarioimagen.net\/index.php?rest_route=%2Fwp%2Fv2%2Fcomments&post=336367"}],"version-history":[{"count":0,"href":"https:\/\/www.diarioimagen.net\/index.php?rest_route=\/wp\/v2\/posts\/336367\/revisions"}],"wp:featuredmedia":[{"embeddable":true,"href":"https:\/\/www.diarioimagen.net\/index.php?rest_route=\/wp\/v2\/media\/336522"}],"wp:attachment":[{"href":"https:\/\/www.diarioimagen.net\/index.php?rest_route=%2Fwp%2Fv2%2Fmedia&parent=336367"}],"wp:term":[{"taxonomy":"category","embeddable":true,"href":"https:\/\/www.diarioimagen.net\/index.php?rest_route=%2Fwp%2Fv2%2Fcategories&post=336367"},{"taxonomy":"post_tag","embeddable":true,"href":"https:\/\/www.diarioimagen.net\/index.php?rest_route=%2Fwp%2Fv2%2Ftags&post=336367"}],"curies":[{"name":"wp","href":"https:\/\/api.w.org\/{rel}","templated":true}]}}