{"id":336386,"date":"2017-07-24T00:08:41","date_gmt":"2017-07-24T05:08:41","guid":{"rendered":"http:\/\/www.diarioimagen.net\/?p=336386"},"modified":"2017-07-24T02:23:02","modified_gmt":"2017-07-24T07:23:02","slug":"el-congreso-pide-analizar-aumento-al-minisalario","status":"publish","type":"post","link":"https:\/\/www.diarioimagen.net\/?p=336386","title":{"rendered":"El Congreso pide analizar aumento al minisalario"},"content":{"rendered":"<ul>\n<li><strong><em>Alza en precios<\/em><\/strong><\/li>\n<\/ul>\n<p>&nbsp;<\/p>\n<p><a href=\"http:\/\/www.diarioimagen.net\/?attachment_id=336469\" rel=\"attachment wp-att-336469\"><img loading=\"lazy\" decoding=\"async\" class=\"aligncenter size-large wp-image-336469\" src=\"http:\/\/www.diarioimagen.net\/wp-content\/uploads\/2017\/07\/salario-3169-460x259.jpg\" alt=\"\" width=\"460\" height=\"259\" srcset=\"https:\/\/www.diarioimagen.net\/wp-content\/uploads\/2017\/07\/salario-3169-460x259.jpg 460w, https:\/\/www.diarioimagen.net\/wp-content\/uploads\/2017\/07\/salario-3169-240x135.jpg 240w, https:\/\/www.diarioimagen.net\/wp-content\/uploads\/2017\/07\/salario-3169-235x132.jpg 235w, https:\/\/www.diarioimagen.net\/wp-content\/uploads\/2017\/07\/salario-3169-202x114.jpg 202w, https:\/\/www.diarioimagen.net\/wp-content\/uploads\/2017\/07\/salario-3169-350x196.jpg 350w, https:\/\/www.diarioimagen.net\/wp-content\/uploads\/2017\/07\/salario-3169-220x123.jpg 220w, https:\/\/www.diarioimagen.net\/wp-content\/uploads\/2017\/07\/salario-3169-237x132.jpg 237w, https:\/\/www.diarioimagen.net\/wp-content\/uploads\/2017\/07\/salario-3169.jpg 480w\" sizes=\"auto, (max-width: 460px) 100vw, 460px\" \/><\/a><\/p>\n<p>&nbsp;<\/p>\n<p>La Comisi\u00f3n Permanente solicit\u00f3 a la Comisi\u00f3n Nacional de los Salarios M\u00ednimos\u00a0 un an\u00e1lisis sobre el incremento del salario y la recuperaci\u00f3n del poder adquisitivo en el pa\u00eds, ante el aumento generalizado en art\u00edculos y alimentos.<\/p>\n<p>Senadores y diputados advirtieron que la tendencia generalizada en el aumento de precios que tiene su origen en varios factores como la devaluaci\u00f3n del tipo de cambio del peso frente al d\u00f3lar, as\u00ed como el incremento de los costos de los productos y medidas como el \u201cgasolinazo\u201d, ha impactado en el poder adquisitivo de los mexicanos.<\/p>\n<p>Los legisladores recordaron que la Ley Federal del Trabajo permite que el salario m\u00ednimo, que se ubica en 80.04 pesos, pueda revisarse en cualquier momento, siempre que existan circunstancias econ\u00f3micas que lo justifiquen.<\/p>\n<p>De acuerdo al INEGI el salario m\u00ednimo en M\u00e9xico ha registrado una ca\u00edda del 67 por ciento en los \u00faltimos 40 a\u00f1os de acuerdo. Ese mismo organismo establece que la inflaci\u00f3n interanual de M\u00e9xico se aceler\u00f3 en la primera quincena de junio a un 6.30 por ciento, su mayor nivel en casi ocho a\u00f1os y medio, principalmente por aumentos en los precios de los alimentos procesados.<\/p>\n<p>El dato rebasa el 6.16 por ciento que registr\u00f3 hasta la segunda quincena de mayo, y tambi\u00e9n super\u00f3 el 6.25 por ciento esperado por el mercado, Alimentos como el Jitomate y el aguacate se mantienen al alza lo que ha impactado en la inflaci\u00f3n.<\/p>\n<p>El dictamen\u00a0 aprobado por el Pleno de la Comisi\u00f3n Permanente,\u00a0 destaca que una de las principales causas de este importante aumento\u00a0 en servicios y alimentos fue el llamado \u201cgasolinazo\u201d de principios de a\u00f1o. Diversas organizaciones civiles, ciudadanos y hasta gobernantes como el jefe del gobierno capitalino, Miguel \u00c1ngel Mancera, se han sumado a esta petici\u00f3n de solicitar un aumento en el salario m\u00ednimo de unos 14 pesos para ubicar esa prestaci\u00f3n econ\u00f3mica en 94 pesos.<\/p>\n<p>Agrupados en la iniciativa Cohesi\u00f3n Social-Acci\u00f3n Ciudadana Frente a la Pobreza, activistas y representantes de asociaciones acudieron\u00a0 en d\u00edas pasados a la sede de la Comisi\u00f3n Nacional de los Salarios M\u00ednimos (Conasami), a entregar su solicitud.<\/p>\n<p>El titular del organismo, Basilio Gonz\u00e1lez, recibi\u00f3 a una comisi\u00f3n de los asistentes, entre ellos Enrique C\u00e1rdenas, director ejecutivo del Centro de Estudios Espinosa Yglesias (CEEY).<\/p>\n<p>El economista y ex rector de la Universidad de las Am\u00e9ricas (Udla) entreg\u00f3 al funcionario la propuesta firmada desde mayo pasado por 80 organizaciones y 118 ciudadanos, entre ellos Juan Ram\u00f3n de la Fuente, Jos\u00e9 Woldenberg, Lucila Servitje, Jacqueline Peschard, Jonathan Heath, Rolando Cordera, Gerardo Esquivel y Marta Lamas.<\/p>\n","protected":false},"excerpt":{"rendered":"<p>La Comisi\u00f3n Permanente solicit\u00f3 a la Comisi\u00f3n Nacional de los Salarios M\u00ednimos  un an\u00e1lisis sobre el incremento del salario y la recuperaci\u00f3n del poder adquisitivo en el pa\u00eds, ante el aumento generalizado en art\u00edculos y alimentos.<\/p>\n","protected":false},"author":3,"featured_media":336469,"comment_status":"open","ping_status":"open","sticky":false,"template":"","format":"standard","meta":{"_monsterinsights_skip_tracking":false,"_monsterinsights_sitenote_active":false,"_monsterinsights_sitenote_note":"","_monsterinsights_sitenote_category":0,"footnotes":""},"categories":[8],"tags":[63286,16997,2255,43678,34973],"class_list":["post-336386","post","type-post","status-publish","format-standard","has-post-thumbnail","hentry","category-finanzas","tag-analizar","tag-aumento","tag-congreso-de-la-union","tag-finanzas","tag-minisalario"],"_links":{"self":[{"href":"https:\/\/www.diarioimagen.net\/index.php?rest_route=\/wp\/v2\/posts\/336386","targetHints":{"allow":["GET"]}}],"collection":[{"href":"https:\/\/www.diarioimagen.net\/index.php?rest_route=\/wp\/v2\/posts"}],"about":[{"href":"https:\/\/www.diarioimagen.net\/index.php?rest_route=\/wp\/v2\/types\/post"}],"author":[{"embeddable":true,"href":"https:\/\/www.diarioimagen.net\/index.php?rest_route=\/wp\/v2\/users\/3"}],"replies":[{"embeddable":true,"href":"https:\/\/www.diarioimagen.net\/index.php?rest_route=%2Fwp%2Fv2%2Fcomments&post=336386"}],"version-history":[{"count":0,"href":"https:\/\/www.diarioimagen.net\/index.php?rest_route=\/wp\/v2\/posts\/336386\/revisions"}],"wp:featuredmedia":[{"embeddable":true,"href":"https:\/\/www.diarioimagen.net\/index.php?rest_route=\/wp\/v2\/media\/336469"}],"wp:attachment":[{"href":"https:\/\/www.diarioimagen.net\/index.php?rest_route=%2Fwp%2Fv2%2Fmedia&parent=336386"}],"wp:term":[{"taxonomy":"category","embeddable":true,"href":"https:\/\/www.diarioimagen.net\/index.php?rest_route=%2Fwp%2Fv2%2Fcategories&post=336386"},{"taxonomy":"post_tag","embeddable":true,"href":"https:\/\/www.diarioimagen.net\/index.php?rest_route=%2Fwp%2Fv2%2Ftags&post=336386"}],"curies":[{"name":"wp","href":"https:\/\/api.w.org\/{rel}","templated":true}]}}