{"id":336550,"date":"2017-07-25T00:09:29","date_gmt":"2017-07-25T05:09:29","guid":{"rendered":"http:\/\/www.diarioimagen.net\/?p=336550"},"modified":"2017-07-25T01:31:13","modified_gmt":"2017-07-25T06:31:13","slug":"caen-dos-del-grupo-de-justicieros-de-santa-julia-pgjcdmx","status":"publish","type":"post","link":"https:\/\/www.diarioimagen.net\/?p=336550","title":{"rendered":"Caen dos del grupo de \u201cjusticieros\u201d de Santa Julia: PGJCDMX"},"content":{"rendered":"<ul>\n<li><em><strong>Asegura que es un pleito entre narcomenudistas<\/strong><\/em><\/li>\n<\/ul>\n<p>&nbsp;<\/p>\n<div id=\"attachment_336551\" style=\"width: 470px\" class=\"wp-caption aligncenter\"><img loading=\"lazy\" decoding=\"async\" aria-describedby=\"caption-attachment-336551\" class=\"size-large wp-image-336551\" src=\"http:\/\/www.diarioimagen.net\/wp-content\/uploads\/2017\/07\/JUSTICIEROS25-portal-460x268.jpg\" alt=\"\" width=\"460\" height=\"268\" srcset=\"https:\/\/www.diarioimagen.net\/wp-content\/uploads\/2017\/07\/JUSTICIEROS25-portal-460x268.jpg 460w, https:\/\/www.diarioimagen.net\/wp-content\/uploads\/2017\/07\/JUSTICIEROS25-portal-240x140.jpg 240w, https:\/\/www.diarioimagen.net\/wp-content\/uploads\/2017\/07\/JUSTICIEROS25-portal.jpg 480w\" sizes=\"auto, (max-width: 460px) 100vw, 460px\" \/><p id=\"caption-attachment-336551\" class=\"wp-caption-text\">Los autonombrados \u201cjusticieros\u201d de la colonia Santa Julia aparecieron en un video difundido en redes sociales el pasado 17 de julio.<\/p><\/div>\n<p>&nbsp;<\/p>\n<p>El titular de la Procuradur\u00eda General de Justicia (PGJ) de la Ciudad de M\u00e9xico, Edmundo Garrido, anunci\u00f3 que fueron detenidos dos los presuntos \u201cjusticieros\u201d de la colonia Santa Julia que aparecieron en un video difundido en redes sociales el pasado 17 de julio.<\/p>\n<p>Garrido inform\u00f3 en conferencia de prensa que el video se public\u00f3 por un pleito entre distintas bandas de narcomenudistas que operan en la zona de la delegaci\u00f3n Miguel Hidalgo.<\/p>\n<p>En la mencionada grabaci\u00f3n, enmascarados golpean a un sujeto que, aseguran, se dedicaba a asaltar en esa colonia de la delegaci\u00f3n Miguel Hidalgo.<\/p>\n<p>Sin embargo, autoridades capitalinas advirtieron que los presuntos \u00abvengadores\u00bb podr\u00edan ser otros delincuentes que buscan evitar que individuos operen en la misma zona.<\/p>\n<p>Garrido detall\u00f3 que el arresto se dio luego de que la Polic\u00eda de Investigaci\u00f3n implementara un operativo encubierto en el barrio referido.<\/p>\n","protected":false},"excerpt":{"rendered":"<p>El titular de la Procuradur\u00eda General de Justicia (PGJ) de la Ciudad de M\u00e9xico, Edmundo Garrido, anunci\u00f3 que fueron detenidos dos los presuntos \u201cjusticieros\u201d de la colonia Santa Julia que aparecieron en un video difundido en redes sociales el pasado 17 de julio.<\/p>\n","protected":false},"author":5,"featured_media":336551,"comment_status":"open","ping_status":"open","sticky":false,"template":"","format":"standard","meta":{"_monsterinsights_skip_tracking":false,"_monsterinsights_sitenote_active":false,"_monsterinsights_sitenote_note":"","_monsterinsights_sitenote_category":0,"footnotes":""},"categories":[6],"tags":[63303,63301,1526,13721,63302],"class_list":["post-336550","post","type-post","status-publish","format-standard","has-post-thumbnail","hentry","category-cd-de-mexico","tag-edmundo-garrido","tag-justicieros","tag-miguel-hidalgo","tag-narcomenudistas","tag-santa-julia"],"_links":{"self":[{"href":"https:\/\/www.diarioimagen.net\/index.php?rest_route=\/wp\/v2\/posts\/336550","targetHints":{"allow":["GET"]}}],"collection":[{"href":"https:\/\/www.diarioimagen.net\/index.php?rest_route=\/wp\/v2\/posts"}],"about":[{"href":"https:\/\/www.diarioimagen.net\/index.php?rest_route=\/wp\/v2\/types\/post"}],"author":[{"embeddable":true,"href":"https:\/\/www.diarioimagen.net\/index.php?rest_route=\/wp\/v2\/users\/5"}],"replies":[{"embeddable":true,"href":"https:\/\/www.diarioimagen.net\/index.php?rest_route=%2Fwp%2Fv2%2Fcomments&post=336550"}],"version-history":[{"count":0,"href":"https:\/\/www.diarioimagen.net\/index.php?rest_route=\/wp\/v2\/posts\/336550\/revisions"}],"wp:featuredmedia":[{"embeddable":true,"href":"https:\/\/www.diarioimagen.net\/index.php?rest_route=\/wp\/v2\/media\/336551"}],"wp:attachment":[{"href":"https:\/\/www.diarioimagen.net\/index.php?rest_route=%2Fwp%2Fv2%2Fmedia&parent=336550"}],"wp:term":[{"taxonomy":"category","embeddable":true,"href":"https:\/\/www.diarioimagen.net\/index.php?rest_route=%2Fwp%2Fv2%2Fcategories&post=336550"},{"taxonomy":"post_tag","embeddable":true,"href":"https:\/\/www.diarioimagen.net\/index.php?rest_route=%2Fwp%2Fv2%2Ftags&post=336550"}],"curies":[{"name":"wp","href":"https:\/\/api.w.org\/{rel}","templated":true}]}}