{"id":336553,"date":"2017-07-25T00:09:23","date_gmt":"2017-07-25T05:09:23","guid":{"rendered":"http:\/\/www.diarioimagen.net\/?p=336553"},"modified":"2017-07-25T23:29:36","modified_gmt":"2017-07-26T04:29:36","slug":"mas-brazaletes-electronicos-para-los-reos-no-peligrosos","status":"publish","type":"post","link":"https:\/\/www.diarioimagen.net\/?p=336553","title":{"rendered":"M\u00e1s brazaletes electr\u00f3nicos para reclusos no peligrosos"},"content":{"rendered":"<ul>\n<li><strong><em>Somos el estado que m\u00e1s ha invertido en monitoreo: Eruviel \u00c1vila<\/em><\/strong><\/li>\n<\/ul>\n<p>&nbsp;<\/p>\n<div id=\"attachment_336554\" style=\"width: 470px\" class=\"wp-caption aligncenter\"><img loading=\"lazy\" decoding=\"async\" aria-describedby=\"caption-attachment-336554\" class=\"wp-image-336554 size-large\" src=\"http:\/\/www.diarioimagen.net\/wp-content\/uploads\/2017\/07\/ERUVIEL25-portal-460x268.jpg\" alt=\"\" width=\"460\" height=\"268\" srcset=\"https:\/\/www.diarioimagen.net\/wp-content\/uploads\/2017\/07\/ERUVIEL25-portal-460x268.jpg 460w, https:\/\/www.diarioimagen.net\/wp-content\/uploads\/2017\/07\/ERUVIEL25-portal-240x140.jpg 240w, https:\/\/www.diarioimagen.net\/wp-content\/uploads\/2017\/07\/ERUVIEL25-portal.jpg 480w\" sizes=\"auto, (max-width: 460px) 100vw, 460px\" \/><p id=\"caption-attachment-336554\" class=\"wp-caption-text\">Eruviel \u00c1vila Villegas inform\u00f3 que se autoriz\u00f3 la adquisici\u00f3n de 250 brazaletes electr\u00f3nicos para los reclusos no peligrosos.<\/p><\/div>\n<p>&nbsp;<\/p>\n<p><strong>Toluca, Estado de M\u00e9xico<\/strong>.- El gobernador Eruviel \u00c1vila Villegas inform\u00f3 que para mejorar el proceso de reinserci\u00f3n social de los reos que cometieron alg\u00fan delito no grave y que son primodelincuentes, la administraci\u00f3n estatal autoriz\u00f3 la adquisici\u00f3n de 250 brazaletes electr\u00f3nicos para que los reclusos con estas condiciones cumplan su sentencia en libertad condicional.<\/p>\n<p>\u201cSomos el estado que m\u00e1s ha invertido en el monitoreo y en la incorporaci\u00f3n de brazaletes a nuestros reos; en este caso tenemos varias solicitudes y les informo que ya hemos autorizado en este gabinete la compra de m\u00e1s brazaletes y el monitoreo.<\/p>\n<p>\u201cLo hacemos primeramente porque es un impacto de beneficio social, de reinserci\u00f3n, de hecho, para las personas que cometieron alg\u00fan delito que no sea grave, pero tambi\u00e9n les comparto un dato importante: sale todav\u00eda m\u00e1s caro una persona en reclusi\u00f3n que si les damos su brazalete, independientemente, insisto, que lo m\u00e1s importante es su reinserci\u00f3n social y el impacto social con la familia y pues con todo su entorno\u201d.<\/p>\n<p>En una transmisi\u00f3n, a trav\u00e9s de su cuenta <em>Facebook Live<\/em>, el mandatario estatal precis\u00f3 que s\u00f3lo aquellas personas que cometieron un delito no grave pueden acceder a este beneficio, y consider\u00f3 que con esta medida la entidad se coloca a la vanguardia nacional para mejorar el esquema de reinserci\u00f3n social, a la par de los programas que se desarrollan al interior de los penales.<\/p>\n<p>En reuni\u00f3n de gabinete, el comisionado de Seguridad Ciudadana, Eduardo Valiente Hern\u00e1ndez, detall\u00f3 que a la fecha se han entregado 285 brazaletes a reclusos que purgaban sentencias en las c\u00e1rceles mexiquenses, y anunci\u00f3 que se otorgar\u00e1n 250 brazaletes m\u00e1s, con lo cual los beneficiarios tendr\u00e1n m\u00e1s oportunidades laborales y de desarrollo personal.<\/p>\n<p>Por otro lado, Eruviel \u00c1vila dio a conocer que est\u00e1 por concluir la construcci\u00f3n del campo de entrenamiento que la Marina Armada de M\u00e9xico tendr\u00e1 en la regi\u00f3n de Valle de Bravo, con la cual se brindar\u00e1 m\u00e1s seguridad a los habitantes de esa zona.<\/p>\n<p>Agreg\u00f3 que este campo de entrenamiento es la obra m\u00e1s grande que el gobierno estatal ha realizado en coordinaci\u00f3n con la Marina, y contar\u00e1 con una unidad habitacional.<\/p>\n","protected":false},"excerpt":{"rendered":"<p>El gobernador Eruviel \u00c1vila Villegas inform\u00f3 que para mejorar el proceso de reinserci\u00f3n social de los reos que cometieron alg\u00fan delito no grave y que son primodelincuentes, la administraci\u00f3n estatal autoriz\u00f3 la adquisici\u00f3n de 250 brazaletes electr\u00f3nicos para que los reclusos con estas condiciones cumplan su sentencia en libertad condicional.<\/p>\n","protected":false},"author":5,"featured_media":336554,"comment_status":"open","ping_status":"open","sticky":false,"template":"","format":"standard","meta":{"_monsterinsights_skip_tracking":false,"_monsterinsights_sitenote_active":false,"_monsterinsights_sitenote_note":"","_monsterinsights_sitenote_category":0,"footnotes":""},"categories":[5],"tags":[5828,43675,63304,63305,452],"class_list":["post-336553","post","type-post","status-publish","format-standard","has-post-thumbnail","hentry","category-estado-de-mexico","tag-eruviel-avila-villegas","tag-estado-de-mexico","tag-razaletes-electronicos","tag-reos-no-peligrosos","tag-toluca"],"_links":{"self":[{"href":"https:\/\/www.diarioimagen.net\/index.php?rest_route=\/wp\/v2\/posts\/336553","targetHints":{"allow":["GET"]}}],"collection":[{"href":"https:\/\/www.diarioimagen.net\/index.php?rest_route=\/wp\/v2\/posts"}],"about":[{"href":"https:\/\/www.diarioimagen.net\/index.php?rest_route=\/wp\/v2\/types\/post"}],"author":[{"embeddable":true,"href":"https:\/\/www.diarioimagen.net\/index.php?rest_route=\/wp\/v2\/users\/5"}],"replies":[{"embeddable":true,"href":"https:\/\/www.diarioimagen.net\/index.php?rest_route=%2Fwp%2Fv2%2Fcomments&post=336553"}],"version-history":[{"count":0,"href":"https:\/\/www.diarioimagen.net\/index.php?rest_route=\/wp\/v2\/posts\/336553\/revisions"}],"wp:featuredmedia":[{"embeddable":true,"href":"https:\/\/www.diarioimagen.net\/index.php?rest_route=\/wp\/v2\/media\/336554"}],"wp:attachment":[{"href":"https:\/\/www.diarioimagen.net\/index.php?rest_route=%2Fwp%2Fv2%2Fmedia&parent=336553"}],"wp:term":[{"taxonomy":"category","embeddable":true,"href":"https:\/\/www.diarioimagen.net\/index.php?rest_route=%2Fwp%2Fv2%2Fcategories&post=336553"},{"taxonomy":"post_tag","embeddable":true,"href":"https:\/\/www.diarioimagen.net\/index.php?rest_route=%2Fwp%2Fv2%2Ftags&post=336553"}],"curies":[{"name":"wp","href":"https:\/\/api.w.org\/{rel}","templated":true}]}}