{"id":336591,"date":"2017-07-25T00:10:38","date_gmt":"2017-07-25T05:10:38","guid":{"rendered":"http:\/\/www.diarioimagen.net\/?p=336591"},"modified":"2017-07-25T03:31:37","modified_gmt":"2017-07-25T08:31:37","slug":"edomex-a-la-vanguardia-en-reinsercion-social-de-reos","status":"publish","type":"post","link":"https:\/\/www.diarioimagen.net\/?p=336591","title":{"rendered":"Edomex, a la vanguardia en reinserci\u00f3n social de reos"},"content":{"rendered":"<h2>Arco Norte<\/h2>\n<h5>Jos\u00e9 Luis Monta\u00f1ez Aguilar<\/h5>\n<p>&nbsp;<\/p>\n<p>El gobernador Eruviel \u00c1vila inform\u00f3 que para mejorar el proceso de reinserci\u00f3n social de los reos que cometieron alg\u00fan delito no grave y que son primodelincuentes, la administraci\u00f3n estatal autoriz\u00f3 la adquisici\u00f3n de 250 brazaletes electr\u00f3nicos para que los reclusos con estas condiciones cumplan su sentencia en libertad condicional.<\/p>\n<p>Durante una transmisi\u00f3n en<em> Facebook Live<\/em>, Eruviel \u00c1vila precis\u00f3 que s\u00f3lo aquellas personas que cometieron un delito no grave pueden acceder a este beneficio, y consider\u00f3 que con esta medida el Estado de M\u00e9xico se coloca a la vanguardia nacional para mejorar el esquema de reinserci\u00f3n social, a la par de los programas que se desarrollan al interior de los penales.<\/p>\n<p>Por otra parte, el gobernador dio a conocer que est\u00e1 por concluir la construcci\u00f3n del campo de entrenamiento que la Marina-Armada de M\u00e9xico tendr\u00e1 en la regi\u00f3n de Valle de Bravo, con la cual se brindar\u00e1 m\u00e1s seguridad a los habitantes de esa zona. Agreg\u00f3 que este campo de entrenamiento es la obra m\u00e1s grande que el gobierno estatal ha realizado en coordinaci\u00f3n con la Marina, y contar\u00e1 con una unidad habitacional.<\/p>\n<p>&nbsp;<\/p>\n<p style=\"text-align: center;\"><strong>Sin objeci\u00f3n a Jos\u00e9 de la Luz Vi\u00f1as como fiscal anticorrupci\u00f3n en Edomex<\/strong><\/p>\n<p>&nbsp;<\/p>\n<div id=\"attachment_336680\" style=\"width: 470px\" class=\"wp-caption aligncenter\"><a href=\"http:\/\/www.diarioimagen.net\/?attachment_id=336680\" rel=\"attachment wp-att-336680\"><img loading=\"lazy\" decoding=\"async\" aria-describedby=\"caption-attachment-336680\" class=\"size-large wp-image-336680\" src=\"http:\/\/www.diarioimagen.net\/wp-content\/uploads\/2017\/07\/arco-legislatura-3170-460x323.jpg\" alt=\"\" width=\"460\" height=\"323\" srcset=\"https:\/\/www.diarioimagen.net\/wp-content\/uploads\/2017\/07\/arco-legislatura-3170-460x323.jpg 460w, https:\/\/www.diarioimagen.net\/wp-content\/uploads\/2017\/07\/arco-legislatura-3170-240x168.jpg 240w, https:\/\/www.diarioimagen.net\/wp-content\/uploads\/2017\/07\/arco-legislatura-3170-768x539.jpg 768w, https:\/\/www.diarioimagen.net\/wp-content\/uploads\/2017\/07\/arco-legislatura-3170.jpg 850w\" sizes=\"auto, (max-width: 460px) 100vw, 460px\" \/><\/a><p id=\"caption-attachment-336680\" class=\"wp-caption-text\">Cruz Roa S\u00e1nchez, presidente de la Jucopo.<\/p><\/div>\n<p>La 59 Legislatura mexiquense, a trav\u00e9s de la Junta de Coordinaci\u00f3n Pol\u00edtica (Jucopo), no objet\u00f3 el nombramiento de Jos\u00e9 de la Luz Vi\u00f1as Correa como titular de la Fiscal\u00eda Especializada en Combate a la Corrupci\u00f3n del Estado de M\u00e9xico, dio a conocer el diputado Cruz Roa S\u00e1nchez, presidente de la Jucopo.<\/p>\n<p>Explic\u00f3 que conforme el plazo de 10 d\u00edas establecido por la Constituci\u00f3n estatal para objetar o no dicho nombramiento hecho por el fiscal general de Justicia del Estado de M\u00e9xico, Alejandro Jaime G\u00f3mez S\u00e1nchez, los nueve integrantes de la Jucopo, que representan a los nueve partidos pol\u00edticos, decidieron no objetarlo.<\/p>\n<p>En consecuencia, agreg\u00f3 el legislador, se confirma el nombramiento de Jos\u00e9 de la Luz Vi\u00f1as como titular de la Fiscal\u00eda Especializada en Combate a la Corrupci\u00f3n, encargada de la investigaci\u00f3n de los delitos derivados de las acciones u omisiones de los servidores p\u00fablicos y particulares que sean consideradas actos de corrupci\u00f3n, incluso en grado de tentativa.<\/p>\n<p>Cabe recordar que el pasado 10 de julio los integrantes de la Junta de Coordinaci\u00f3n Pol\u00edtica se reunieron con el Fiscal General de Justicia, quien les comunic\u00f3 este nombramiento.<\/p>\n<p><em><a href=\"mailto:montanezaguilar@gmail.com\" target=\"_blank\" rel=\"noopener noreferrer\">montanezaguilar@gmail.com<\/a><\/em><\/p>\n<p><span style=\"border-top-left-radius: 2px; border-top-right-radius: 2px; border-bottom-right-radius: 2px; border-bottom-left-radius: 2px; text-indent: 20px; width: auto; padding: 0px 4px 0px 0px; text-align: center; font-style: normal; font-variant-caps: normal; font-weight: bold; font-size: 11px; line-height: 20px; font-family: 'Helvetica Neue', Helvetica, sans-serif; color: #ffffff; background-image: url(data:image\/svg+xml; base64,phn2zyb4bwxucz0iahr0cdovl3d3dy53my5vcmcvmjawmc9zdmciighlawdodd0imzbwecigd2lkdgg9ijmwchgiihzpzxdcb3g9ii0xic0xidmxidmxij48zz48cgf0acbkpsjnmjkundq5lde0ljy2mibdmjkundq5ldiyljcymiaymi44njgsmjkumju2ide0ljc1ldi5lji1nibdni42mzismjkumju2idaumduxldiyljcymiawlja1mswxnc42njigqzaumduxldyunjaxidyunjmyldaumdy3ide0ljc1ldaumdy3iemymi44njgsmc4wnjcgmjkundq5ldyunjaxidi5ljq0oswxnc42njiiigzpbgw9iinmzmyiihn0cm9rzt0ii2zmziigc3ryb2tllxdpzhropsixij48l3bhdgg+phbhdgggzd0itte0ljczmywxljy4nibdny41mtysms42odygms42njusny40otugms42njusmtqunjyyiemxljy2nswymc4xntkgns4xmdksmjquodu0idkuotcsmjyunzq0iem5ljg1niwyns43mtggos43ntmsmjqumtqzidewljaxniwymy4wmjigqzewlji1mywymi4wmsaxms41ndgsmtyuntcyidexlju0ocwxni41nzigqzexlju0ocwxni41nzigmteumtu3lde1ljc5nsaxms4xntcsmtqunjq2iemxms4xntcsmtiuodqyideyljixmswxms40otugmtmuntiyldexljq5nsbdmtqunjm3ldexljq5nsaxns4xnzusmtiumzi2ide1lje3nswxmy4zmjmgqze1lje3nswxnc40mzygmtqundyylde2ljegmtqumdkzlde3ljy0mybdmtmunzg1lde4ljkznsaxnc43ndusmtkuotg4ide2ljayocwxos45odggqze4ljm1mswxos45odggmjaumtm2lde3lju1niaymc4xmzysmtqumdq2iemymc4xmzysmtauotm5ide3ljg4ocw4ljc2nyaxnc42nzgsoc43njcgqzewljk1osw4ljc2nya4ljc3nywxms41mzygoc43nzcsmtqumzk4iem4ljc3nywxns41mtmgos4ymswxni43mdkgos43ndksmtcumzu5iem5ljg1niwxny40odggos44nzismtcunia5ljg0lde3ljczmsbdos43ndesmtgumtqxidkuntismtkumdizidkundc3lde5ljiwmybdos40miwxos40nca5lji4ocwxos40otegos4wncwxos4znzygqzcunda4lde4ljyymia2ljm4nywxni4yntigni4zodcsmtqumzq5iem2ljm4nywxmc4yntygos4zodmsni40otcgmtuumdiyldyundk3iemxos41ntusni40otcgmjmumdc4ldkunza1idizlja3ocwxmy45otegqzizlja3ocwxoc40njmgmjaumjm5ldiylja2miaxni4yotcsmjiumdyyiemxnc45nzmsmjiumdyyidezljcyocwyms4znzkgmtmumzayldiwlju3mibdmtmumzayldiwlju3miaxmi42ndcsmjmumdugmtiundg4ldizljy1nybdmtiumtkzldi0ljc4ncaxms4zotysmjyumtk2idewljg2mywyny4wntggqzeylja4niwyny40mzqgmtmumzg2ldi3ljyznyaxnc43mzmsmjcunjm3iemyms45nswyny42mzcgmjcuodaxldixljgyocayny44mdesmtqunjyyiemyny44mdesny40otugmjeuotusms42odygmtqunzmzldeunjg2iibmawxspsijymqwodfjij48l3bhdgg+pc9npjwvc3znpg==); background-color: #bd081c; background-size: 14px; position: absolute; opacity: 1; z-index: 8675309; display: none; cursor: pointer; border: none; -webkit-font-smoothing: antialiased; background-position: 3px 50%; background-repeat: no-repeat no-repeat;\">Guardar<\/span><span style=\"border-top-left-radius: 2px; border-top-right-radius: 2px; border-bottom-right-radius: 2px; border-bottom-left-radius: 2px; text-indent: 20px; width: auto; padding: 0px 4px 0px 0px; text-align: center; font-style: normal; font-variant-caps: normal; font-weight: bold; font-size: 11px; line-height: 20px; font-family: 'Helvetica Neue', Helvetica, sans-serif; color: #ffffff; background-image: url(data:image\/svg+xml; base64,phn2zyb4bwxucz0iahr0cdovl3d3dy53my5vcmcvmjawmc9zdmciighlawdodd0imzbwecigd2lkdgg9ijmwchgiihzpzxdcb3g9ii0xic0xidmxidmxij48zz48cgf0acbkpsjnmjkundq5lde0ljy2mibdmjkundq5ldiyljcymiaymi44njgsmjkumju2ide0ljc1ldi5lji1nibdni42mzismjkumju2idaumduxldiyljcymiawlja1mswxnc42njigqzaumduxldyunjaxidyunjmyldaumdy3ide0ljc1ldaumdy3iemymi44njgsmc4wnjcgmjkundq5ldyunjaxidi5ljq0oswxnc42njiiigzpbgw9iinmzmyiihn0cm9rzt0ii2zmziigc3ryb2tllxdpzhropsixij48l3bhdgg+phbhdgggzd0itte0ljczmywxljy4nibdny41mtysms42odygms42njusny40otugms42njusmtqunjyyiemxljy2nswymc4xntkgns4xmdksmjquodu0idkuotcsmjyunzq0iem5ljg1niwyns43mtggos43ntmsmjqumtqzidewljaxniwymy4wmjigqzewlji1mywymi4wmsaxms41ndgsmtyuntcyidexlju0ocwxni41nzigqzexlju0ocwxni41nzigmteumtu3lde1ljc5nsaxms4xntcsmtqunjq2iemxms4xntcsmtiuodqyideyljixmswxms40otugmtmuntiyldexljq5nsbdmtqunjm3ldexljq5nsaxns4xnzusmtiumzi2ide1lje3nswxmy4zmjmgqze1lje3nswxnc40mzygmtqundyylde2ljegmtqumdkzlde3ljy0mybdmtmunzg1lde4ljkznsaxnc43ndusmtkuotg4ide2ljayocwxos45odggqze4ljm1mswxos45odggmjaumtm2lde3lju1niaymc4xmzysmtqumdq2iemymc4xmzysmtauotm5ide3ljg4ocw4ljc2nyaxnc42nzgsoc43njcgqzewljk1osw4ljc2nya4ljc3nywxms41mzygoc43nzcsmtqumzk4iem4ljc3nywxns41mtmgos4ymswxni43mdkgos43ndksmtcumzu5iem5ljg1niwxny40odggos44nzismtcunia5ljg0lde3ljczmsbdos43ndesmtgumtqxidkuntismtkumdizidkundc3lde5ljiwmybdos40miwxos40nca5lji4ocwxos40otegos4wncwxos4znzygqzcunda4lde4ljyymia2ljm4nywxni4yntigni4zodcsmtqumzq5iem2ljm4nywxmc4yntygos4zodmsni40otcgmtuumdiyldyundk3iemxos41ntusni40otcgmjmumdc4ldkunza1idizlja3ocwxmy45otegqzizlja3ocwxoc40njmgmjaumjm5ldiylja2miaxni4yotcsmjiumdyyiemxnc45nzmsmjiumdyyidezljcyocwyms4znzkgmtmumzayldiwlju3mibdmtmumzayldiwlju3miaxmi42ndcsmjmumdugmtiundg4ldizljy1nybdmtiumtkzldi0ljc4ncaxms4zotysmjyumtk2idewljg2mywyny4wntggqzeylja4niwyny40mzqgmtmumzg2ldi3ljyznyaxnc43mzmsmjcunjm3iemyms45nswyny42mzcgmjcuodaxldixljgyocayny44mdesmtqunjyyiemyny44mdesny40otugmjeuotusms42odygmtqunzmzldeunjg2iibmawxspsijymqwodfjij48l3bhdgg+pc9npjwvc3znpg==); background-color: #bd081c; background-size: 14px; position: absolute; opacity: 1; z-index: 8675309; display: none; cursor: pointer; border: none; -webkit-font-smoothing: antialiased; background-position: 3px 50%; background-repeat: no-repeat no-repeat;\">Guardar<\/span><\/p>\n","protected":false},"excerpt":{"rendered":"<p><span style=\"color: #005497;\">Jos\u00e9 Luis Monta\u00f1ez Aguilar<\/span><br \/>\n<br \/>\nEl gobernador Eruviel \u00c1vila inform\u00f3 que para mejorar el proceso de reinserci\u00f3n social de los reos que cometieron alg\u00fan delito no grave y que son primodelincuentes, la administraci\u00f3n estatal autoriz\u00f3 la adquisici\u00f3n de 250 brazaletes electr\u00f3nicos para que los reclusos con estas condiciones cumplan su sentencia en libertad condicional.<\/p>\n","protected":false},"author":3,"featured_media":336680,"comment_status":"open","ping_status":"open","sticky":false,"template":"","format":"standard","meta":{"_monsterinsights_skip_tracking":false,"_monsterinsights_sitenote_active":false,"_monsterinsights_sitenote_note":"","_monsterinsights_sitenote_category":0,"footnotes":""},"categories":[5],"tags":[13284,43704,43674],"class_list":["post-336591","post","type-post","status-publish","format-standard","has-post-thumbnail","hentry","category-estado-de-mexico","tag-arco-norte","tag-jose-luis-montanez-aguilar","tag-opinion"],"_links":{"self":[{"href":"https:\/\/www.diarioimagen.net\/index.php?rest_route=\/wp\/v2\/posts\/336591","targetHints":{"allow":["GET"]}}],"collection":[{"href":"https:\/\/www.diarioimagen.net\/index.php?rest_route=\/wp\/v2\/posts"}],"about":[{"href":"https:\/\/www.diarioimagen.net\/index.php?rest_route=\/wp\/v2\/types\/post"}],"author":[{"embeddable":true,"href":"https:\/\/www.diarioimagen.net\/index.php?rest_route=\/wp\/v2\/users\/3"}],"replies":[{"embeddable":true,"href":"https:\/\/www.diarioimagen.net\/index.php?rest_route=%2Fwp%2Fv2%2Fcomments&post=336591"}],"version-history":[{"count":0,"href":"https:\/\/www.diarioimagen.net\/index.php?rest_route=\/wp\/v2\/posts\/336591\/revisions"}],"wp:featuredmedia":[{"embeddable":true,"href":"https:\/\/www.diarioimagen.net\/index.php?rest_route=\/wp\/v2\/media\/336680"}],"wp:attachment":[{"href":"https:\/\/www.diarioimagen.net\/index.php?rest_route=%2Fwp%2Fv2%2Fmedia&parent=336591"}],"wp:term":[{"taxonomy":"category","embeddable":true,"href":"https:\/\/www.diarioimagen.net\/index.php?rest_route=%2Fwp%2Fv2%2Fcategories&post=336591"},{"taxonomy":"post_tag","embeddable":true,"href":"https:\/\/www.diarioimagen.net\/index.php?rest_route=%2Fwp%2Fv2%2Ftags&post=336591"}],"curies":[{"name":"wp","href":"https:\/\/api.w.org\/{rel}","templated":true}]}}