{"id":336595,"date":"2017-07-25T00:11:09","date_gmt":"2017-07-25T05:11:09","guid":{"rendered":"http:\/\/www.diarioimagen.net\/?p=336595"},"modified":"2017-07-25T02:40:45","modified_gmt":"2017-07-25T07:40:45","slug":"reconocen-a-clinica-materna-mexiquense","status":"publish","type":"post","link":"https:\/\/www.diarioimagen.net\/?p=336595","title":{"rendered":"Reconocen a cl\u00ednica materna mexiquense"},"content":{"rendered":"<ul>\n<li><strong><em>Organismos internacionales<\/em><\/strong><\/li>\n<\/ul>\n<p>&nbsp;<\/p>\n<div id=\"attachment_336686\" style=\"width: 470px\" class=\"wp-caption aligncenter\"><a href=\"http:\/\/www.diarioimagen.net\/?attachment_id=336686\" rel=\"attachment wp-att-336686\"><img loading=\"lazy\" decoding=\"async\" aria-describedby=\"caption-attachment-336686\" class=\"size-large wp-image-336686\" src=\"http:\/\/www.diarioimagen.net\/wp-content\/uploads\/2017\/07\/CLINICA-3170-460x259.jpg\" alt=\"\" width=\"460\" height=\"259\" srcset=\"https:\/\/www.diarioimagen.net\/wp-content\/uploads\/2017\/07\/CLINICA-3170-460x259.jpg 460w, https:\/\/www.diarioimagen.net\/wp-content\/uploads\/2017\/07\/CLINICA-3170-240x135.jpg 240w, https:\/\/www.diarioimagen.net\/wp-content\/uploads\/2017\/07\/CLINICA-3170-235x132.jpg 235w, https:\/\/www.diarioimagen.net\/wp-content\/uploads\/2017\/07\/CLINICA-3170-202x114.jpg 202w, https:\/\/www.diarioimagen.net\/wp-content\/uploads\/2017\/07\/CLINICA-3170-350x196.jpg 350w, https:\/\/www.diarioimagen.net\/wp-content\/uploads\/2017\/07\/CLINICA-3170-220x123.jpg 220w, https:\/\/www.diarioimagen.net\/wp-content\/uploads\/2017\/07\/CLINICA-3170-237x132.jpg 237w, https:\/\/www.diarioimagen.net\/wp-content\/uploads\/2017\/07\/CLINICA-3170.jpg 480w\" sizes=\"auto, (max-width: 460px) 100vw, 460px\" \/><\/a><p id=\"caption-attachment-336686\" class=\"wp-caption-text\">La Unidad M\u00e9dica de Especialidad Materna de Atlacomulco del ISEM, es considerada un modelo nacional.<\/p><\/div>\n<p>&nbsp;<\/p>\n<p><strong>Atlacomulco, Estado de M\u00e9xico<\/strong>.- Por primera vez, M\u00e9xico fue invitado a participar en el 31 Congreso Internacional de Matronas, realizado en Canad\u00e1, representado por la Unidad M\u00e9dica de Especialidad Materna de Atlacomulco del Instituto de Salud del Estado de M\u00e9xico (ISEM), al ser considerado un modelo nacional en atenci\u00f3n obst\u00e9trica al ser atendida \u00fanicamente por enfermeras y por no registrar casos de mortalidad materna y neonatal durante m\u00e1s de siete a\u00f1os.<\/p>\n<p>Luego de compartir el modelo de atenci\u00f3n en el Congreso, al que asistieron m\u00e1s de 400 enfermeras obstetras de 166 pa\u00edses, organismos internacionales reconocieron el trabajo que realiza el ISEM en una zona rural del estado y del pa\u00eds.<\/p>\n<p>La responsable de esta cl\u00ednica, Raquel Ojeda Solano, dijo que la Fundaci\u00f3n MacArthur elogi\u00f3 los esfuerzos de esta unidad para fortalecer la calidad de atenci\u00f3n perinatal de bajo riesgo, de la salud reproductiva, embarazo, parto, puerperio y seguimiento del reci\u00e9n nacido.<\/p>\n<p>\u201cEn muchas partes del mundo, la obstetricia o matroner\u00eda es una profesi\u00f3n m\u00e9dica, por ello se realiza cada a\u00f1o esta actividad acad\u00e9mica. Nos permiti\u00f3 aportar opiniones y mostrar las metodolog\u00edas que aplicamos en esta unidad, nos enriqueci\u00f3 el intercambio y aportaci\u00f3n de ideas. M\u00e9xico particip\u00f3 por primera vez en el ICM y con esta invitaci\u00f3n buscamos replicar la capacitaci\u00f3n e innovaci\u00f3n a todo el personal\u201d refiri\u00f3.<\/p>\n<p>La Unidad M\u00e9dica de Especialidad Materna de Atlacomulco inici\u00f3 operaciones en marzo de 2010 y\u00a0 a la fecha ha registrado 5 mil 332 nacimientos resultado del trabajo de 37 mujeres profesionales en la salud, tituladas en enfermer\u00eda perinatal y en enfermer\u00eda obst\u00e9trica, m\u00e1s dos especialistas en enfermer\u00eda neonatal.<\/p>\n<p>La Unidad es el modelo que inspir\u00f3 las cl\u00ednicas maternas de las Ciudades Salud ubicadas en Cuautitl\u00e1n, Huixquilucan y Ocuilan, que tambi\u00e9n son \u00fanicas en todo el pa\u00eds.<\/p>\n<p>\u201cDebido a que en a\u00f1os recientes la Organizaci\u00f3n Panamericana de la Salud (OPS) destac\u00f3 la reducci\u00f3n del 30 por ciento de la muerte materna en la entidad, a trav\u00e9s de la mejora de los recursos humanos y el acceso universal a los servicios de maternidad, nos han llevado a capacitar a otras unidades del pa\u00eds y esto nos retroalimenta mucho\u201d, dijo Ojeda Solano.<\/p>\n<p>La cl\u00ednica materna ofrece los servicios de urgencias, consulta externa, medicina preventiva, nutrici\u00f3n, ginecolog\u00eda, puerperio y \u00e1rea de estimulaci\u00f3n temprana, y est\u00e1n a la disposici\u00f3n de m\u00e1s de\u00a0 220 mil mujeres de los municipios de Atlacomulco, Temascalcingo, Acambay, Jocotitl\u00e1n y Timilpan.<\/p>\n<p>Se suma a estos reconocimientos internacionales, una distinci\u00f3n que entreg\u00f3 el Centro Estatal de Vigilancia Epidemiol\u00f3gica y Control de Enfermedades (CEVECE), por contribuir a la reducci\u00f3n de muerte materna en la entidad durante m\u00e1s de siete a\u00f1os.<\/p>\n","protected":false},"excerpt":{"rendered":"<p>Por primera vez, M\u00e9xico fue invitado a participar en el 31 Congreso Internacional de Matronas, realizado en Canad\u00e1, representado por la Unidad M\u00e9dica de Especialidad Materna de Atlacomulco del Instituto de Salud del Estado de M\u00e9xico (ISEM), al ser considerado un modelo nacional en atenci\u00f3n obst\u00e9trica al ser atendida \u00fanicamente por enfermeras y por no registrar casos de mortalidad materna y neonatal durante m\u00e1s de siete a\u00f1os.<\/p>\n","protected":false},"author":3,"featured_media":336686,"comment_status":"open","ping_status":"open","sticky":false,"template":"","format":"standard","meta":{"_monsterinsights_skip_tracking":false,"_monsterinsights_sitenote_active":false,"_monsterinsights_sitenote_note":"","_monsterinsights_sitenote_category":0,"footnotes":""},"categories":[5],"tags":[1302,63353,43675,12862],"class_list":["post-336595","post","type-post","status-publish","format-standard","has-post-thumbnail","hentry","category-estado-de-mexico","tag-atlacomulco","tag-clinica-materna","tag-estado-de-mexico","tag-reconocimiento"],"_links":{"self":[{"href":"https:\/\/www.diarioimagen.net\/index.php?rest_route=\/wp\/v2\/posts\/336595","targetHints":{"allow":["GET"]}}],"collection":[{"href":"https:\/\/www.diarioimagen.net\/index.php?rest_route=\/wp\/v2\/posts"}],"about":[{"href":"https:\/\/www.diarioimagen.net\/index.php?rest_route=\/wp\/v2\/types\/post"}],"author":[{"embeddable":true,"href":"https:\/\/www.diarioimagen.net\/index.php?rest_route=\/wp\/v2\/users\/3"}],"replies":[{"embeddable":true,"href":"https:\/\/www.diarioimagen.net\/index.php?rest_route=%2Fwp%2Fv2%2Fcomments&post=336595"}],"version-history":[{"count":0,"href":"https:\/\/www.diarioimagen.net\/index.php?rest_route=\/wp\/v2\/posts\/336595\/revisions"}],"wp:featuredmedia":[{"embeddable":true,"href":"https:\/\/www.diarioimagen.net\/index.php?rest_route=\/wp\/v2\/media\/336686"}],"wp:attachment":[{"href":"https:\/\/www.diarioimagen.net\/index.php?rest_route=%2Fwp%2Fv2%2Fmedia&parent=336595"}],"wp:term":[{"taxonomy":"category","embeddable":true,"href":"https:\/\/www.diarioimagen.net\/index.php?rest_route=%2Fwp%2Fv2%2Fcategories&post=336595"},{"taxonomy":"post_tag","embeddable":true,"href":"https:\/\/www.diarioimagen.net\/index.php?rest_route=%2Fwp%2Fv2%2Ftags&post=336595"}],"curies":[{"name":"wp","href":"https:\/\/api.w.org\/{rel}","templated":true}]}}