{"id":336606,"date":"2017-07-25T00:09:00","date_gmt":"2017-07-25T05:09:00","guid":{"rendered":"http:\/\/www.diarioimagen.net\/?p=336606"},"modified":"2017-07-25T02:42:04","modified_gmt":"2017-07-25T07:42:04","slug":"camion-cae-a-barranco-en-toluca-hay-siete-lesionados","status":"publish","type":"post","link":"https:\/\/www.diarioimagen.net\/?p=336606","title":{"rendered":"Cami\u00f3n cae a barranco en Toluca; hay siete lesionados"},"content":{"rendered":"<ul>\n<li><strong><em>La unidad se qued\u00f3 sin frenos<\/em><\/strong><\/li>\n<\/ul>\n<p>&nbsp;<\/p>\n<div id=\"attachment_336689\" style=\"width: 470px\" class=\"wp-caption aligncenter\"><a href=\"http:\/\/www.diarioimagen.net\/?attachment_id=336689\" rel=\"attachment wp-att-336689\"><img loading=\"lazy\" decoding=\"async\" aria-describedby=\"caption-attachment-336689\" class=\"size-large wp-image-336689\" src=\"http:\/\/www.diarioimagen.net\/wp-content\/uploads\/2017\/07\/CAMION-3170-460x259.jpg\" alt=\"\" width=\"460\" height=\"259\" srcset=\"https:\/\/www.diarioimagen.net\/wp-content\/uploads\/2017\/07\/CAMION-3170-460x259.jpg 460w, https:\/\/www.diarioimagen.net\/wp-content\/uploads\/2017\/07\/CAMION-3170-240x135.jpg 240w, https:\/\/www.diarioimagen.net\/wp-content\/uploads\/2017\/07\/CAMION-3170-235x132.jpg 235w, https:\/\/www.diarioimagen.net\/wp-content\/uploads\/2017\/07\/CAMION-3170-202x114.jpg 202w, https:\/\/www.diarioimagen.net\/wp-content\/uploads\/2017\/07\/CAMION-3170-350x196.jpg 350w, https:\/\/www.diarioimagen.net\/wp-content\/uploads\/2017\/07\/CAMION-3170-220x123.jpg 220w, https:\/\/www.diarioimagen.net\/wp-content\/uploads\/2017\/07\/CAMION-3170-237x132.jpg 237w, https:\/\/www.diarioimagen.net\/wp-content\/uploads\/2017\/07\/CAMION-3170.jpg 480w\" sizes=\"auto, (max-width: 460px) 100vw, 460px\" \/><\/a><p id=\"caption-attachment-336689\" class=\"wp-caption-text\">El accidente se debi\u00f3 a que el autob\u00fas de pasajeros se qued\u00f3 sin frenos.<\/p><\/div>\n<p>&nbsp;<\/p>\n<p>Un autob\u00fas de la l\u00ednea Autotransportes Gacela cay\u00f3 a un barranco de 15 metros de altura, dejando un saldo de siete personas lesionadas, entre ellas, dos menores de edad, luego de que le fallaran los frenos en una pendiente en la comunidad de Santiago Tlaxomulco, en Toluca, Estado de M\u00e9xico.<\/p>\n<p>El accidente ocurri\u00f3 alrededor de las 12:00 horas, cuando la unidad del transporte, que cada lunes contrataban los comerciantes de esta localidad, proven\u00eda de la Central de Abasto de Toluca, en el Estado de M\u00e9xico, con 22 pasajeros.<\/p>\n<p>Al llegar la zona alta de localidad descendieron cinco y continu\u00f3 su recorrido, que de acuerdo con los pasajeros, la unidad se qued\u00f3 sin frenos y, pese a las maniobras del conductor, termin\u00f3 en el fondo del barranco.<\/p>\n<p>Al lugar acudieron param\u00e9dicos del Servicio de Urgencias del Estado de M\u00e9xico (SUEM), de la Cruz Roja, as\u00ed como bomberos de Toluca y de los propios vecinos de la comunidad que ayudaron a salir a las 15 personas que viajaban en el cami\u00f3n, mientras que los rescatistas sacaron a los siete lesionados en camillas, para ser trasladados a los hospitales generales San Nicol\u00e1s y Adolfo L\u00f3pez Mateos.<\/p>\n<p>En el sitio, polic\u00edas estatales no ubicaron al conductor del autob\u00fas, quien pudo haber salido por s\u00ed solo.<\/p>\n","protected":false},"excerpt":{"rendered":"<p>Un autob\u00fas de la l\u00ednea Autotransportes Gacela cay\u00f3 a un barranco de 15 metros de altura, dejando un saldo de siete personas lesionadas, entre ellas, dos menores de edad, luego de que le fallaran los frenos en una pendiente en la comunidad de Santiago Tlaxomulco, en Toluca, Estado de M\u00e9xico.<\/p>\n","protected":false},"author":3,"featured_media":336689,"comment_status":"open","ping_status":"open","sticky":false,"template":"","format":"standard","meta":{"_monsterinsights_skip_tracking":false,"_monsterinsights_sitenote_active":false,"_monsterinsights_sitenote_note":"","_monsterinsights_sitenote_category":0,"footnotes":""},"categories":[35155],"tags":[46370,11362,63356,43675,452],"class_list":["post-336606","post","type-post","status-publish","format-standard","has-post-thumbnail","hentry","category-estado-de-mexico-estado-de-mexico","tag-accidente","tag-autobus","tag-barranco","tag-estado-de-mexico","tag-toluca"],"_links":{"self":[{"href":"https:\/\/www.diarioimagen.net\/index.php?rest_route=\/wp\/v2\/posts\/336606","targetHints":{"allow":["GET"]}}],"collection":[{"href":"https:\/\/www.diarioimagen.net\/index.php?rest_route=\/wp\/v2\/posts"}],"about":[{"href":"https:\/\/www.diarioimagen.net\/index.php?rest_route=\/wp\/v2\/types\/post"}],"author":[{"embeddable":true,"href":"https:\/\/www.diarioimagen.net\/index.php?rest_route=\/wp\/v2\/users\/3"}],"replies":[{"embeddable":true,"href":"https:\/\/www.diarioimagen.net\/index.php?rest_route=%2Fwp%2Fv2%2Fcomments&post=336606"}],"version-history":[{"count":0,"href":"https:\/\/www.diarioimagen.net\/index.php?rest_route=\/wp\/v2\/posts\/336606\/revisions"}],"wp:featuredmedia":[{"embeddable":true,"href":"https:\/\/www.diarioimagen.net\/index.php?rest_route=\/wp\/v2\/media\/336689"}],"wp:attachment":[{"href":"https:\/\/www.diarioimagen.net\/index.php?rest_route=%2Fwp%2Fv2%2Fmedia&parent=336606"}],"wp:term":[{"taxonomy":"category","embeddable":true,"href":"https:\/\/www.diarioimagen.net\/index.php?rest_route=%2Fwp%2Fv2%2Fcategories&post=336606"},{"taxonomy":"post_tag","embeddable":true,"href":"https:\/\/www.diarioimagen.net\/index.php?rest_route=%2Fwp%2Fv2%2Ftags&post=336606"}],"curies":[{"name":"wp","href":"https:\/\/api.w.org\/{rel}","templated":true}]}}