{"id":336610,"date":"2017-07-25T00:07:44","date_gmt":"2017-07-25T05:07:44","guid":{"rendered":"http:\/\/www.diarioimagen.net\/?p=336610"},"modified":"2017-07-25T02:59:58","modified_gmt":"2017-07-25T07:59:58","slug":"resguardan-tlahuac-mas-de-mil-policias-capitalinos","status":"publish","type":"post","link":"https:\/\/www.diarioimagen.net\/?p=336610","title":{"rendered":"Resguardan Tl\u00e1huac m\u00e1s de mil polic\u00edas capitalinos"},"content":{"rendered":"<ul>\n<li><strong><em>Minimiza la SSP oleada de violencia<\/em><\/strong><\/li>\n<\/ul>\n<p>&nbsp;<\/p>\n<div id=\"attachment_336728\" style=\"width: 470px\" class=\"wp-caption aligncenter\"><a href=\"http:\/\/www.diarioimagen.net\/?attachment_id=336728\" rel=\"attachment wp-att-336728\"><img loading=\"lazy\" decoding=\"async\" aria-describedby=\"caption-attachment-336728\" class=\"size-large wp-image-336728\" src=\"http:\/\/www.diarioimagen.net\/wp-content\/uploads\/2017\/07\/TLAHUAC-3170-460x259.jpg\" alt=\"\" width=\"460\" height=\"259\" srcset=\"https:\/\/www.diarioimagen.net\/wp-content\/uploads\/2017\/07\/TLAHUAC-3170-460x259.jpg 460w, https:\/\/www.diarioimagen.net\/wp-content\/uploads\/2017\/07\/TLAHUAC-3170-240x135.jpg 240w, https:\/\/www.diarioimagen.net\/wp-content\/uploads\/2017\/07\/TLAHUAC-3170-235x132.jpg 235w, https:\/\/www.diarioimagen.net\/wp-content\/uploads\/2017\/07\/TLAHUAC-3170-202x114.jpg 202w, https:\/\/www.diarioimagen.net\/wp-content\/uploads\/2017\/07\/TLAHUAC-3170-350x196.jpg 350w, https:\/\/www.diarioimagen.net\/wp-content\/uploads\/2017\/07\/TLAHUAC-3170-220x123.jpg 220w, https:\/\/www.diarioimagen.net\/wp-content\/uploads\/2017\/07\/TLAHUAC-3170-237x132.jpg 237w, https:\/\/www.diarioimagen.net\/wp-content\/uploads\/2017\/07\/TLAHUAC-3170.jpg 480w\" sizes=\"auto, (max-width: 460px) 100vw, 460px\" \/><\/a><p id=\"caption-attachment-336728\" class=\"wp-caption-text\">M\u00e1s de mil elementos de la corporaci\u00f3n se encuentran desplegados en la delegaci\u00f3n Tl\u00e1huac, anunci\u00f3 Hiram Almeida Estarda.<\/p><\/div>\n<p>&nbsp;<\/p>\n<p>El titular de la Secretar\u00eda de Seguridad P\u00fablica capitalina, Hiram Almeida Estrada, asegur\u00f3 que m\u00e1s de mil elementos de la corporaci\u00f3n se encuentran desplegados en la delegaci\u00f3n Tl\u00e1huac para mantener la calma y la seguridad de la poblaci\u00f3n.<\/p>\n<p>Personal de la corporaci\u00f3n trabaja para regresar la normalidad a esa demarcaci\u00f3n, tanto en la calles, como en las escuelas, comercios y casas.<\/p>\n<p>El funcionario capitalino precis\u00f3 que en el lugar donde se suscit\u00f3 el enfrentamiento entre integrantes de organizaciones delincuenciales y elementos de la Marina y la Polic\u00eda Federal, es apenas una de las siete colonias y barrios que componen la delegaci\u00f3n Tl\u00e1huac.<\/p>\n<p>En el marco del Foro: \u201cPreviniendo las adicciones, prevenimos el delito\u201d, resalt\u00f3 que las indicaciones del jefe de gobierno de la Ciudad de M\u00e9xico, Miguel \u00c1ngel Mancera, es seguir trabajando para resguardar la tranquilidad de las 16 delegaciones que componen la capital del pa\u00eds.<\/p>\n<p>Momentos antes de participar en el acto organizado por la Comisi\u00f3n de Seguridad P\u00fablica de la Asamblea Legislativa, Almeida Estrada aclar\u00f3 que la Marina s\u00f3lo resguarda el predio donde viv\u00eda Felipe de Jes\u00fas \u201cN\u201d, presunto l\u00edder de la banda que operaba en esa delegaci\u00f3n.<\/p>\n<p>Por otra parte, sostuvo que el enfrentamiento del domingo en la delegaci\u00f3n Iztapalapa fue un hecho totalmente desvinculado de lo que sucedi\u00f3 en Tl\u00e1huac, toda vez que fue un enfrentamiento entre l\u00edderes del tianguis que colinda con el Estado de M\u00e9xico y ya se est\u00e1 investigando.<\/p>\n<p>Con el prop\u00f3sito de evitar mayores enfrentamientos, dijo, se refuerza la seguridad del lado de la Ciudad de M\u00e9xico.<\/p>\n<p>Explic\u00f3 que se trata de un tianguis muy extenso, con un kil\u00f3metro de largo, de tal manera que se trabajar\u00e1 coordinadamente con el municipio de Nezahualc\u00f3yotl, as\u00ed como con otras localidades contiguas con los l\u00edmites de la ciudad, para tener mejores niveles de atenci\u00f3n y seguridad para la ciudadan\u00eda.<\/p>\n","protected":false},"excerpt":{"rendered":"<p>El titular de la Secretar\u00eda de Seguridad P\u00fablica capitalina, Hiram Almeida Estrada, asegur\u00f3 que m\u00e1s de mil elementos de la corporaci\u00f3n se encuentran desplegados en la delegaci\u00f3n Tl\u00e1huac para mantener la calma y la seguridad de la poblaci\u00f3n.<\/p>\n","protected":false},"author":3,"featured_media":336728,"comment_status":"open","ping_status":"open","sticky":false,"template":"","format":"standard","meta":{"_monsterinsights_skip_tracking":false,"_monsterinsights_sitenote_active":false,"_monsterinsights_sitenote_note":"","_monsterinsights_sitenote_category":0,"footnotes":""},"categories":[6],"tags":[204,63357,12830],"class_list":["post-336610","post","type-post","status-publish","format-standard","has-post-thumbnail","hentry","category-cd-de-mexico","tag-ciudad-de-mexico","tag-resguardan","tag-tlahuac"],"_links":{"self":[{"href":"https:\/\/www.diarioimagen.net\/index.php?rest_route=\/wp\/v2\/posts\/336610","targetHints":{"allow":["GET"]}}],"collection":[{"href":"https:\/\/www.diarioimagen.net\/index.php?rest_route=\/wp\/v2\/posts"}],"about":[{"href":"https:\/\/www.diarioimagen.net\/index.php?rest_route=\/wp\/v2\/types\/post"}],"author":[{"embeddable":true,"href":"https:\/\/www.diarioimagen.net\/index.php?rest_route=\/wp\/v2\/users\/3"}],"replies":[{"embeddable":true,"href":"https:\/\/www.diarioimagen.net\/index.php?rest_route=%2Fwp%2Fv2%2Fcomments&post=336610"}],"version-history":[{"count":0,"href":"https:\/\/www.diarioimagen.net\/index.php?rest_route=\/wp\/v2\/posts\/336610\/revisions"}],"wp:featuredmedia":[{"embeddable":true,"href":"https:\/\/www.diarioimagen.net\/index.php?rest_route=\/wp\/v2\/media\/336728"}],"wp:attachment":[{"href":"https:\/\/www.diarioimagen.net\/index.php?rest_route=%2Fwp%2Fv2%2Fmedia&parent=336610"}],"wp:term":[{"taxonomy":"category","embeddable":true,"href":"https:\/\/www.diarioimagen.net\/index.php?rest_route=%2Fwp%2Fv2%2Fcategories&post=336610"},{"taxonomy":"post_tag","embeddable":true,"href":"https:\/\/www.diarioimagen.net\/index.php?rest_route=%2Fwp%2Fv2%2Ftags&post=336610"}],"curies":[{"name":"wp","href":"https:\/\/api.w.org\/{rel}","templated":true}]}}