{"id":336612,"date":"2017-07-25T00:05:42","date_gmt":"2017-07-25T05:05:42","guid":{"rendered":"http:\/\/www.diarioimagen.net\/?p=336612"},"modified":"2017-07-25T03:01:12","modified_gmt":"2017-07-25T08:01:12","slug":"caen-7-en-panteon-de-tezonco-previo-al-funeral-de-el-ojos","status":"publish","type":"post","link":"https:\/\/www.diarioimagen.net\/?p=336612","title":{"rendered":"Caen 7 en pante\u00f3n de Tezonco, previo al funeral de \u201cEl Ojos\u201d"},"content":{"rendered":"<p><a href=\"http:\/\/www.diarioimagen.net\/?attachment_id=336731\" rel=\"attachment wp-att-336731\"><img loading=\"lazy\" decoding=\"async\" class=\"aligncenter size-large wp-image-336731\" src=\"http:\/\/www.diarioimagen.net\/wp-content\/uploads\/2017\/07\/OJOS-3170-460x259.jpg\" alt=\"\" width=\"460\" height=\"259\" srcset=\"https:\/\/www.diarioimagen.net\/wp-content\/uploads\/2017\/07\/OJOS-3170-460x259.jpg 460w, https:\/\/www.diarioimagen.net\/wp-content\/uploads\/2017\/07\/OJOS-3170-240x135.jpg 240w, https:\/\/www.diarioimagen.net\/wp-content\/uploads\/2017\/07\/OJOS-3170-235x132.jpg 235w, https:\/\/www.diarioimagen.net\/wp-content\/uploads\/2017\/07\/OJOS-3170-202x114.jpg 202w, https:\/\/www.diarioimagen.net\/wp-content\/uploads\/2017\/07\/OJOS-3170-350x196.jpg 350w, https:\/\/www.diarioimagen.net\/wp-content\/uploads\/2017\/07\/OJOS-3170-220x123.jpg 220w, https:\/\/www.diarioimagen.net\/wp-content\/uploads\/2017\/07\/OJOS-3170-237x132.jpg 237w, https:\/\/www.diarioimagen.net\/wp-content\/uploads\/2017\/07\/OJOS-3170.jpg 480w\" sizes=\"auto, (max-width: 460px) 100vw, 460px\" \/><\/a><\/p>\n<p>&nbsp;<\/p>\n<p>Fueron detenidas siete personas en el pante\u00f3n de San Lorenzo Tezonco, en la delegaci\u00f3n Iztapalapa, previo al funeral de Felipe de Jes\u00fas P\u00e9rez Luna, \u201cEl Ojos\u201d, l\u00edder del c\u00e1rtel de Tl\u00e1huac.<\/p>\n<p>Dos sujetos fueron capturados por presuntamente tener dos armas y droga, mientras que los otros cinco trataron de evitar los arrestos y por eso fueron asegurados. Desde temprana hora, la SSP capitalina implement\u00f3 un operativo en el pante\u00f3n, en donde instalaron retenes para revisar los veh\u00edculos que llegaban.<\/p>\n<p>En la inspecci\u00f3n a dos autom\u00f3viles rojos, los polic\u00edas encontraron dos armas y una bolsa con coca\u00edna, por lo que procedieron a detener a quienes viajaban en ellos. Sin embargo, cinco sujetos m\u00e1s intentaron evitar las capturas y por ello tambi\u00e9n fueron detenidos.<\/p>\n","protected":false},"excerpt":{"rendered":"<p>Fueron detenidas siete personas en el pante\u00f3n de San Lorenzo Tezonco, en la delegaci\u00f3n Iztapalapa, previo al funeral de Felipe de Jes\u00fas P\u00e9rez Luna, \u201cEl Ojos\u201d, l\u00edder del c\u00e1rtel de Tl\u00e1huac.<\/p>\n","protected":false},"author":3,"featured_media":336731,"comment_status":"open","ping_status":"open","sticky":false,"template":"","format":"standard","meta":{"_monsterinsights_skip_tracking":false,"_monsterinsights_sitenote_active":false,"_monsterinsights_sitenote_note":"","_monsterinsights_sitenote_category":0,"footnotes":""},"categories":[6],"tags":[204,63359,8799,63358,63196],"class_list":["post-336612","post","type-post","status-publish","format-standard","has-post-thumbnail","hentry","category-cd-de-mexico","tag-ciudad-de-mexico","tag-funeral","tag-panteon","tag-tezonco","tag-el-ojos"],"_links":{"self":[{"href":"https:\/\/www.diarioimagen.net\/index.php?rest_route=\/wp\/v2\/posts\/336612","targetHints":{"allow":["GET"]}}],"collection":[{"href":"https:\/\/www.diarioimagen.net\/index.php?rest_route=\/wp\/v2\/posts"}],"about":[{"href":"https:\/\/www.diarioimagen.net\/index.php?rest_route=\/wp\/v2\/types\/post"}],"author":[{"embeddable":true,"href":"https:\/\/www.diarioimagen.net\/index.php?rest_route=\/wp\/v2\/users\/3"}],"replies":[{"embeddable":true,"href":"https:\/\/www.diarioimagen.net\/index.php?rest_route=%2Fwp%2Fv2%2Fcomments&post=336612"}],"version-history":[{"count":0,"href":"https:\/\/www.diarioimagen.net\/index.php?rest_route=\/wp\/v2\/posts\/336612\/revisions"}],"wp:featuredmedia":[{"embeddable":true,"href":"https:\/\/www.diarioimagen.net\/index.php?rest_route=\/wp\/v2\/media\/336731"}],"wp:attachment":[{"href":"https:\/\/www.diarioimagen.net\/index.php?rest_route=%2Fwp%2Fv2%2Fmedia&parent=336612"}],"wp:term":[{"taxonomy":"category","embeddable":true,"href":"https:\/\/www.diarioimagen.net\/index.php?rest_route=%2Fwp%2Fv2%2Fcategories&post=336612"},{"taxonomy":"post_tag","embeddable":true,"href":"https:\/\/www.diarioimagen.net\/index.php?rest_route=%2Fwp%2Fv2%2Ftags&post=336612"}],"curies":[{"name":"wp","href":"https:\/\/api.w.org\/{rel}","templated":true}]}}