{"id":336618,"date":"2017-07-25T00:01:41","date_gmt":"2017-07-25T05:01:41","guid":{"rendered":"http:\/\/www.diarioimagen.net\/?p=336618"},"modified":"2017-07-25T02:53:13","modified_gmt":"2017-07-25T07:53:13","slug":"los-millennials-cada-vez-son-mas-importantes-en-distintos-sectores-y-en-el-de-la-aviacion-no-pasan-desapercibidos-air-france-crea-una-aerolinea-para-ellos","status":"publish","type":"post","link":"https:\/\/www.diarioimagen.net\/?p=336618","title":{"rendered":"Los <em>millennials<\/em> cada vez son m\u00e1s importantes en distintos sectores, y en el de la aviaci\u00f3n no pasan desapercibidos; Air France crea una aerol\u00ednea para ellos"},"content":{"rendered":"<h2>De cinco estrellas<\/h2>\n<h5>Victoria Gonz\u00e1lez Prado<\/h5>\n<p>&nbsp;<\/p>\n<ul>\n<li><em><strong>La Feria Internacional de Turismo Terrmal, Salud y Bienestar, Termatalia, del 20 al 23 de septiembre en Ourense, Espa\u00f1a<\/strong><\/em><\/li>\n<li><em><strong>La aerol\u00ednea de Rusia, <\/strong><\/em><strong>S7 Airlines<\/strong><em><strong>, miembro de la alianza global de aerol\u00edneas <\/strong><\/em><strong>Oneworld<\/strong><em><strong>, recibi\u00f3 su primer <\/strong><\/em><strong>Airbus A320neo<\/strong><\/li>\n<\/ul>\n<p>&nbsp;<\/p>\n<div id=\"attachment_336709\" style=\"width: 470px\" class=\"wp-caption aligncenter\"><a href=\"http:\/\/www.diarioimagen.net\/?attachment_id=336709\" rel=\"attachment wp-att-336709\"><img loading=\"lazy\" decoding=\"async\" aria-describedby=\"caption-attachment-336709\" class=\"size-large wp-image-336709\" src=\"http:\/\/www.diarioimagen.net\/wp-content\/uploads\/2017\/07\/turismo-1-3170-460x339.jpg\" alt=\"\" width=\"460\" height=\"339\" srcset=\"https:\/\/www.diarioimagen.net\/wp-content\/uploads\/2017\/07\/turismo-1-3170-460x339.jpg 460w, https:\/\/www.diarioimagen.net\/wp-content\/uploads\/2017\/07\/turismo-1-3170-240x177.jpg 240w, https:\/\/www.diarioimagen.net\/wp-content\/uploads\/2017\/07\/turismo-1-3170-90x65.jpg 90w, https:\/\/www.diarioimagen.net\/wp-content\/uploads\/2017\/07\/turismo-1-3170.jpg 700w\" sizes=\"auto, (max-width: 460px) 100vw, 460px\" \/><\/a><p id=\"caption-attachment-336709\" class=\"wp-caption-text\">La nueva aerol\u00ednea, pensada especialmente en los <em>millennials<\/em>.<\/p><\/div>\n<p>&nbsp;<\/p>\n<p>\u00bfQui\u00e9n lo pensar\u00eda? Los <em>millennials<\/em> se convierten cada d\u00eda m\u00e1s en el centro de atenci\u00f3n en muchos sectores y en el de la aviaci\u00f3n no se escapa. Mercad\u00f3logos y directivos de <em>Air France<\/em>, opinan que los <em>millennials<\/em> son distintos al resto del mundo como para justificar crear una l\u00ednea a\u00e9rea especial para ellos, por lo que anunci\u00f3 la l\u00ednea <em>Joon,<\/em> que no ser\u00e1 de bajo costo, ofrecer\u00e1 una serie de productos y servicios \u201coriginales\u201d en torno a los \u201cexpertos\u201d de la tecnolog\u00eda a quienes se les ha denominado <em>millennials.<\/em><\/p>\n<p>La flota de <em>Joon <\/em>estar\u00e1 compuesta por <em>Airbus A320, A340<\/em> y <em>A350<\/em> e iniciar\u00e1 con rutas que tendr\u00e1n como origen Par\u00eds hacia las principales capitales europeas y del mundo.<\/p>\n<div id=\"attachment_336710\" style=\"width: 470px\" class=\"wp-caption aligncenter\"><a href=\"http:\/\/www.diarioimagen.net\/?attachment_id=336710\" rel=\"attachment wp-att-336710\"><img loading=\"lazy\" decoding=\"async\" aria-describedby=\"caption-attachment-336710\" class=\"size-large wp-image-336710\" src=\"http:\/\/www.diarioimagen.net\/wp-content\/uploads\/2017\/07\/turismo-2-3170-460x259.jpg\" alt=\"\" width=\"460\" height=\"259\" srcset=\"https:\/\/www.diarioimagen.net\/wp-content\/uploads\/2017\/07\/turismo-2-3170-460x259.jpg 460w, https:\/\/www.diarioimagen.net\/wp-content\/uploads\/2017\/07\/turismo-2-3170-240x135.jpg 240w, https:\/\/www.diarioimagen.net\/wp-content\/uploads\/2017\/07\/turismo-2-3170-480x270.jpg 480w, https:\/\/www.diarioimagen.net\/wp-content\/uploads\/2017\/07\/turismo-2-3170-235x132.jpg 235w, https:\/\/www.diarioimagen.net\/wp-content\/uploads\/2017\/07\/turismo-2-3170-202x114.jpg 202w, https:\/\/www.diarioimagen.net\/wp-content\/uploads\/2017\/07\/turismo-2-3170-350x196.jpg 350w, https:\/\/www.diarioimagen.net\/wp-content\/uploads\/2017\/07\/turismo-2-3170-220x123.jpg 220w, https:\/\/www.diarioimagen.net\/wp-content\/uploads\/2017\/07\/turismo-2-3170-237x132.jpg 237w, https:\/\/www.diarioimagen.net\/wp-content\/uploads\/2017\/07\/turismo-2-3170.jpg 700w\" sizes=\"auto, (max-width: 460px) 100vw, 460px\" \/><\/a><p id=\"caption-attachment-336710\" class=\"wp-caption-text\">Ourense es una provincia termal 100 por ciento.<\/p><\/div>\n<p>\u2730\u2730\u2730\u2730\u2730 La Feria Internacional de Turismo Terrmal, Salud y Bienestar, Termatalia, la \u00fanica feria especializada a nivel mundial que representa un puente termal entre Europa y Am\u00e9rica Latina, reunir\u00e1 a profesionales de m\u00e1s de 25 pa\u00edses, en su edici\u00f3n 17, a celebrarse del 20 al 23 de septiembre pr\u00f3ximo en Ourense, Espa\u00f1a.<\/p>\n<p>Tras 16 ediciones de celebraci\u00f3n (en Espa\u00f1a, Per\u00fa, Argentina y M\u00e9xico), en 2017 tendr\u00e1 lugar en su sede oficial en la capital termal de Ourense, donde se convertir\u00e1 de nuevo en un Centro de Negocios y Conocimiento para el sector del Turismo de Salud, el Termalismo, la Talasoterapia y el Spa.<\/p>\n<p>El encuentro fomentar\u00e1 el intercambio de experiencias entre distintos continentes, desde un punto de vista empresarial, institucional y social, para obtener una perspectiva global del sector, con el fin de impulsar el mercado estrat\u00e9gico del Turismo Termal y de Bienestar.<\/p>\n<p>El resultado positivo de las \u00faltimas ediciones, reforzar\u00e1 el proyecto y acelerar\u00e1 la evoluci\u00f3n del sector en numerosos mercados. El objetivo principal de este encuentro es convertirse en un instrumento de cooperaci\u00f3n p\u00fablico-privada para el desarrollo del turismo de salud y bienestar.<\/p>\n<p>De las acciones que habr\u00e1 para los profesionales del sector destacan: XII Encuentro Internacional sobre Agua y Termalismo. II Symposium Internacional de Termalismo y Calidad de Vida. <em>Workshop<\/em> con operadores tur\u00edsticos. Misi\u00f3n de prensa especializada.<\/p>\n<p>Tambi\u00e9n rondas de negocios entre proveedores-distribuidores. Cata internacional de aguas. Proyectos de inversi\u00f3n. Fam Trip: agentes de viajes-minoristas. Rutas termales. Cursos y seminarios.<\/p>\n<p>Termatalia continuar\u00e1 promoviendo la cultura del agua con el objetivo de incrementar el n\u00famero de consumidores a nivel mundial y se dinamizar\u00e1 el certamen con recreaci\u00f3n de un centro termal, bar de aguas, \u00e1reas de relax y bienestar y \u00e1rea de salud.<\/p>\n<p>Estar\u00e1n representados destinos internacionales de Turismo de Salud, Centros Termales, Talasoterapia y Spa, equipamientos y tecnolog\u00eda, construcci\u00f3n, gesti\u00f3n de recursos h\u00eddricos, cosm\u00e9tica, consultor\u00eda y formaci\u00f3n, municipios termales, aguas envasadas y hospitales y cl\u00ednicas.<\/p>\n<p>El turismo de bienestar en el mundo representa la irrupci\u00f3n de una poderosa tendencia de estilo de vida y una industria global cada vez mayor. M\u00e1s de la mitad del crecimiento proyectado en los viajes de turismo y bienestar hasta el 2017 se llevar\u00e1 a cabo en Asia, Iberoam\u00e9rica y el Medio Este\/ Norte de \u00c1frica.<\/p>\n<p>Seg\u00fan el estudio realizado por <em>The Tourism Observatory for Health, Wellness and Spa,<\/em> el n\u00famero de turistas que viajan por <em>Wellness<\/em> se ha incrementado de forma notable. La tendencia del sector ha variado en los \u00faltimos a\u00f1os, algunos de los mercados que antes s\u00f3lo eran receptores de turistas, ahora tambi\u00e9n son emisores, como es el caso de del Sudeste de \u00c1frica, lo cual influye positivamente en el incremento del Turismo de Bienestar.<\/p>\n<p>De acuerdo con la definici\u00f3n de \u201c<em>The Global WellnessTourism<\/em>\u201d, el turismo de bienesta<strong>r <\/strong>engloba todos los viajes realizados con la b\u00fasqueda de mantener o mejorar el equilibro f\u00edsico y mental personal. En contraste con el paradigma de la medicina, que se centra en los enfoques curativos cl\u00ednicos, el bienestar es proactivo, voluntario y de iniciativa personal.<\/p>\n<p>Las cifras del turismo de bienestar son muy representativas. Genero 494 mil millones de ingresos en 2013. Present\u00f3 un aumento del 12.5% respecto de 2012. Superando significativamente la previsi\u00f3n de crecimiento original del SRI del 9 por ciento.<\/p>\n<p>El turismo de bienestar representa el 14,6 por ciento de todos los gastos de turismo. Est\u00e1 creciendo mucho m\u00e1s r\u00e1pido, un 7.3 por ciento m\u00e1s que el nivel de gasto general de turismo de 2012-2013. Representa aproximadamente un 6.2 por ciento del total de los viajes tur\u00edsticos nacionales e internacionales. 586.5 mil viajes de turismo de bienestar realizados en 2013.<\/p>\n<p>Los turistas de Bienestar Internacionales gastan un 59 por ciento m\u00e1s que turistas internacionales medios.<\/p>\n<p>&nbsp;<\/p>\n<div id=\"attachment_336705\" style=\"width: 470px\" class=\"wp-caption aligncenter\"><a href=\"http:\/\/www.diarioimagen.net\/?attachment_id=336705\" rel=\"attachment wp-att-336705\"><img loading=\"lazy\" decoding=\"async\" aria-describedby=\"caption-attachment-336705\" class=\"size-large wp-image-336705\" src=\"http:\/\/www.diarioimagen.net\/wp-content\/uploads\/2017\/07\/turismo-3170-460x259.jpg\" alt=\"\" width=\"460\" height=\"259\" srcset=\"https:\/\/www.diarioimagen.net\/wp-content\/uploads\/2017\/07\/turismo-3170-460x259.jpg 460w, https:\/\/www.diarioimagen.net\/wp-content\/uploads\/2017\/07\/turismo-3170-240x135.jpg 240w, https:\/\/www.diarioimagen.net\/wp-content\/uploads\/2017\/07\/turismo-3170-235x132.jpg 235w, https:\/\/www.diarioimagen.net\/wp-content\/uploads\/2017\/07\/turismo-3170-202x114.jpg 202w, https:\/\/www.diarioimagen.net\/wp-content\/uploads\/2017\/07\/turismo-3170-350x196.jpg 350w, https:\/\/www.diarioimagen.net\/wp-content\/uploads\/2017\/07\/turismo-3170-220x123.jpg 220w, https:\/\/www.diarioimagen.net\/wp-content\/uploads\/2017\/07\/turismo-3170-237x132.jpg 237w, https:\/\/www.diarioimagen.net\/wp-content\/uploads\/2017\/07\/turismo-3170.jpg 480w\" sizes=\"auto, (max-width: 460px) 100vw, 460px\" \/><\/a><p id=\"caption-attachment-336705\" class=\"wp-caption-text\">Recibe S7 Airlines el primer <em>A320neo<\/em>.<\/p><\/div>\n<p>\u2730\u2730\u2730\u2730\u2730 Una de las principales aerol\u00edneas de Rusia, <em>S7 Airlines<\/em>, miembro de la alianza global de aerol\u00edneas <em>Oneworld,<\/em> recibi\u00f3 su primer <em>Airbus A320neo<\/em> que fue arrendado a <em>BOC Aviation<\/em> y adem\u00e1s resulta ser el primero de este modelo en operar en Rusia.<\/p>\n<p>Equipado con motores <em>Pratt &amp; Whitney,<\/em> el <em>A320neo<\/em> de S7 cuenta con un dise\u00f1o en cabina de dos clases (ocho asientos en clase ejecutiva y 156 en clase econ\u00f3mica). La aerol\u00ednea operar\u00e1 el avi\u00f3n en rutas dom\u00e9sticas e internacionales. Desde que el primer ejemplar de la familia <em>A320<\/em> entr\u00f3 en servicio en 2004, la flota de <em>Airbus <\/em>de <em>S7<\/em> ha crecido a 44 aviones de esa l\u00ednea de modelos.<\/p>\n<p><em><a href=\"mailto:victoriagprado@gmail.com\" target=\"_blank\" rel=\"noopener noreferrer\">victoriagprado@gmail.com<\/a><\/em><br \/>\n<em> Twitter: <a href=\"https:\/\/twitter.com\/victoriagprado\" target=\"_blank\" rel=\"noopener noreferrer\">@victoriagprado<\/a><\/em><\/p>\n","protected":false},"excerpt":{"rendered":"<p>\u00bfQui\u00e9n lo pensar\u00eda? Los <em>millennials<\/em> se convierten cada d\u00eda m\u00e1s en el centro de atenci\u00f3n en muchos sectores y en el de la aviaci\u00f3n no se escapa. Mercad\u00f3logos y directivos de <em>Air France<\/em>, opinan que los <em>millennials<\/em> son distintos al resto del mundo como para justificar crear una l\u00ednea a\u00e9rea especial para ellos.<\/p>\n","protected":false},"author":3,"featured_media":336705,"comment_status":"open","ping_status":"open","sticky":false,"template":"","format":"standard","meta":{"_monsterinsights_skip_tracking":false,"_monsterinsights_sitenote_active":false,"_monsterinsights_sitenote_note":"","_monsterinsights_sitenote_category":0,"footnotes":""},"categories":[11],"tags":[107,43674,13867,106],"class_list":["post-336618","post","type-post","status-publish","format-standard","has-post-thumbnail","hentry","category-turismo","tag-de-cinco-estrellas","tag-opinion","tag-tuirismo","tag-victoria-gonzalez-prado"],"_links":{"self":[{"href":"https:\/\/www.diarioimagen.net\/index.php?rest_route=\/wp\/v2\/posts\/336618","targetHints":{"allow":["GET"]}}],"collection":[{"href":"https:\/\/www.diarioimagen.net\/index.php?rest_route=\/wp\/v2\/posts"}],"about":[{"href":"https:\/\/www.diarioimagen.net\/index.php?rest_route=\/wp\/v2\/types\/post"}],"author":[{"embeddable":true,"href":"https:\/\/www.diarioimagen.net\/index.php?rest_route=\/wp\/v2\/users\/3"}],"replies":[{"embeddable":true,"href":"https:\/\/www.diarioimagen.net\/index.php?rest_route=%2Fwp%2Fv2%2Fcomments&post=336618"}],"version-history":[{"count":0,"href":"https:\/\/www.diarioimagen.net\/index.php?rest_route=\/wp\/v2\/posts\/336618\/revisions"}],"wp:featuredmedia":[{"embeddable":true,"href":"https:\/\/www.diarioimagen.net\/index.php?rest_route=\/wp\/v2\/media\/336705"}],"wp:attachment":[{"href":"https:\/\/www.diarioimagen.net\/index.php?rest_route=%2Fwp%2Fv2%2Fmedia&parent=336618"}],"wp:term":[{"taxonomy":"category","embeddable":true,"href":"https:\/\/www.diarioimagen.net\/index.php?rest_route=%2Fwp%2Fv2%2Fcategories&post=336618"},{"taxonomy":"post_tag","embeddable":true,"href":"https:\/\/www.diarioimagen.net\/index.php?rest_route=%2Fwp%2Fv2%2Ftags&post=336618"}],"curies":[{"name":"wp","href":"https:\/\/api.w.org\/{rel}","templated":true}]}}