{"id":336798,"date":"2017-07-26T00:04:16","date_gmt":"2017-07-26T05:04:16","guid":{"rendered":"http:\/\/www.diarioimagen.net\/?p=336798"},"modified":"2017-07-26T23:28:34","modified_gmt":"2017-07-27T04:28:34","slug":"rinde-protesta-fiscal-especializado-de-combate-a-la-corrupcion","status":"publish","type":"post","link":"https:\/\/www.diarioimagen.net\/?p=336798","title":{"rendered":"Jucopo: sin objeci\u00f3n, el nombramiento de Vi\u00f1as Correa como fiscal Anticorrupci\u00f3n"},"content":{"rendered":"<ul>\n<li><strong><em>Representantes de partidos votaron por unanimidad<\/em><\/strong><\/li>\n<\/ul>\n<p>&nbsp;<\/p>\n<div id=\"attachment_336799\" style=\"width: 470px\" class=\"wp-caption aligncenter\"><img loading=\"lazy\" decoding=\"async\" aria-describedby=\"caption-attachment-336799\" class=\"size-large wp-image-336799\" src=\"http:\/\/www.diarioimagen.net\/wp-content\/uploads\/2017\/07\/FISCAL26-portal-460x268.jpg\" alt=\"\" width=\"460\" height=\"268\" srcset=\"https:\/\/www.diarioimagen.net\/wp-content\/uploads\/2017\/07\/FISCAL26-portal-460x268.jpg 460w, https:\/\/www.diarioimagen.net\/wp-content\/uploads\/2017\/07\/FISCAL26-portal-240x140.jpg 240w, https:\/\/www.diarioimagen.net\/wp-content\/uploads\/2017\/07\/FISCAL26-portal.jpg 480w\" sizes=\"auto, (max-width: 460px) 100vw, 460px\" \/><p id=\"caption-attachment-336799\" class=\"wp-caption-text\">El fiscal Alejandro G\u00f3mez tom\u00f3 protesta a Jos\u00e9 de la Luz Vi\u00f1as, como Fiscal Especializado en Combate a la Corrupci\u00f3n; a Mar\u00eda Elena Camacho, como titular de la Visitadur\u00eda General y ratific\u00f3 en su cargo a Claudia Romero, como Contralora Interna.<\/p><\/div>\n<p>&nbsp;<\/p>\n<p><strong>Toluca, Estado de M\u00e9xico<\/strong>.- La 59 Legislatura mexiquense, a trav\u00e9s de la Junta de Coordinaci\u00f3n Pol\u00edtica (Jucopo), no objet\u00f3 el nombramiento de Jos\u00e9 de la Luz Vi\u00f1as Correa como titular de la Fiscal\u00eda Especializada en Combate a la Corrupci\u00f3n del Estado de M\u00e9xico, dio a conocer el diputado Cruz Roa S\u00e1nchez, presidente de la Jucopo.<\/p>\n<p>Explic\u00f3 que conforme al plazo de 10 d\u00edas establecido por la Constituci\u00f3n estatal para objetar o no dicho nombramiento hecho por el fiscal general de Justicia del Estado de M\u00e9xico, Alejandro Jaime G\u00f3mez S\u00e1nchez, los nueve integrantes de la Jucopo, que representan a los nueve partidos pol\u00edticos, decidieron no objetarlo.<\/p>\n<p>En consecuencia, agreg\u00f3 el legislador, se confirma el nombramiento de Jos\u00e9 de la Luz Vi\u00f1as como titular de la Fiscal\u00eda Especializada en Combate a la Corrupci\u00f3n, encargada de la investigaci\u00f3n de los delitos derivados de las acciones u omisiones de los servidores p\u00fablicos y particulares que sean consideradas actos de corrupci\u00f3n, incluso en grado de tentativa.<\/p>\n<p>Cabe recordar que el pasado 10 de julio los integrantes de la Junta de Coordinaci\u00f3n Pol\u00edtica se reunieron con el fiscal general de Justicia, quien les comunic\u00f3 este nombramiento.<\/p>\n","protected":false},"excerpt":{"rendered":"<p>Alejandro G\u00f3mez S\u00e1nchez, Fiscal General de Justicia del Estado de M\u00e9xico, tom\u00f3 protesta a Jos\u00e9 de la Luz Vi\u00f1as Correa, como Fiscal Especializado en Combate a la Corrupci\u00f3n; a Mar\u00eda Elena Camacho Robles, como titular de la Visitadur\u00eda General y ratific\u00f3 en su cargo a Claudia Romero Land\u00e1zuri, como Contralora Interna de esta Instituci\u00f3n, durante un evento que se llev\u00f3 a cabo en las instalaciones del edificio central de la Fiscal\u00eda estatal.<\/p>\n","protected":false},"author":5,"featured_media":336799,"comment_status":"open","ping_status":"open","sticky":false,"template":"","format":"standard","meta":{"_monsterinsights_skip_tracking":false,"_monsterinsights_sitenote_active":false,"_monsterinsights_sitenote_note":"","_monsterinsights_sitenote_category":0,"footnotes":""},"categories":[5],"tags":[21533,6665,63382,63383,63381],"class_list":["post-336798","post","type-post","status-publish","format-standard","has-post-thumbnail","hentry","category-estado-de-mexico","tag-combate","tag-corrupcion","tag-fiscal-especializado","tag-luz-vinas-correa","tag-rinde-protesta"],"_links":{"self":[{"href":"https:\/\/www.diarioimagen.net\/index.php?rest_route=\/wp\/v2\/posts\/336798","targetHints":{"allow":["GET"]}}],"collection":[{"href":"https:\/\/www.diarioimagen.net\/index.php?rest_route=\/wp\/v2\/posts"}],"about":[{"href":"https:\/\/www.diarioimagen.net\/index.php?rest_route=\/wp\/v2\/types\/post"}],"author":[{"embeddable":true,"href":"https:\/\/www.diarioimagen.net\/index.php?rest_route=\/wp\/v2\/users\/5"}],"replies":[{"embeddable":true,"href":"https:\/\/www.diarioimagen.net\/index.php?rest_route=%2Fwp%2Fv2%2Fcomments&post=336798"}],"version-history":[{"count":0,"href":"https:\/\/www.diarioimagen.net\/index.php?rest_route=\/wp\/v2\/posts\/336798\/revisions"}],"wp:featuredmedia":[{"embeddable":true,"href":"https:\/\/www.diarioimagen.net\/index.php?rest_route=\/wp\/v2\/media\/336799"}],"wp:attachment":[{"href":"https:\/\/www.diarioimagen.net\/index.php?rest_route=%2Fwp%2Fv2%2Fmedia&parent=336798"}],"wp:term":[{"taxonomy":"category","embeddable":true,"href":"https:\/\/www.diarioimagen.net\/index.php?rest_route=%2Fwp%2Fv2%2Fcategories&post=336798"},{"taxonomy":"post_tag","embeddable":true,"href":"https:\/\/www.diarioimagen.net\/index.php?rest_route=%2Fwp%2Fv2%2Ftags&post=336798"}],"curies":[{"name":"wp","href":"https:\/\/api.w.org\/{rel}","templated":true}]}}