{"id":336844,"date":"2017-07-26T00:10:17","date_gmt":"2017-07-26T05:10:17","guid":{"rendered":"http:\/\/www.diarioimagen.net\/?p=336844"},"modified":"2017-07-26T02:10:45","modified_gmt":"2017-07-26T07:10:45","slug":"invertidos-mas-de-7-mil-600-mdp-en-sector-salud","status":"publish","type":"post","link":"https:\/\/www.diarioimagen.net\/?p=336844","title":{"rendered":"Invertidos, m\u00e1s de 7 mil 600 mdp en sector salud"},"content":{"rendered":"<h2>Arco Norte<\/h2>\n<h5>Jos\u00e9 Luis Monta\u00f1ez Aguilar<\/h5>\n<p>&nbsp;<\/p>\n<p><a href=\"http:\/\/www.diarioimagen.net\/?attachment_id=336927\" rel=\"attachment wp-att-336927\"><img loading=\"lazy\" decoding=\"async\" class=\"aligncenter size-large wp-image-336927\" src=\"http:\/\/www.diarioimagen.net\/wp-content\/uploads\/2017\/07\/arco-3171-460x259.jpg\" alt=\"\" width=\"460\" height=\"259\" srcset=\"https:\/\/www.diarioimagen.net\/wp-content\/uploads\/2017\/07\/arco-3171-460x259.jpg 460w, https:\/\/www.diarioimagen.net\/wp-content\/uploads\/2017\/07\/arco-3171-240x135.jpg 240w, https:\/\/www.diarioimagen.net\/wp-content\/uploads\/2017\/07\/arco-3171-235x132.jpg 235w, https:\/\/www.diarioimagen.net\/wp-content\/uploads\/2017\/07\/arco-3171-202x114.jpg 202w, https:\/\/www.diarioimagen.net\/wp-content\/uploads\/2017\/07\/arco-3171-350x196.jpg 350w, https:\/\/www.diarioimagen.net\/wp-content\/uploads\/2017\/07\/arco-3171-220x123.jpg 220w, https:\/\/www.diarioimagen.net\/wp-content\/uploads\/2017\/07\/arco-3171-237x132.jpg 237w, https:\/\/www.diarioimagen.net\/wp-content\/uploads\/2017\/07\/arco-3171.jpg 480w\" sizes=\"auto, (max-width: 460px) 100vw, 460px\" \/><\/a><\/p>\n<p>&nbsp;<\/p>\n<p>M\u00e1s de 2 mil personas, principalmente adultos mayores mexiquenses, ser\u00e1n beneficiadas con cirug\u00edas gratuitas de cataratas en el Hospital de la Salud Visual de Naucalpan, como parte del programa Para Verte Mejor, inform\u00f3 el gobernador Eruviel \u00c1vila durante el inicio de la entrega de los primeros vales para acceder a estas intervenciones.<\/p>\n<p>Al inaugurar el Centro de Salud de Cuautlalcingo, en Otumba, Eruviel \u00c1vila afirm\u00f3 que este tipo de cirug\u00edas, las cuales en sanatorios particulares llegan a tener un costo de hasta 60 mil pesos, mejoran la calidad de las personas en sus relaciones interpersonales, as\u00ed como en su movilidad f\u00edsica.<\/p>\n<p>A trav\u00e9s <em>Facebook Live<\/em>, detall\u00f3 que durante su administraci\u00f3n se han invertido m\u00e1s de 7 mil 600 millones de pesos en materia de salud, lo que ayuda a combatir la pobreza.<\/p>\n<p style=\"text-align: center;\"><strong>Rinde protesta Fiscal Especializado de Combate a la Corrupci\u00f3n <\/strong><\/p>\n<p>Alejandro G\u00f3mez S\u00e1nchez, Fiscal General de Justicia del Estado de M\u00e9xico, tom\u00f3 protesta a Jos\u00e9 de la Luz Vi\u00f1as Correa, como Fiscal Especializado en Combate a la Corrupci\u00f3n; a Mar\u00eda Elena Camacho Robles, como titular de la Visitadur\u00eda General y ratific\u00f3 en su cargo a Claudia Romero Land\u00e1zuri, como Contralora Interna de esta Instituci\u00f3n.<\/p>\n<p>Romero Land\u00e1zuri desempe\u00f1\u00f3 varios cargos en la Procuradur\u00eda General de Justicia del Estado de M\u00e9xico, entre ellos fue agente del Ministerio P\u00fablico, subdirectora de Control de Procesos del Valle de M\u00e9xico y directora en la Subprocuradur\u00eda Jur\u00eddica.<\/p>\n<p>Tambi\u00e9n labor\u00f3 en la extinta Secretar\u00eda de Seguridad P\u00fablica Federal, y en la PGR, donde fue directora de Averiguaciones Previas en la Fiscal\u00eda Especial para el Combate a la Corrupci\u00f3n; posteriormente ocup\u00f3 un cargo en la Direcci\u00f3n General de Visitadur\u00eda, de donde tambi\u00e9n fue encargada de despacho, adem\u00e1s de ser Directora de Control de Procesos Penales Federales de la Zona Suroeste. El fiscal\u00a0 tom\u00f3 protesta tambi\u00e9n a Mar\u00eda Elena Camacho Robles, como titular de la Visitadur\u00eda General, \u00e1rea que estar\u00e1 encargada de verificar la actuaci\u00f3n de los servidores p\u00fablicos de la Instituci\u00f3n, elaborar actas y realizar observaciones, recomendaciones e instrucciones para mejorar el servicio.<\/p>\n<p><em><a href=\"mailto:montanezaguilar@gmail.com\" target=\"_blank\" rel=\"noopener noreferrer\">montanezaguilar@gmail.com<\/a><\/em><\/p>\n","protected":false},"excerpt":{"rendered":"<p><span style=\"color: #005497;\">Jos\u00e9 Luis Monta\u00f1ez Aguilar<\/span><br \/>\n<br \/>\nM\u00e1s de 2 mil personas, principalmente adultos mayores mexiquenses, ser\u00e1n beneficiadas con cirug\u00edas gratuitas de cataratas en el Hospital de la Salud Visual de Naucalpan, como parte del programa Para Verte Mejor, inform\u00f3 el gobernador Eruviel \u00c1vila durante el inicio de la entrega de los primeros vales para acceder a estas intervenciones.<\/p>\n","protected":false},"author":3,"featured_media":336927,"comment_status":"open","ping_status":"open","sticky":false,"template":"","format":"standard","meta":{"_monsterinsights_skip_tracking":false,"_monsterinsights_sitenote_active":false,"_monsterinsights_sitenote_note":"","_monsterinsights_sitenote_category":0,"footnotes":""},"categories":[5],"tags":[13284,43704,43674],"class_list":["post-336844","post","type-post","status-publish","format-standard","has-post-thumbnail","hentry","category-estado-de-mexico","tag-arco-norte","tag-jose-luis-montanez-aguilar","tag-opinion"],"_links":{"self":[{"href":"https:\/\/www.diarioimagen.net\/index.php?rest_route=\/wp\/v2\/posts\/336844","targetHints":{"allow":["GET"]}}],"collection":[{"href":"https:\/\/www.diarioimagen.net\/index.php?rest_route=\/wp\/v2\/posts"}],"about":[{"href":"https:\/\/www.diarioimagen.net\/index.php?rest_route=\/wp\/v2\/types\/post"}],"author":[{"embeddable":true,"href":"https:\/\/www.diarioimagen.net\/index.php?rest_route=\/wp\/v2\/users\/3"}],"replies":[{"embeddable":true,"href":"https:\/\/www.diarioimagen.net\/index.php?rest_route=%2Fwp%2Fv2%2Fcomments&post=336844"}],"version-history":[{"count":0,"href":"https:\/\/www.diarioimagen.net\/index.php?rest_route=\/wp\/v2\/posts\/336844\/revisions"}],"wp:featuredmedia":[{"embeddable":true,"href":"https:\/\/www.diarioimagen.net\/index.php?rest_route=\/wp\/v2\/media\/336927"}],"wp:attachment":[{"href":"https:\/\/www.diarioimagen.net\/index.php?rest_route=%2Fwp%2Fv2%2Fmedia&parent=336844"}],"wp:term":[{"taxonomy":"category","embeddable":true,"href":"https:\/\/www.diarioimagen.net\/index.php?rest_route=%2Fwp%2Fv2%2Fcategories&post=336844"},{"taxonomy":"post_tag","embeddable":true,"href":"https:\/\/www.diarioimagen.net\/index.php?rest_route=%2Fwp%2Fv2%2Ftags&post=336844"}],"curies":[{"name":"wp","href":"https:\/\/api.w.org\/{rel}","templated":true}]}}