{"id":336886,"date":"2017-07-26T00:05:23","date_gmt":"2017-07-26T05:05:23","guid":{"rendered":"http:\/\/www.diarioimagen.net\/?p=336886"},"modified":"2017-07-26T02:55:31","modified_gmt":"2017-07-26T07:55:31","slug":"abre-el-gobierno-de-metepec-convocatoria-para-emprendedores","status":"publish","type":"post","link":"https:\/\/www.diarioimagen.net\/?p=336886","title":{"rendered":"Abre el gobierno de Metepec convocatoria para emprendedores"},"content":{"rendered":"<ul>\n<li><strong><em>Alistan Segunda Expo Metepec Contigo Emprende<\/em><\/strong><\/li>\n<\/ul>\n<p>&nbsp;<\/p>\n<div id=\"attachment_336972\" style=\"width: 470px\" class=\"wp-caption aligncenter\"><a href=\"http:\/\/www.diarioimagen.net\/?attachment_id=336972\" rel=\"attachment wp-att-336972\"><img loading=\"lazy\" decoding=\"async\" aria-describedby=\"caption-attachment-336972\" class=\"size-large wp-image-336972\" src=\"http:\/\/www.diarioimagen.net\/wp-content\/uploads\/2017\/07\/METEPEC-3171-460x259.jpg\" alt=\"\" width=\"460\" height=\"259\" srcset=\"https:\/\/www.diarioimagen.net\/wp-content\/uploads\/2017\/07\/METEPEC-3171-460x259.jpg 460w, https:\/\/www.diarioimagen.net\/wp-content\/uploads\/2017\/07\/METEPEC-3171-240x135.jpg 240w, https:\/\/www.diarioimagen.net\/wp-content\/uploads\/2017\/07\/METEPEC-3171-235x132.jpg 235w, https:\/\/www.diarioimagen.net\/wp-content\/uploads\/2017\/07\/METEPEC-3171-202x114.jpg 202w, https:\/\/www.diarioimagen.net\/wp-content\/uploads\/2017\/07\/METEPEC-3171-350x196.jpg 350w, https:\/\/www.diarioimagen.net\/wp-content\/uploads\/2017\/07\/METEPEC-3171-220x123.jpg 220w, https:\/\/www.diarioimagen.net\/wp-content\/uploads\/2017\/07\/METEPEC-3171-237x132.jpg 237w, https:\/\/www.diarioimagen.net\/wp-content\/uploads\/2017\/07\/METEPEC-3171.jpg 480w\" sizes=\"auto, (max-width: 460px) 100vw, 460px\" \/><\/a><p id=\"caption-attachment-336972\" class=\"wp-caption-text\">En la Segunda Expo Metepec Contigo Emprende podr\u00e1n participar alumnos mayores de 18 a\u00f1os, inscritos en alguna instituci\u00f3n educativa de nivel superior.<\/p><\/div>\n<p>&nbsp;<\/p>\n<p><strong>Metepec, Estado de M\u00e9xico<\/strong>.-\u00a0Como parte de las acciones en apoyo a proyectos innovadores, por segundo a\u00f1o consecutivo el gobierno que encabeza el presidente municipal David L\u00f3pez C\u00e1rdenas, llevar\u00e1 a cabo la Expo Metepec Contigo Emprende.<\/p>\n<p>El evento coordinado por la Direcci\u00f3n de Desarrollo Econ\u00f3mico, Tur\u00edstico y Artesanal, se realizar\u00e1 en el mes de septiembre\u00a0con\u00a0el\u00a0objetivo de impulsar la creaci\u00f3n de empresas de base tecnol\u00f3gica, as\u00ed como la transformaci\u00f3n de estudiantes en emprendedores que ofrezcan productos y servicios innovadores en beneficio al desarrollo de la econom\u00eda del municipio, por lo que la convocatoria ya\u00a0se encuentra disponible en el sitio oficial del ayuntamiento\u00a0www.metepec.gob.mx.<\/p>\n<p>En la Segunda Expo Metepec Contigo Emprende, podr\u00e1n participar alumnos mayores de 18 a\u00f1os, inscritos en alguna instituci\u00f3n educativa de nivel superior, interesados en iniciar un negocio.<\/p>\n<p>El proyecto puede realizarse de forma individual o en equipo con trabajos originales e in\u00e9ditos, en las categor\u00edas de innovaci\u00f3n tecnol\u00f3gica y desarrollo sustentable en el manejo de residuos.<\/p>\n<p>Para ello, se deber\u00e1n registrar los proyectos v\u00eda internet hasta el 30 de agosto en el correo electr\u00f3nico\u00a0atencionempresarialmetepec@gmail.com, llenando el formato disponible.<\/p>\n<p>Todas las propuestas recibir\u00e1n constancia de participaci\u00f3n; los ganadores ser\u00e1n los dos mejores proyectos de emprendimiento y recibir\u00e1n un premio especial.<\/p>\n<p>Los trabajos deber\u00e1n presentarse en documento adjunto con una explicaci\u00f3n breve y caracter\u00edsticas, o bien podr\u00e1 ser entregado directamente en la direcci\u00f3n de Desarrollo Econ\u00f3mico, Tur\u00edstico y Artesanal, con domicilio en la calle Ignacio Manuel Altamirano n\u00famero 56, en el Barrio de Santa Cruz, Metepec centro.<\/p>\n","protected":false},"excerpt":{"rendered":"<p>Como parte de las acciones en apoyo a proyectos innovadores, por segundo a\u00f1o consecutivo el gobierno que encabeza el presidente municipal David L\u00f3pez C\u00e1rdenas, llevar\u00e1 a cabo la Expo Metepec Contigo Emprende.<\/p>\n","protected":false},"author":3,"featured_media":336972,"comment_status":"open","ping_status":"open","sticky":false,"template":"","format":"standard","meta":{"_monsterinsights_skip_tracking":false,"_monsterinsights_sitenote_active":false,"_monsterinsights_sitenote_note":"","_monsterinsights_sitenote_category":0,"footnotes":""},"categories":[35155],"tags":[43675,63437,876],"class_list":["post-336886","post","type-post","status-publish","format-standard","has-post-thumbnail","hentry","category-estado-de-mexico-estado-de-mexico","tag-estado-de-mexico","tag-expo-metepec-contigo-emprende","tag-metepec"],"_links":{"self":[{"href":"https:\/\/www.diarioimagen.net\/index.php?rest_route=\/wp\/v2\/posts\/336886","targetHints":{"allow":["GET"]}}],"collection":[{"href":"https:\/\/www.diarioimagen.net\/index.php?rest_route=\/wp\/v2\/posts"}],"about":[{"href":"https:\/\/www.diarioimagen.net\/index.php?rest_route=\/wp\/v2\/types\/post"}],"author":[{"embeddable":true,"href":"https:\/\/www.diarioimagen.net\/index.php?rest_route=\/wp\/v2\/users\/3"}],"replies":[{"embeddable":true,"href":"https:\/\/www.diarioimagen.net\/index.php?rest_route=%2Fwp%2Fv2%2Fcomments&post=336886"}],"version-history":[{"count":0,"href":"https:\/\/www.diarioimagen.net\/index.php?rest_route=\/wp\/v2\/posts\/336886\/revisions"}],"wp:featuredmedia":[{"embeddable":true,"href":"https:\/\/www.diarioimagen.net\/index.php?rest_route=\/wp\/v2\/media\/336972"}],"wp:attachment":[{"href":"https:\/\/www.diarioimagen.net\/index.php?rest_route=%2Fwp%2Fv2%2Fmedia&parent=336886"}],"wp:term":[{"taxonomy":"category","embeddable":true,"href":"https:\/\/www.diarioimagen.net\/index.php?rest_route=%2Fwp%2Fv2%2Fcategories&post=336886"},{"taxonomy":"post_tag","embeddable":true,"href":"https:\/\/www.diarioimagen.net\/index.php?rest_route=%2Fwp%2Fv2%2Ftags&post=336886"}],"curies":[{"name":"wp","href":"https:\/\/api.w.org\/{rel}","templated":true}]}}