{"id":336894,"date":"2017-07-26T00:02:32","date_gmt":"2017-07-26T05:02:32","guid":{"rendered":"http:\/\/www.diarioimagen.net\/?p=336894"},"modified":"2017-07-26T03:08:24","modified_gmt":"2017-07-26T08:08:24","slug":"en-ecatepec-detenidos-por-venta-de-bebidas-alcoholicas-sin-licencia","status":"publish","type":"post","link":"https:\/\/www.diarioimagen.net\/?p=336894","title":{"rendered":"En Ecatepec, detenidos por venta de bebidas alcoh\u00f3licas sin licencia"},"content":{"rendered":"<p><a href=\"http:\/\/www.diarioimagen.net\/?attachment_id=336981\" rel=\"attachment wp-att-336981\"><img loading=\"lazy\" decoding=\"async\" class=\"aligncenter size-large wp-image-336981\" src=\"http:\/\/www.diarioimagen.net\/wp-content\/uploads\/2017\/07\/ECATEPEC-3171-460x456.jpg\" alt=\"\" width=\"460\" height=\"456\" srcset=\"https:\/\/www.diarioimagen.net\/wp-content\/uploads\/2017\/07\/ECATEPEC-3171-460x456.jpg 460w, https:\/\/www.diarioimagen.net\/wp-content\/uploads\/2017\/07\/ECATEPEC-3171-150x150.jpg 150w, https:\/\/www.diarioimagen.net\/wp-content\/uploads\/2017\/07\/ECATEPEC-3171-240x238.jpg 240w, https:\/\/www.diarioimagen.net\/wp-content\/uploads\/2017\/07\/ECATEPEC-3171-50x50.jpg 50w, https:\/\/www.diarioimagen.net\/wp-content\/uploads\/2017\/07\/ECATEPEC-3171-75x75.jpg 75w, https:\/\/www.diarioimagen.net\/wp-content\/uploads\/2017\/07\/ECATEPEC-3171-70x70.jpg 70w, https:\/\/www.diarioimagen.net\/wp-content\/uploads\/2017\/07\/ECATEPEC-3171.jpg 700w\" sizes=\"auto, (max-width: 460px) 100vw, 460px\" \/><\/a><\/p>\n<p>&nbsp;<\/p>\n<p><strong>Ecatepec, Estado de M\u00e9xico.- <\/strong>Elementos de Seguridad P\u00fablica de Ecatepec, bajo el mando del comisario Arturo Centeno Cano, clausuraron cuatro negocios con venta il\u00edcita de bebidas alcoh\u00f3licas, localizados en colonias de la demarcaci\u00f3n, por lo que sus propietarios o encargados que dijeron llamarse Norma Medrano Le\u00f3n, \u00d3scar Cruz Hern\u00e1ndez, Jorge Eduardo Rodr\u00edguez Flores y Jorge Manuel Cubos Escamilla, fueron asegurados y puestos a disposici\u00f3n de la Fiscal\u00eda Estatal, donde en las pr\u00f3ximas horas se determinar\u00e1 su situaci\u00f3n legal. Al realizar un operativo en conjunto con personal de la Agencia del Ministerio P\u00fablico de Investigaciones as\u00ed como personal del departamento de normatividad y polic\u00edas estatales, se confirmaron datos investigados con anterioridad.<\/p>\n","protected":false},"excerpt":{"rendered":"<p>Elementos de Seguridad P\u00fablica de Ecatepec, bajo el mando del comisario Arturo Centeno Cano, clausuraron cuatro negocios con venta il\u00edcita de bebidas alcoh\u00f3licas, localizados en colonias de la demarcaci\u00f3n, por lo que sus propietarios o encargados que dijeron llamarse Norma Medrano Le\u00f3n, \u00d3scar Cruz Hern\u00e1ndez, Jorge Eduardo Rodr\u00edguez Flores y Jorge Manuel Cubos Escamilla, fueron asegurados y puestos a disposici\u00f3n de la Fiscal\u00eda Estatal, donde en las pr\u00f3ximas horas se determinar\u00e1 su situaci\u00f3n legal. Al realizar un operativo en conjunto con personal de la Agencia del Ministerio P\u00fablico de Investigaciones as\u00ed como personal del departamento de normatividad y polic\u00edas estatales, se confirmaron datos investigados con anterioridad.<\/p>\n","protected":false},"author":3,"featured_media":336981,"comment_status":"open","ping_status":"open","sticky":false,"template":"","format":"standard","meta":{"_monsterinsights_skip_tracking":false,"_monsterinsights_sitenote_active":false,"_monsterinsights_sitenote_note":"","_monsterinsights_sitenote_category":0,"footnotes":""},"categories":[35155],"tags":[266,454,43675,3191],"class_list":["post-336894","post","type-post","status-publish","format-standard","has-post-thumbnail","hentry","category-estado-de-mexico-estado-de-mexico","tag-bebidas-alcoholicas","tag-ecatepec","tag-estado-de-mexico","tag-licencia"],"_links":{"self":[{"href":"https:\/\/www.diarioimagen.net\/index.php?rest_route=\/wp\/v2\/posts\/336894","targetHints":{"allow":["GET"]}}],"collection":[{"href":"https:\/\/www.diarioimagen.net\/index.php?rest_route=\/wp\/v2\/posts"}],"about":[{"href":"https:\/\/www.diarioimagen.net\/index.php?rest_route=\/wp\/v2\/types\/post"}],"author":[{"embeddable":true,"href":"https:\/\/www.diarioimagen.net\/index.php?rest_route=\/wp\/v2\/users\/3"}],"replies":[{"embeddable":true,"href":"https:\/\/www.diarioimagen.net\/index.php?rest_route=%2Fwp%2Fv2%2Fcomments&post=336894"}],"version-history":[{"count":0,"href":"https:\/\/www.diarioimagen.net\/index.php?rest_route=\/wp\/v2\/posts\/336894\/revisions"}],"wp:featuredmedia":[{"embeddable":true,"href":"https:\/\/www.diarioimagen.net\/index.php?rest_route=\/wp\/v2\/media\/336981"}],"wp:attachment":[{"href":"https:\/\/www.diarioimagen.net\/index.php?rest_route=%2Fwp%2Fv2%2Fmedia&parent=336894"}],"wp:term":[{"taxonomy":"category","embeddable":true,"href":"https:\/\/www.diarioimagen.net\/index.php?rest_route=%2Fwp%2Fv2%2Fcategories&post=336894"},{"taxonomy":"post_tag","embeddable":true,"href":"https:\/\/www.diarioimagen.net\/index.php?rest_route=%2Fwp%2Fv2%2Ftags&post=336894"}],"curies":[{"name":"wp","href":"https:\/\/api.w.org\/{rel}","templated":true}]}}