{"id":337079,"date":"2017-07-27T00:01:53","date_gmt":"2017-07-27T05:01:53","guid":{"rendered":"http:\/\/www.diarioimagen.net\/?p=337079"},"modified":"2017-07-28T01:06:04","modified_gmt":"2017-07-28T06:06:04","slug":"del-31-de-julio-al-5-de-agosto-se-realizara-el-abierto-mexicano-mifel-participan-siete-de-los-35-mejores-jugadores-del-mundo","status":"publish","type":"post","link":"https:\/\/www.diarioimagen.net\/?p=337079","title":{"rendered":"Del 31 de julio al 5 de agosto se realizar\u00e1 el Abierto Mexicano Mifel; participan siete de los 35 mejores jugadores del mundo"},"content":{"rendered":"<h2>De cinco estrellas<\/h2>\n<h5>Victoria Gonz\u00e1lez Prado<\/h5>\n<p>&nbsp;<\/p>\n<ul>\n<li><em><strong>Turitour presenta una nueva ruta para vivir la experiencia del proceso cafetalero en Veracruz, junto con actividades de aventura<\/strong><\/em><\/li>\n<li><em><strong>Del 15 al 25 de julio se realiz\u00f3 la Feria Internacional del Mezcal en Oaxaca, l\u00edder en producci\u00f3n<\/strong><\/em><\/li>\n<\/ul>\n<p>&nbsp;<\/p>\n<div id=\"attachment_337166\" style=\"width: 470px\" class=\"wp-caption aligncenter\"><a href=\"http:\/\/www.diarioimagen.net\/?attachment_id=337166\" rel=\"attachment wp-att-337166\"><img loading=\"lazy\" decoding=\"async\" aria-describedby=\"caption-attachment-337166\" class=\"size-large wp-image-337166\" src=\"http:\/\/www.diarioimagen.net\/wp-content\/uploads\/2017\/07\/turismo-3172-460x259.jpg\" alt=\"\" width=\"460\" height=\"259\" srcset=\"https:\/\/www.diarioimagen.net\/wp-content\/uploads\/2017\/07\/turismo-3172-460x259.jpg 460w, https:\/\/www.diarioimagen.net\/wp-content\/uploads\/2017\/07\/turismo-3172-240x135.jpg 240w, https:\/\/www.diarioimagen.net\/wp-content\/uploads\/2017\/07\/turismo-3172-235x132.jpg 235w, https:\/\/www.diarioimagen.net\/wp-content\/uploads\/2017\/07\/turismo-3172-202x114.jpg 202w, https:\/\/www.diarioimagen.net\/wp-content\/uploads\/2017\/07\/turismo-3172-350x196.jpg 350w, https:\/\/www.diarioimagen.net\/wp-content\/uploads\/2017\/07\/turismo-3172-220x123.jpg 220w, https:\/\/www.diarioimagen.net\/wp-content\/uploads\/2017\/07\/turismo-3172-237x132.jpg 237w, https:\/\/www.diarioimagen.net\/wp-content\/uploads\/2017\/07\/turismo-3172.jpg 480w\" sizes=\"auto, (max-width: 460px) 100vw, 460px\" \/><\/a><p id=\"caption-attachment-337166\" class=\"wp-caption-text\">En agosto, el Torneo de Tenis en Los Cabos.<\/p><\/div>\n<p>&nbsp;<\/p>\n<p>Del 31 de julio al 5 de agosto se llevar\u00e1 a cabo el Abierto Mexicano Mifel, en Los Cabos y ser\u00e1 sede de figuras, como el tenista checo <strong>Tomas Berdych<\/strong>, quien actualmente ocupa el puesto 15 en la clasificaci\u00f3n mundial de Sam Querrey, quien vuelve a M\u00e9xico tras conquistar el Abierto Mexicano en Acapulco 2017.<\/p>\n<p>Banca Mifel y otros patrocinadores, se ha sumado de manera comprometida con Grupo Pegaso para traer a la regi\u00f3n Pac\u00edfico norte del pa\u00eds a siete figuras sembradas en los primeros 35 lugares del ranking de la ATP mundial y fortalecer as\u00ed el desarrollo del tenis mexicano.<\/p>\n<p>\u201cLa clave est\u00e1 en los ni\u00f1os y j\u00f3venes mexicanos\u201d, se\u00f1ala <strong>Daniel Becker<\/strong>, director general de Banca Mifel, quien adem\u00e1s es un importante promotor del tenis mexicano. \u201cEstamos muy interesados en lo que viene para este bello deporte y respaldamos como grupo mexicano a los organizadores de este abierto. Creemos que lo importante radica en inspirar a los ni\u00f1os y los j\u00f3venes mexicanos para que se apasionen con este deporte y muestren la disciplina que nos permita tener m\u00e1s y mejores tenistas nacionales\u201d.<\/p>\n<p>El cuadro principal del torneo est\u00e1 conformado por siete estrellas del tenis global de acuerdo al <em>Emirates ATP Ranking<\/em>. <em>Tomas Berdych<\/em> (15), Ivo Karlovic (23) y <strong>Feliciano L\u00f3pe<\/strong>z (25) encabezan el cuadro junto con <strong>Albert Ramos-Vinolas<\/strong> (22), Sam Querrey (28) y <strong>Fernando Verdasco<\/strong> (35). Todos ellos listos para presentarse en Cabo del Mar dentro de las inmediaciones de <em>Delmar International School<\/em>, cuyas instalaciones inauguradas apenas en 2015, cuenta con 2,800 m\u00b2 de construcci\u00f3n con infraestructura de primer nivel para albergar a los jugadores y a los espectadores durante toda una semana.<\/p>\n<p>Afortunadamente, los esfuerzos en el tenis mexicano se multiplican y cada d\u00eda existe mayor participaci\u00f3n de empresarios, asociaciones y fan\u00e1ticos que destinan recursos econ\u00f3micos y materiales desde Los Cabos hasta la Ciudad de M\u00e9xico, Acapulco y Canc\u00fan, primordialmente.<\/p>\n<p>\u2730\u2730\u2730\u2730\u2730 Turitour present\u00f3 una nueva ruta que formar\u00e1 parte de su oferta para todo tipo de p\u00fablico e intereses. El banderazo de salida, estuvo a cargo del secretario de Turismo capitalino, <strong>Armando L\u00f3pez C\u00e1rdenas<\/strong>, el gerente general de Turib\u00fas, <strong>V\u00edctor Cort\u00e9s <\/strong>y autoridades de Xalapa, en el \u00c1ngel de la Independencia.<\/p>\n<p>El caf\u00e9, grano originario de Etiop\u00eda, es considerado un producto de suma importancia en la producci\u00f3n agr\u00edcola y consumo de nuestro pa\u00eds; con su llegada a finales del siglo XVIII, siendo Veracruz el primer lugar donde se comenz\u00f3 a cultivar y a exportar; el caf\u00e9, es considerado una joya de la gastronom\u00eda mexicana.<\/p>\n<p>M\u00e9xico se ha posicionado como un pa\u00eds productor y distribuidor fuerte de este grano, teniendo aproximadamente 16 estados productores; entre los que destacan Chiapas y Veracruz con una denominaci\u00f3n de origen que depende mucho del entorno y cualidades de producci\u00f3n a trav\u00e9s de generaciones.<\/p>\n<p>Veracruz es considerado el primer destino nacional para disfrutar de un buen caf\u00e9, adem\u00e1s de contar con tres regiones dedicadas 100 por ciento a su producci\u00f3n: Coatepec, Xalapa y Xico.<\/p>\n<p>Por tal raz\u00f3n, la regi\u00f3n de Xalapa forma parte de la oferta gastron\u00f3mica, cultural e hist\u00f3rica de Turitour; un servicio que brinda experiencias \u00fanicas a los visitantes.<\/p>\n<p>\u201cAventura y Caf\u00e9\u201d es el nombre que se le dio a esta nueva ruta, tour de dos d\u00edas y una noche, donde podr\u00e1s visitar el Museo de Antropolog\u00eda de Xalapa, una explicaci\u00f3n sobre el caf\u00e9 y sus beneficios con productores de la regi\u00f3n; degustaci\u00f3n de caf\u00e9 y una experiencia de <em>rafting. <\/em><\/p>\n<p>Todo el tour incluye: hospedaje en un hotel cuatro estrellas, alimentos y un gu\u00eda certificado.<\/p>\n<p>Podr\u00e1s disfrutar de cada punto por un costo de (por pasajero): menores de tres a 10 a\u00f1os 2,900 pesos; habitaci\u00f3n sencilla 3,900 pesos, habitaci\u00f3n doble 3,500 pesos y habitaci\u00f3n cu\u00e1druple 3,900 pesos.<\/p>\n<p>Los horarios de salida, de lunes a viernes, son: Auditorio Nacional a las 08:00 de la ma\u00f1ana, \u00c1ngel de la Independencia a las 8:10 de la ma\u00f1ana, Reforma 222. 8:15 de la ma\u00f1ana, Glorieta a Col\u00f3n 8:20 de la ma\u00f1ana, Hemiciclo a Ju\u00e1rez 8:30 de la ma\u00f1ana y Z\u00f3calo 8:40 de la ma\u00f1ana.<\/p>\n<p>\u2730\u2730\u2730\u2730\u2730 Del 15 al 25 de julio, en Oaxaca, se realiz\u00f3 la Feria Internacional del Mezcal. Durante m\u00e1s de una d\u00e9cada, la industria mezcalera ha tenido un crecimiento considerable, contando hoy con m\u00e1s de 100 empresas registradas.<\/p>\n<p>La capacidad productiva de la industria en el estado de Oaxaca es de 12 millones de litros anuales y es l\u00edder en producci\u00f3n y comercializaci\u00f3n de esta bebida m\u00edstica. Es el Consejo Regulador del Mezcal (Comercam),el organismo que se encarga de certificar la calidad y buenas pr\u00e1cticas durante toda la cadena productiva maguey-mezcal.<\/p>\n<p>Como cada a\u00f1o, la marca Oro de Oaxaca particip\u00f3 en la feria promoviendo sus distintas formas de disfrutarlo. La marca, creada por el maestro mezcalero <strong>Jos\u00e9 L\u00f3pez Escobar<\/strong>, el mayor agricultor de agave y productor de bebidas destiladas en los a\u00f1os 40, inici\u00f3 una nueva historia en la industria del mezcal, logrando crear el aut\u00e9ntico balance entre el sabor y aroma, cualidades que a\u00fan conserva. La marca, en presentaci\u00f3n de 750 ml, es una bebida espirituosa elaborada 100 por ciento de agave y una graduaci\u00f3n alcoh\u00f3lica de 38 por ciento.<\/p>\n<p>Su tono \u00fanico con matices en color \u00e1mbar brillante, proveniente de su reposo de m\u00e1s de cinco a\u00f1os en barrica de roble americano, con toques de sabores amaderados y frutos secos.<\/p>\n<p><em><a href=\"mailto:victoriagprado@gmail.com\" target=\"_blank\" rel=\"noopener noreferrer\">victoriagprado@gmail.com<\/a><\/em><br \/>\n<em> Twitter: <a href=\"https:\/\/twitter.com\/victoriagprado\" target=\"_blank\" rel=\"noopener noreferrer\">@victoriagprado<\/a><\/em><\/p>\n","protected":false},"excerpt":{"rendered":"<p>Del 31 de julio al 5 de agosto se llevar\u00e1 a cabo el Abierto Mexicano Mifel, en Los Cabos y ser\u00e1 sede de figuras, como el tenista checo <strong>Tomas Berdych<\/strong>, quien actualmente ocupa el puesto 15 en la clasificaci\u00f3n mundial de Sam Querrey, quien vuelve a M\u00e9xico tras conquistar el Abierto Mexicano en Acapulco 2017.<\/p>\n","protected":false},"author":3,"featured_media":337166,"comment_status":"open","ping_status":"open","sticky":false,"template":"","format":"standard","meta":{"_monsterinsights_skip_tracking":false,"_monsterinsights_sitenote_active":false,"_monsterinsights_sitenote_note":"","_monsterinsights_sitenote_category":0,"footnotes":""},"categories":[11],"tags":[107,43674,43681,106],"class_list":["post-337079","post","type-post","status-publish","format-standard","has-post-thumbnail","hentry","category-turismo","tag-de-cinco-estrellas","tag-opinion","tag-turismo","tag-victoria-gonzalez-prado"],"_links":{"self":[{"href":"https:\/\/www.diarioimagen.net\/index.php?rest_route=\/wp\/v2\/posts\/337079","targetHints":{"allow":["GET"]}}],"collection":[{"href":"https:\/\/www.diarioimagen.net\/index.php?rest_route=\/wp\/v2\/posts"}],"about":[{"href":"https:\/\/www.diarioimagen.net\/index.php?rest_route=\/wp\/v2\/types\/post"}],"author":[{"embeddable":true,"href":"https:\/\/www.diarioimagen.net\/index.php?rest_route=\/wp\/v2\/users\/3"}],"replies":[{"embeddable":true,"href":"https:\/\/www.diarioimagen.net\/index.php?rest_route=%2Fwp%2Fv2%2Fcomments&post=337079"}],"version-history":[{"count":0,"href":"https:\/\/www.diarioimagen.net\/index.php?rest_route=\/wp\/v2\/posts\/337079\/revisions"}],"wp:featuredmedia":[{"embeddable":true,"href":"https:\/\/www.diarioimagen.net\/index.php?rest_route=\/wp\/v2\/media\/337166"}],"wp:attachment":[{"href":"https:\/\/www.diarioimagen.net\/index.php?rest_route=%2Fwp%2Fv2%2Fmedia&parent=337079"}],"wp:term":[{"taxonomy":"category","embeddable":true,"href":"https:\/\/www.diarioimagen.net\/index.php?rest_route=%2Fwp%2Fv2%2Fcategories&post=337079"},{"taxonomy":"post_tag","embeddable":true,"href":"https:\/\/www.diarioimagen.net\/index.php?rest_route=%2Fwp%2Fv2%2Ftags&post=337079"}],"curies":[{"name":"wp","href":"https:\/\/api.w.org\/{rel}","templated":true}]}}