{"id":337136,"date":"2017-07-27T00:09:59","date_gmt":"2017-07-27T05:09:59","guid":{"rendered":"http:\/\/www.diarioimagen.net\/?p=337136"},"modified":"2017-07-27T03:52:39","modified_gmt":"2017-07-27T08:52:39","slug":"morena-y-prd-por-la-cdmx","status":"publish","type":"post","link":"https:\/\/www.diarioimagen.net\/?p=337136","title":{"rendered":"Morena y PRD, por la CDMX"},"content":{"rendered":"<h2>De frente y de perfil<\/h2>\n<h5>Ram\u00f3n Zurita Sahag\u00fan<\/h5>\n<p>&nbsp;<\/p>\n<div id=\"attachment_337213\" style=\"width: 470px\" class=\"wp-caption aligncenter\"><a href=\"http:\/\/www.diarioimagen.net\/?attachment_id=337213\" rel=\"attachment wp-att-337213\"><img loading=\"lazy\" decoding=\"async\" aria-describedby=\"caption-attachment-337213\" class=\"size-large wp-image-337213\" src=\"http:\/\/www.diarioimagen.net\/wp-content\/uploads\/2017\/07\/ZURITA-3172-460x230.jpg\" alt=\"\" width=\"460\" height=\"230\" srcset=\"https:\/\/www.diarioimagen.net\/wp-content\/uploads\/2017\/07\/ZURITA-3172-460x230.jpg 460w, https:\/\/www.diarioimagen.net\/wp-content\/uploads\/2017\/07\/ZURITA-3172-240x120.jpg 240w, https:\/\/www.diarioimagen.net\/wp-content\/uploads\/2017\/07\/ZURITA-3172.jpg 700w\" sizes=\"auto, (max-width: 460px) 100vw, 460px\" \/><\/a><p id=\"caption-attachment-337213\" class=\"wp-caption-text\">Morena tiene bien definidos los nombres de sus prospectos: Claudia Sheinbaum, Mart\u00ed Batres, Ricardo Monreal y Mario Delgado que ha intentado colarse.<\/p><\/div>\n<p>&nbsp;<\/p>\n<p>La batalla por conquistar electoralmente la Ciudad de M\u00e9xico parece destinada solamente a dos de los muchos partidos que contender\u00e1n el pr\u00f3ximo a\u00f1o.<\/p>\n<p>Se trata, aparentemente de un duelo entre los que fueron hermanos durante tantos a\u00f1os y hoy se encuentran tan distantes entre ellos que, representando a la izquierda ambos, uno negocia con la derecha y el otro es, presuntamente, el m\u00e1s radical de todos los partidos, sin distingo de ideolog\u00edas.<\/p>\n<p>Con todo y ello, para los capitalinos el Partido de la Revoluci\u00f3n Democr\u00e1tica y el Movimiento de Regeneraci\u00f3n Nacional se presentan como las dos \u00fanicas opciones reales de gobernar a partir de 2018 la capital del pa\u00eds.<\/p>\n<p>El crecimiento de la izquierda en la hoy CDMX viene desde 1997 cuando el reci\u00e9n creado PRD (con menos de diez a\u00f1os de fundado) se hizo del triunfo en las urnas y desde entonces no la ha soltado. Gan\u00f3 en el a\u00f1o 2000, 2006 y 2012.<\/p>\n<p>Cuatro victorias consecutivas, incluida la del 2000, en que el ahora adversario Andr\u00e9s Manuel L\u00f3pez Obrador triunf\u00f3 con los colores de ese partido.<\/p>\n<p>Resulta curioso que ninguno de los que han sido jefes de gobierno del Distrito Federal o hasta el de la hoy CDMX, no militen dentro del PRD y que cuando gobernaron s\u00ed lo hicieron con esas siglas.<\/p>\n<p>Cuauht\u00e9moc C\u00e1rdenas Sol\u00f3rzano, el primero electo, dej\u00f3 las filas perredistas. Rosario Robles Berlanga, interina por C\u00e1rdenas Sol\u00f3rzano, renunci\u00f3 tambi\u00e9n al sol azteca y hoy colabora con gobiernos pri\u00edstas, aunque no milita en ese partido.<\/p>\n<p>Andr\u00e9s Manuel L\u00f3pez Obrador es presidente de Morena; Alejandro Encinas Rodr\u00edguez es senador independiente. Marcelo Ebrard Casaub\u00f3n sali\u00f3 de las filas perredista y coquete\u00f3 con Movimiento Ciudadano y Miguel \u00c1ngel Mancera Espinosa gobierna con esas siglas, pero nunca ha militado.<\/p>\n<p>La presencia del PRD en la capital del pa\u00eds sigue siendo importante, como da cuenta el gobernar el mayor n\u00famero de delegaciones, especialmente las tres m\u00e1s pobladas: Iztapalapa, Gustavo A. Madero y Venustiano Carranza, adem\u00e1s de Coyoac\u00e1n, \u00c1lvaro Obreg\u00f3n e Iztacalco, entre otras.<\/p>\n<p>El crecimiento de Morena es impresionante, ya que dividiendo el voto de la izquierda consigui\u00f3 ganar delegaciones emblem\u00e1ticas como Cuauht\u00e9moc, Tlalpan y Azcapotzalco.<\/p>\n<p>Tambi\u00e9n panistas y pri\u00edstas lograron conquistar algunas delegaciones como Benito Ju\u00e1rez y Miguel Hidalgo los de derecha y Cuajimalpa y Magdalena Contreras los tricolores.<\/p>\n<p>Con todo y ello, ni panistas ni pri\u00edstas cuentan con la presencia necesaria para intentar ganar por si solos el voto de los habitantes de la gran metr\u00f3poli.<\/p>\n<p>De ah\u00ed que ambos partidos intenten realizar alianzas para entrar en la competencia con los dos partidos de izquierda antes mencionados.<\/p>\n<p>Los panistas buscan una alianza con el PRD, lo que dar\u00eda lugar a un candidato del sol azteca para el gobierno de la CDMX, a cambio de algunas candidaturas a las alcald\u00edas capitalinas. En el PRI piensan lo mismo y establecen la posibilidad de nuevas alianzas con sus eternos socios del Verde (ellos quieren encabezar la planilla), Encuentro Social y Nueva Alianza.<\/p>\n<p>Los otros organismos, Partido del Trabajo y Movimiento Ciudadano no son capaces de presentar candidato propio, por lo que analizar\u00e1n a qui\u00e9n de los aspirantes respaldar\u00e1n.<\/p>\n<p>Por eso, la lucha se concentra entre perredistas y morenos, unos contra otros, en feroz competencia, con aliados o sin ellos, como es el caso de los liderados por AMLO, que son reacios a establecer nexos con otros partidos.<\/p>\n<p>Los morenos tienen bien definidos los nombres de sus prospectos: Claudia Sheinbaum, Ricardo Monreal y Mart\u00ed Batres, con Mario Delgado, intentado colarse a la contienda interna.<\/p>\n<p>Los perredistas no est\u00e1n bien definidos sobre los aspirantes, ya que son muchos, los m\u00e1s de ellos sin posibilidades. Alejandra Barrales, la presidenta del partido es una de sus cartas fuertes, pero tambi\u00e9n lo es H\u00e9ctor Serrano, el hombre fuerte de la estructura del partido en la CDMX y parte esencial de la administraci\u00f3n mancerista. Por supuesto que <em>Los Chuchos<\/em> contin\u00faan con el anhelo de gobernar la CDMX y si establecen la alianza con Acci\u00f3n Nacional, alguno de ellos podr\u00eda serlo. V\u00edctor Hugo Lobo, jefe delegacional en Gustavo A. Madero, asoma la cabeza y hasta Juan Zepeda, su reciente figura podr\u00eda entrar en la competencia. Los panistas se encuentran carentes de figura y la m\u00e1s representativa de ellos, la delegada en Miguel Hidalgo, X\u00f3chitl G\u00e1lvez, parpadea para otros lados.<\/p>\n<p>En el pri\u00edsmo viven una situaci\u00f3n parecida, por lo que hay quienes insisten en que Rosario Robles, la titular de Sedatu, podr\u00eda ser una buena opci\u00f3n o incluso su hija, Mariana Moguel, dirigente del PRI en CDMX. Adri\u00e1n Ruvalcaba, diputado local alza la mano, aunque nadie cree que le alcance.<\/p>\n<p>Los ahora independientes y aut\u00f3nomos del Partido Verde, tienen en Pablo Escudero su principal figura, el que incluso podr\u00eda ir en alianza con el PRI, ya que bajo esa f\u00f3rmula compiti\u00f3 por el Senado de la Rep\u00fablica, quedando en segundo lugar y con la senadur\u00eda de primera minor\u00eda.<\/p>\n<p>Faltar\u00eda ver quien ir\u00eda como candidato independiente, donde suenan muchos nombres, unos m\u00e1s que otros.<\/p>\n<p>Con todo y ello, perredistas y morenos contin\u00faan sembrados como los favoritos para obtener la victoria.<\/p>\n<p style=\"text-align: center;\"><strong>BARBAS A REMOJAR<\/strong><\/p>\n<p>La detenci\u00f3n Abel Maga\u00f1a, quien fuese el comunicador del gobierno de Quer\u00e9taro en los tiempos de Jos\u00e9 Eduardo Calzada Rovirosa, pone las barbas a remojar de Alberto Silva Ramos, \u00a0quien tuvo el mismo cargo en la administraci\u00f3n de Javier Duarte de Ochoa.<\/p>\n<p>Maga\u00f1a fue detenido bajo el cargo de enriquecimiento il\u00edcito, como antes sucedi\u00f3 con Gina Dom\u00ednguez, en Veracruz, quien se encuentra presa.<\/p>\n<p><em><a href=\"mailto:ramonzurita44@hotmail.com\" target=\"_blank\" rel=\"noopener noreferrer\">ramonzurita44@hotmail.com<\/a><\/em><\/p>\n","protected":false},"excerpt":{"rendered":"<p><span style=\"color: #005497;\"><strong>Ram\u00f3n Zurita Sahag\u00fan<\/strong><\/span><br \/>\n<br \/>\nLa batalla por conquistar electoralmente la Ciudad de M\u00e9xico parece destinada solamente a dos de los muchos partidos que contender\u00e1n el pr\u00f3ximo a\u00f1o.<\/p>\n","protected":false},"author":3,"featured_media":337213,"comment_status":"open","ping_status":"open","sticky":false,"template":"","format":"standard","meta":{"_monsterinsights_skip_tracking":false,"_monsterinsights_sitenote_active":false,"_monsterinsights_sitenote_note":"","_monsterinsights_sitenote_category":0,"footnotes":""},"categories":[234],"tags":[304,43674,43687],"class_list":["post-337136","post","type-post","status-publish","format-standard","has-post-thumbnail","hentry","category-ramon-zurita-sahagun","tag-de-frente-y-de-perfil","tag-opinion","tag-ramon-zurita-sahagun"],"_links":{"self":[{"href":"https:\/\/www.diarioimagen.net\/index.php?rest_route=\/wp\/v2\/posts\/337136","targetHints":{"allow":["GET"]}}],"collection":[{"href":"https:\/\/www.diarioimagen.net\/index.php?rest_route=\/wp\/v2\/posts"}],"about":[{"href":"https:\/\/www.diarioimagen.net\/index.php?rest_route=\/wp\/v2\/types\/post"}],"author":[{"embeddable":true,"href":"https:\/\/www.diarioimagen.net\/index.php?rest_route=\/wp\/v2\/users\/3"}],"replies":[{"embeddable":true,"href":"https:\/\/www.diarioimagen.net\/index.php?rest_route=%2Fwp%2Fv2%2Fcomments&post=337136"}],"version-history":[{"count":0,"href":"https:\/\/www.diarioimagen.net\/index.php?rest_route=\/wp\/v2\/posts\/337136\/revisions"}],"wp:featuredmedia":[{"embeddable":true,"href":"https:\/\/www.diarioimagen.net\/index.php?rest_route=\/wp\/v2\/media\/337213"}],"wp:attachment":[{"href":"https:\/\/www.diarioimagen.net\/index.php?rest_route=%2Fwp%2Fv2%2Fmedia&parent=337136"}],"wp:term":[{"taxonomy":"category","embeddable":true,"href":"https:\/\/www.diarioimagen.net\/index.php?rest_route=%2Fwp%2Fv2%2Fcategories&post=337136"},{"taxonomy":"post_tag","embeddable":true,"href":"https:\/\/www.diarioimagen.net\/index.php?rest_route=%2Fwp%2Fv2%2Ftags&post=337136"}],"curies":[{"name":"wp","href":"https:\/\/api.w.org\/{rel}","templated":true}]}}