{"id":337267,"date":"2017-07-28T00:11:04","date_gmt":"2017-07-28T05:11:04","guid":{"rendered":"http:\/\/www.diarioimagen.net\/?p=337267"},"modified":"2017-07-28T03:54:32","modified_gmt":"2017-07-28T08:54:32","slug":"entregan-unidad-deportiva-a-familias-del-sur","status":"publish","type":"post","link":"https:\/\/www.diarioimagen.net\/?p=337267","title":{"rendered":"Entregan unidad deportiva a familias del sur"},"content":{"rendered":"<ul>\n<li><strong><em>Beneficia a Villa Guerrero, Ixtapan de la Sal y Tenancingo<\/em><\/strong><\/li>\n<\/ul>\n<p>&nbsp;<\/p>\n<div id=\"attachment_337432\" style=\"width: 470px\" class=\"wp-caption aligncenter\"><a href=\"http:\/\/www.diarioimagen.net\/?attachment_id=337432\" rel=\"attachment wp-att-337432\"><img loading=\"lazy\" decoding=\"async\" aria-describedby=\"caption-attachment-337432\" class=\"size-large wp-image-337432\" src=\"http:\/\/www.diarioimagen.net\/wp-content\/uploads\/2017\/07\/deportivo-3173-460x259.jpg\" alt=\"\" width=\"460\" height=\"259\" srcset=\"https:\/\/www.diarioimagen.net\/wp-content\/uploads\/2017\/07\/deportivo-3173-460x259.jpg 460w, https:\/\/www.diarioimagen.net\/wp-content\/uploads\/2017\/07\/deportivo-3173-240x135.jpg 240w, https:\/\/www.diarioimagen.net\/wp-content\/uploads\/2017\/07\/deportivo-3173-235x132.jpg 235w, https:\/\/www.diarioimagen.net\/wp-content\/uploads\/2017\/07\/deportivo-3173-202x114.jpg 202w, https:\/\/www.diarioimagen.net\/wp-content\/uploads\/2017\/07\/deportivo-3173-350x196.jpg 350w, https:\/\/www.diarioimagen.net\/wp-content\/uploads\/2017\/07\/deportivo-3173-220x123.jpg 220w, https:\/\/www.diarioimagen.net\/wp-content\/uploads\/2017\/07\/deportivo-3173-237x132.jpg 237w, https:\/\/www.diarioimagen.net\/wp-content\/uploads\/2017\/07\/deportivo-3173.jpg 480w\" sizes=\"auto, (max-width: 460px) 100vw, 460px\" \/><\/a><p id=\"caption-attachment-337432\" class=\"wp-caption-text\">El gobierno del Estado de M\u00e9xico entreg\u00f3 la segunda etapa de la Unidad Deportiva Los Arroyos.<\/p><\/div>\n<p>&nbsp;<\/p>\n<p><strong>Villa Guerrero, Estado de M\u00e9xico<\/strong>.- Para brindar un espacio de esparcimiento y convivencia familiar a los habitantes del sur de la entidad, el gobierno del Estado de M\u00e9xico entreg\u00f3 la segunda etapa de la Unidad Deportiva Los Arroyos, que beneficiar\u00e1 a m\u00e1s de 15 mil familias de los municipios de Villa Guerrero, Ixtapan de la Sal y Tenancingo.<\/p>\n<p>La Unidad Deportiva, cuya construcci\u00f3n cont\u00f3 con una inversi\u00f3n superior a los 7.5 millones de pesos,\u00a0 consta de\u00a0 canchas de futbol r\u00e1pido y profesional, cada una con gradas para 250 personas; tambi\u00e9n tiene canchas de basquetbol, de tenis reglamentario,\u00a0 trotapista, mesas de convivencia y remodelaci\u00f3n de los m\u00f3dulos sanitarios, y fue inaugurada por\u00a0 el titular de la Secretar\u00eda de Desarrollo Urbano y Metropolitano (Sedurm), Alfredo Torres Mart\u00ednez.<\/p>\n<p>\u201cPara el gobernador Eruviel \u00c1vila Villegas es muy importante que las familias cuenten con sitios de esparcimiento en d\u00f3nde puedan convivir sanamente, a \u00e9l no se le olvida el apoyo que ustedes le han dado y una forma de mostrarles su agradecimiento es entreg\u00e1ndoles \u00e9stas instalaciones de primer nivel\u201d, destac\u00f3 el secretario estatal.<\/p>\n<p>Agreg\u00f3 que aunado a estas obras, durante la presente administraci\u00f3n en Villa Guerrero, tambi\u00e9n se entreg\u00f3 el Centro de Salud Urbano, la Biblioteca Digital, la Plaza Estado de M\u00e9xico, el cableado subterr\u00e1neo de la cabecera municipal y m\u00e1s de 40 pavimentaciones de concreto hidr\u00e1ulico de varios caminos, entre otras obras.<\/p>\n<p>A la inauguraci\u00f3n acudieron el subsecretario de Infraestructura, Arturo Lugo Pe\u00f1a; el director general del Instituto de Cultura F\u00edsica y Deporte, Fernando Platas \u00c1lvarez,\u00a0 as\u00ed como del diputado local Ignacio Beltran Garc\u00eda, quienes junto al titular de Sedurm entregaron balones y uniformes deportivos a cinco ligas de f\u00fatbol de este municipio.<\/p>\n","protected":false},"excerpt":{"rendered":"<p>Para brindar un espacio de esparcimiento y convivencia familiar a los habitantes del sur de la entidad, el gobierno del Estado de M\u00e9xico entreg\u00f3 la segunda etapa de la Unidad Deportiva Los Arroyos, que beneficiar\u00e1 a m\u00e1s de 15 mil familias de los municipios de Villa Guerrero, Ixtapan de la Sal y Tenancingo.<\/p>\n","protected":false},"author":3,"featured_media":337432,"comment_status":"open","ping_status":"open","sticky":false,"template":"","format":"standard","meta":{"_monsterinsights_skip_tracking":false,"_monsterinsights_sitenote_active":false,"_monsterinsights_sitenote_note":"","_monsterinsights_sitenote_category":0,"footnotes":""},"categories":[5],"tags":[24769,43675,63540,4112],"class_list":["post-337267","post","type-post","status-publish","format-standard","has-post-thumbnail","hentry","category-estado-de-mexico","tag-entrega","tag-estado-de-mexico","tag-unidad-deportiva","tag-villa-guerrero"],"_links":{"self":[{"href":"https:\/\/www.diarioimagen.net\/index.php?rest_route=\/wp\/v2\/posts\/337267","targetHints":{"allow":["GET"]}}],"collection":[{"href":"https:\/\/www.diarioimagen.net\/index.php?rest_route=\/wp\/v2\/posts"}],"about":[{"href":"https:\/\/www.diarioimagen.net\/index.php?rest_route=\/wp\/v2\/types\/post"}],"author":[{"embeddable":true,"href":"https:\/\/www.diarioimagen.net\/index.php?rest_route=\/wp\/v2\/users\/3"}],"replies":[{"embeddable":true,"href":"https:\/\/www.diarioimagen.net\/index.php?rest_route=%2Fwp%2Fv2%2Fcomments&post=337267"}],"version-history":[{"count":0,"href":"https:\/\/www.diarioimagen.net\/index.php?rest_route=\/wp\/v2\/posts\/337267\/revisions"}],"wp:featuredmedia":[{"embeddable":true,"href":"https:\/\/www.diarioimagen.net\/index.php?rest_route=\/wp\/v2\/media\/337432"}],"wp:attachment":[{"href":"https:\/\/www.diarioimagen.net\/index.php?rest_route=%2Fwp%2Fv2%2Fmedia&parent=337267"}],"wp:term":[{"taxonomy":"category","embeddable":true,"href":"https:\/\/www.diarioimagen.net\/index.php?rest_route=%2Fwp%2Fv2%2Fcategories&post=337267"},{"taxonomy":"post_tag","embeddable":true,"href":"https:\/\/www.diarioimagen.net\/index.php?rest_route=%2Fwp%2Fv2%2Ftags&post=337267"}],"curies":[{"name":"wp","href":"https:\/\/api.w.org\/{rel}","templated":true}]}}