{"id":337271,"date":"2017-07-28T00:10:57","date_gmt":"2017-07-28T05:10:57","guid":{"rendered":"http:\/\/www.diarioimagen.net\/?p=337271"},"modified":"2017-07-28T04:14:00","modified_gmt":"2017-07-28T09:14:00","slug":"aumentan-produccion-y-calidad-del-agave-mexiquense","status":"publish","type":"post","link":"https:\/\/www.diarioimagen.net\/?p=337271","title":{"rendered":"Aumentan producci\u00f3n y calidad del agave mexiquense"},"content":{"rendered":"<h2>Arco Norte<\/h2>\n<h5>Jos\u00e9 Luis Monta\u00f1ez Aguilar<\/h5>\n<p>&nbsp;<\/p>\n<p><a href=\"http:\/\/www.diarioimagen.net\/?attachment_id=337435\" rel=\"attachment wp-att-337435\"><img loading=\"lazy\" decoding=\"async\" class=\"aligncenter size-large wp-image-337435\" src=\"http:\/\/www.diarioimagen.net\/wp-content\/uploads\/2017\/07\/agave-3173-460x259.jpg\" alt=\"\" width=\"460\" height=\"259\" srcset=\"https:\/\/www.diarioimagen.net\/wp-content\/uploads\/2017\/07\/agave-3173-460x259.jpg 460w, https:\/\/www.diarioimagen.net\/wp-content\/uploads\/2017\/07\/agave-3173-240x135.jpg 240w, https:\/\/www.diarioimagen.net\/wp-content\/uploads\/2017\/07\/agave-3173-235x132.jpg 235w, https:\/\/www.diarioimagen.net\/wp-content\/uploads\/2017\/07\/agave-3173-202x114.jpg 202w, https:\/\/www.diarioimagen.net\/wp-content\/uploads\/2017\/07\/agave-3173-350x196.jpg 350w, https:\/\/www.diarioimagen.net\/wp-content\/uploads\/2017\/07\/agave-3173-220x123.jpg 220w, https:\/\/www.diarioimagen.net\/wp-content\/uploads\/2017\/07\/agave-3173-237x132.jpg 237w, https:\/\/www.diarioimagen.net\/wp-content\/uploads\/2017\/07\/agave-3173.jpg 480w\" sizes=\"auto, (max-width: 460px) 100vw, 460px\" \/><\/a><\/p>\n<p>&nbsp;<\/p>\n<p>Mediante un proyecto estrat\u00e9gico para mejorar la producci\u00f3n de agave, en el Estado de M\u00e9xico se increment\u00f3 el tama\u00f1o de las pi\u00f1as del agave de 50 a 80 kilogramos en un t\u00e9rmino de cinco a\u00f1os, cuando antes tardaban nueve; adem\u00e1s se establecieron 127 mil nuevas plantas de producci\u00f3n en una superficie de 60 hect\u00e1reas y se brindaron 360 cursos de capacitaci\u00f3n y asistencia t\u00e9cnica a productores, inform\u00f3 Heriberto Ortega, secretario de Desarrollo Agropecuario al realizar la entrega de apoyos por cerca de 3 millones de pesos a productores de la regi\u00f3n de Ixtapan de la Sal, entre los que destaca un alambique para la producci\u00f3n de destilado de agave, impulsado a trav\u00e9s del Proyecto Estrat\u00e9gico de Agave, as\u00ed como m\u00e1s de 570 toneladas de cemento para el revestimiento de canales de riego.<\/p>\n<p style=\"text-align: center;\"><strong>Reconocimiento de validez oficial de estudios<\/strong><\/p>\n<p>A fin de ofertar espacios educativos de calidad, el gobierno del Estado de M\u00e9xico entreg\u00f3 el Acuerdo de Reconocimiento de Validez Oficial de Estudios (RVOE) de los Tipos Medio Superior y Superior, promoci\u00f3n 2017-2018 a 10 instituciones que cumplieron con los requisitos normativos establecidos para la incorporaci\u00f3n de estudios.<\/p>\n<p>El subsecretario de Educaci\u00f3n Media Superior y Superior, Alfredo Mart\u00ednez Gonz\u00e1lez, afirm\u00f3 que el gobernador\u00a0 ha trabajado para incrementar la oferta de espacios de Educaci\u00f3n Media Superior y Superior, la creaci\u00f3n de nuevos servicios, as\u00ed como apoyar a los particulares que presentan proyectos educativos innovadores y pertinentes.<\/p>\n<p>Los RVOE entregados corresponden a 3 servicios educativos de tipo Medio Superior: \u201cInstituto Victoria\u201d, y el \u201cCentro Educativo Arvice\u201d de Zumpango, adem\u00e1s del Bachillerato Tecnol\u00f3gico \u201cVilla de los Ni\u00f1os\u201d de Chalco. Tambi\u00e9n 7 servicios de tipo Superior: la Universidad de Ixtlahuaca (CUI), el Instituto Universitario UNIEM de Zinacantepec, el Colegio Mexiquense Universitario en Toluca, para nivel licenciatura; la Universidad La Salle de Nezahualc\u00f3yotl, nivel Especialidad y Maestr\u00eda modalidad escolarizada; la Universidad del Medio Ambiente de Valle de Bravo, nivel Maestr\u00eda modalidad mixta y el Instituto Pedag\u00f3gico y de Estudios Superiores en Toluca, nivel Doctorado.<\/p>\n<p><em><a href=\"mailto:montanezaguilar@gmail.com\" target=\"_blank\" rel=\"noopener noreferrer\">montanezaguilar@gmail.com<\/a><\/em><\/p>\n","protected":false},"excerpt":{"rendered":"<p><span style=\"color: #005497;\">Jos\u00e9 Luis Monta\u00f1ez Aguilar<\/span><br \/>\n<br \/>\nMediante un proyecto estrat\u00e9gico para mejorar la producci\u00f3n de agave, en el Estado de M\u00e9xico se increment\u00f3 el tama\u00f1o de las pi\u00f1as del agave de 50 a 80 kilogramos en un t\u00e9rmino de cinco a\u00f1os, cuando antes tardaban nueve.<\/p>\n","protected":false},"author":3,"featured_media":337435,"comment_status":"open","ping_status":"open","sticky":false,"template":"","format":"standard","meta":{"_monsterinsights_skip_tracking":false,"_monsterinsights_sitenote_active":false,"_monsterinsights_sitenote_note":"","_monsterinsights_sitenote_category":0,"footnotes":""},"categories":[5],"tags":[13284,43704,43674],"class_list":["post-337271","post","type-post","status-publish","format-standard","has-post-thumbnail","hentry","category-estado-de-mexico","tag-arco-norte","tag-jose-luis-montanez-aguilar","tag-opinion"],"_links":{"self":[{"href":"https:\/\/www.diarioimagen.net\/index.php?rest_route=\/wp\/v2\/posts\/337271","targetHints":{"allow":["GET"]}}],"collection":[{"href":"https:\/\/www.diarioimagen.net\/index.php?rest_route=\/wp\/v2\/posts"}],"about":[{"href":"https:\/\/www.diarioimagen.net\/index.php?rest_route=\/wp\/v2\/types\/post"}],"author":[{"embeddable":true,"href":"https:\/\/www.diarioimagen.net\/index.php?rest_route=\/wp\/v2\/users\/3"}],"replies":[{"embeddable":true,"href":"https:\/\/www.diarioimagen.net\/index.php?rest_route=%2Fwp%2Fv2%2Fcomments&post=337271"}],"version-history":[{"count":0,"href":"https:\/\/www.diarioimagen.net\/index.php?rest_route=\/wp\/v2\/posts\/337271\/revisions"}],"wp:featuredmedia":[{"embeddable":true,"href":"https:\/\/www.diarioimagen.net\/index.php?rest_route=\/wp\/v2\/media\/337435"}],"wp:attachment":[{"href":"https:\/\/www.diarioimagen.net\/index.php?rest_route=%2Fwp%2Fv2%2Fmedia&parent=337271"}],"wp:term":[{"taxonomy":"category","embeddable":true,"href":"https:\/\/www.diarioimagen.net\/index.php?rest_route=%2Fwp%2Fv2%2Fcategories&post=337271"},{"taxonomy":"post_tag","embeddable":true,"href":"https:\/\/www.diarioimagen.net\/index.php?rest_route=%2Fwp%2Fv2%2Ftags&post=337271"}],"curies":[{"name":"wp","href":"https:\/\/api.w.org\/{rel}","templated":true}]}}