{"id":337293,"date":"2017-07-28T00:01:36","date_gmt":"2017-07-28T05:01:36","guid":{"rendered":"http:\/\/www.diarioimagen.net\/?p=337293"},"modified":"2017-07-28T03:20:24","modified_gmt":"2017-07-28T08:20:24","slug":"riviera-nayarit-el-tesoro-del-pacifico-que-celebra-10-anos-el-destino-mas-visitado-por-mexicanos-y-turistas-internacionales","status":"publish","type":"post","link":"https:\/\/www.diarioimagen.net\/?p=337293","title":{"rendered":"Riviera Nayarit, el Tesoro del Pac\u00edfico, que celebra 10 a\u00f1os, el destino m\u00e1s visitado por mexicanos y turistas internacionales"},"content":{"rendered":"<h2>De cinco estrellas<\/h2>\n<h5>Victoria Gonz\u00e1lez Prado<\/h5>\n<p><strong>\u00a0<\/strong><\/p>\n<ul>\n<li><strong>Airbus<em> entreg\u00f3 su cent\u00e9simo A350 XWB, a la compa\u00f1\u00eda a\u00e9rea <\/em>China Airlines<em>; se trata de un A350-900<\/em><\/strong><\/li>\n<li><strong><em>Interjet inici\u00f3 operaciones de dos nuevas rutas hacia la ciudad de Toronto, Canad\u00e1, desde la Ciudad de M\u00e9xico y Canc\u00fan.<\/em><\/strong><\/li>\n<li><strong><em>El <\/em>Ramen Festival<em> se llevar\u00e1 a cabo en <\/em>Morimoto Mexico City<em> el s\u00e1bado 29 y domingo 30, como parte de los eventos de <\/em>Expo Japan Mx<\/strong><\/li>\n<\/ul>\n<p>&nbsp;<\/p>\n<div id=\"attachment_337379\" style=\"width: 470px\" class=\"wp-caption aligncenter\"><a href=\"http:\/\/www.diarioimagen.net\/?attachment_id=337379\" rel=\"attachment wp-att-337379\"><img loading=\"lazy\" decoding=\"async\" aria-describedby=\"caption-attachment-337379\" class=\"size-large wp-image-337379\" src=\"http:\/\/www.diarioimagen.net\/wp-content\/uploads\/2017\/07\/turismo-3173-460x259.jpg\" alt=\"\" width=\"460\" height=\"259\" srcset=\"https:\/\/www.diarioimagen.net\/wp-content\/uploads\/2017\/07\/turismo-3173-460x259.jpg 460w, https:\/\/www.diarioimagen.net\/wp-content\/uploads\/2017\/07\/turismo-3173-240x135.jpg 240w, https:\/\/www.diarioimagen.net\/wp-content\/uploads\/2017\/07\/turismo-3173-235x132.jpg 235w, https:\/\/www.diarioimagen.net\/wp-content\/uploads\/2017\/07\/turismo-3173-202x114.jpg 202w, https:\/\/www.diarioimagen.net\/wp-content\/uploads\/2017\/07\/turismo-3173-350x196.jpg 350w, https:\/\/www.diarioimagen.net\/wp-content\/uploads\/2017\/07\/turismo-3173-220x123.jpg 220w, https:\/\/www.diarioimagen.net\/wp-content\/uploads\/2017\/07\/turismo-3173-237x132.jpg 237w, https:\/\/www.diarioimagen.net\/wp-content\/uploads\/2017\/07\/turismo-3173.jpg 480w\" sizes=\"auto, (max-width: 460px) 100vw, 460px\" \/><\/a><p id=\"caption-attachment-337379\" class=\"wp-caption-text\">En Riviera Nayarit tambi\u00e9n se liberan tortugas.<\/p><\/div>\n<p>&nbsp;<\/p>\n<p>Riviera Nayarit, el Tesoro del Pac\u00edfico, que celebra 10 a\u00f1os, se ha convertido en el destino m\u00e1s visitado por mexicanos y turistas internacionales provenientes de Estados Unidos, Canad\u00e1, e Inglaterra,\u00a0incluso de Australia y esto lo hace a\u00fan m\u00e1s interesante para los <em>millenials<\/em>.<\/p>\n<p>Cuando planean un viaje, los <em>millenials<\/em> buscan destinos \u00fanicos, que ofrezcan aventuras y experiencias que sean tendencia y Riviera Nayarit es el destino predilecto y de moda para estos j\u00f3venes, ya que ofrece experiencias personalizadas que les permiten explorar la naturaleza desde una perspectiva de estilo de vida.<\/p>\n<p>\u00bfPero, sab\u00edas que las experiencias que te permiten el contacto con la naturaleza, se han convertido en tendencia?<\/p>\n<p>Riviera Nayarit es el destino predilecto para los viajeros que disfrutan compartir cada una de sus traves\u00edas en sus redes sociales. Les gusta vivir una experiencia \u00fanica y natural. Redescubrirse, explorar\u00a0 y cuidar del medio ambiente.<\/p>\n<p>Para estos trotamundos, que buscan m\u00e1s que asolearse a la orilla de las hermosas playas del Tesoro del Pac\u00edfico o los deportes extremos, tenemos un par de recomendaciones que seguro les encantar\u00e1n.<\/p>\n<p>En Riviera Nayarit podr\u00e1s encontrar los mejores paisajes desde la primera hora del d\u00eda hasta el anochecer, aut\u00e9nticos para disfrutar en compa\u00f1\u00eda o en solitario, son escenarios casi perfectos en los que podr\u00e1s relajarte y buscar actividades que no requieran de esfuerzo f\u00edsico, pero que te satisfagan, como liberar tortugas, una acci\u00f3n en pro de la conservaci\u00f3n de las especies del destino, y puedes hacerlo en algunos de los campamentos tortugueros, donde tendr\u00e1s la oportunidad de liberar a las distintas especies que\u00a0 visitan las playas nayaritas entre junio y diciembre, de agosto a noviembre es la temporada para participar.<\/p>\n<p>Y es que son este tipo de actividades las que buscan los <em>millenials,<\/em> pues en su idea de reducir el \u00edndice de contaminaci\u00f3n, buscan generar acciones que favorezcan la ecolog\u00eda y reduzcan el impacto ambiental.<\/p>\n<p>Si el estar el 100 por ciento de tu d\u00eda dedic\u00e1ndolo a recorrer un lugar, o practicar alg\u00fan deporte, no es lo tuyo, pero si las experiencias que te transmitan relajaci\u00f3n y te permitan entrar en contacto con la naturaleza de maneta amigable, visita estos Spas que te ofrecer\u00e1n tratamientos para ayudarte a conectar tu cuerpo, mente y alma con un masaje, o terapias de bienestar, rejuvenecedoras, que pueden ir de lo tradicional a lo m\u00e1s ex\u00f3tico con plantas y frutas locales ricas en nutrientes.\u00a0 Esto es una invitaci\u00f3n a volver al origen y renacer.<\/p>\n<p>En Riviera Nayarit encontrar\u00e1s innumerables Spas que te ofrecen el tratamiento que est\u00e1s buscando. El cuidado de la mente y el cuerpo se ha convertido en tendencia, es posible que se vuelva tambi\u00e9n un h\u00e1bito para los visitantes aun disfrutando de m\u00faltiples actividades.<\/p>\n<p>\u2730\u2730\u2730\u2730\u2730 <em>Airbus<\/em> entreg\u00f3 su cent\u00e9simo A350 XWB, tan s\u00f3lo 30 meses despu\u00e9s de la primera entrega del modelo en diciembre de 2014. Se trata de un A350-900 para <em>China Airlines.<\/em><\/p>\n<p><strong>Fabrice Br\u00e9gier<\/strong>, COO de <em>Airbus<\/em> y presidente de <em>Airbus Commercial Aircraft, <\/em>indic\u00f3 \u201ceste hito del 100\u00ba A350 XWB coincide con nuestro aumento en la producci\u00f3n de aeronaves de cabina ancha, que va camino de alcanzar nuestro objetivo de 10 entregas al mes de aqu\u00ed a finales de 2018. Estamos especialmente orgullosos de poder entregar este avi\u00f3n a <em>China Airlines<\/em>. El A350 est\u00e1 marcando nuevos est\u00e1ndares en los viajes a\u00e9reos de largo alcance en t\u00e9rminos de eficiencia y confort, lo que lo convierte en el avi\u00f3n perfecto para que la l\u00ednea a\u00e9rea alcance sus objetivos de expansi\u00f3n\u201d.<\/p>\n<p>\u2730\u2730\u2730\u2730\u2730 Interjet inici\u00f3 operaciones de dos nuevas rutas hacia la ciudad de Toronto, Canad\u00e1 desde la Ciudad de M\u00e9xico y Canc\u00fan. El director general de la l\u00ednea a\u00e9rea, <strong>Jos\u00e9 Luis Garza<\/strong>, asegur\u00f3 que \u201ccon una de las flotas m\u00e1s modernas, Interjet atender\u00e1 este importante mercado que permitir\u00e1 fortalecer la conectividad entre ambos pa\u00edses\u201d.<\/p>\n<p>Por su parte, <strong>Laura Yaksich<\/strong>, directora de Desarrollo de Centros Globales, Planificaci\u00f3n e Inversi\u00f3n de Aeropuerto de Toronto, dio la bienvenida a Interjet y coment\u00f3 que las dos rutas, Ciudad de M\u00e9xico y Canc\u00fan, ofrecer\u00e1n una nueva opci\u00f3n para viajar a M\u00e9xico, ya sea por trabajo o vacaciones.<\/p>\n<p>Habr\u00e1 cuatro frecuencias a la semana. El primer vuelo desde la Ciudad de M\u00e9xico saldr\u00e1 a las 00:30 horas los lunes, mi\u00e9rcoles, viernes y s\u00e1bados; y desde Canc\u00fan la salida ser\u00e1 a las 17:05 horas, los mismos d\u00edas.<\/p>\n<p>Por introducci\u00f3n, el precio de viaje redondo desde la Ciudad de M\u00e9xico hacia Toronto es de 358 d\u00f3lares y de Canc\u00fan 284 d\u00f3lares.<\/p>\n<p>De acuerdo a la Secretar\u00eda de Turismo Federal, 569 mil 300 visitantes canadienses recorrieron nuestro pa\u00eds durante los dos primeros meses de 2017, lo cual significa un incremento del 6 por ciento en comparaci\u00f3n con el mismo periodo del a\u00f1o anterior. Mientras que el turismo mexicano a Canad\u00e1 creci\u00f3 55 puntos porcentuales entre enero de 2016 y el mismo mes de 2017, seg\u00fan la oficina gubernamental de estad\u00edsticas de dicho pa\u00eds. Adem\u00e1s, la embajada de M\u00e9xico en Canad\u00e1 prev\u00e9 que este a\u00f1o 300 mil mexicanos visitar\u00e1n esa naci\u00f3n durante el presente a\u00f1o.<\/p>\n<p>En Interjet, los pasajeros pueden documentar hasta 50 kilos de equipaje sin cargo extra, donde se puede incluir equipo deportivo, los adultos mayores reciben un descuento permanente en todos los vuelos y no se cobra por selecci\u00f3n de asiento ni por la impresi\u00f3n de pases de abordar.<\/p>\n<p>Para cualquier informaci\u00f3n adicional\u00a0 interjet.com<\/p>\n<p>\u2730\u2730\u2730\u2730\u2730 El <em>Ramen Festival<\/em> se llevar\u00e1 a cabo, como parte de los eventos de <em>Expo Japan Mx<\/em>, ma\u00f1ana s\u00e1bado 29 y domingo 30. El tradicional platillo ha llegado con gran fuerza a la Ciudad de M\u00e9xico y dar\u00e1 la oportunidad a los capitalinos de probar algunas de las versiones m\u00e1s ic\u00f3nicas del <em>Ramen<\/em> en el restaurante <em>Morimoto M\u00e9xico City<\/em>, que presenta su propia versi\u00f3n.<\/p>\n<p>La receta del <em>Ramen<\/em> especial del Iron chef <strong>Masaharu Morimoto<\/strong>, es conocida como <em>Ramen Soup<\/em>, el chef japon\u00e9s ha explorado la receta de este tradicional platillo, llev\u00e1ndolo incluso a abrir en Nueva York el <em>Momosan Ramen &amp; Sak<\/em>e, un restaurante completamente especializado en este platillo.<\/p>\n<p>Los capitalinos podr\u00e1n disfrutar del <em>Ramen<\/em> elaborado por uno de los chefs m\u00e1s famosos del mundo. La celebraci\u00f3n busca difundir la cultura nipona en M\u00e9xico y compartir el platillo elaborado por el chef, reconocido como uno de los pioneros en llevar la cultura culinaria del pa\u00eds asi\u00e1tico al resto del mundo. El festival tendr\u00e1 lugar en\u00a0 la calle de Fujiyama 144, colonia \u00c1guilas, Ciudad de M\u00e9xico.<\/p>\n<p><em><a href=\"mailto:victoriagprado@gmail.com\" target=\"_blank\" rel=\"noopener noreferrer\">victoriagprado@gmail.com<\/a><\/em><br \/>\n<em> Twitter: <a href=\"https:\/\/twitter.com\/victoriagprado\" target=\"_blank\" rel=\"noopener noreferrer\">@victoriagprado<\/a><\/em><\/p>\n","protected":false},"excerpt":{"rendered":"<p>Riviera Nayarit, el Tesoro del Pac\u00edfico, que celebra 10 a\u00f1os, se ha convertido en el destino m\u00e1s visitado por mexicanos y turistas internacionales provenientes de Estados Unidos, Canad\u00e1, e Inglaterra, incluso de Australia y esto lo hace a\u00fan m\u00e1s interesante para los <em>millenials<\/em>.<\/p>\n","protected":false},"author":3,"featured_media":337379,"comment_status":"open","ping_status":"open","sticky":false,"template":"","format":"standard","meta":{"_monsterinsights_skip_tracking":false,"_monsterinsights_sitenote_active":false,"_monsterinsights_sitenote_note":"","_monsterinsights_sitenote_category":0,"footnotes":""},"categories":[11],"tags":[107,43674,43681,106],"class_list":["post-337293","post","type-post","status-publish","format-standard","has-post-thumbnail","hentry","category-turismo","tag-de-cinco-estrellas","tag-opinion","tag-turismo","tag-victoria-gonzalez-prado"],"_links":{"self":[{"href":"https:\/\/www.diarioimagen.net\/index.php?rest_route=\/wp\/v2\/posts\/337293","targetHints":{"allow":["GET"]}}],"collection":[{"href":"https:\/\/www.diarioimagen.net\/index.php?rest_route=\/wp\/v2\/posts"}],"about":[{"href":"https:\/\/www.diarioimagen.net\/index.php?rest_route=\/wp\/v2\/types\/post"}],"author":[{"embeddable":true,"href":"https:\/\/www.diarioimagen.net\/index.php?rest_route=\/wp\/v2\/users\/3"}],"replies":[{"embeddable":true,"href":"https:\/\/www.diarioimagen.net\/index.php?rest_route=%2Fwp%2Fv2%2Fcomments&post=337293"}],"version-history":[{"count":0,"href":"https:\/\/www.diarioimagen.net\/index.php?rest_route=\/wp\/v2\/posts\/337293\/revisions"}],"wp:featuredmedia":[{"embeddable":true,"href":"https:\/\/www.diarioimagen.net\/index.php?rest_route=\/wp\/v2\/media\/337379"}],"wp:attachment":[{"href":"https:\/\/www.diarioimagen.net\/index.php?rest_route=%2Fwp%2Fv2%2Fmedia&parent=337293"}],"wp:term":[{"taxonomy":"category","embeddable":true,"href":"https:\/\/www.diarioimagen.net\/index.php?rest_route=%2Fwp%2Fv2%2Fcategories&post=337293"},{"taxonomy":"post_tag","embeddable":true,"href":"https:\/\/www.diarioimagen.net\/index.php?rest_route=%2Fwp%2Fv2%2Ftags&post=337293"}],"curies":[{"name":"wp","href":"https:\/\/api.w.org\/{rel}","templated":true}]}}