{"id":337298,"date":"2017-07-28T00:04:47","date_gmt":"2017-07-28T05:04:47","guid":{"rendered":"http:\/\/www.diarioimagen.net\/?p=337298"},"modified":"2017-07-28T03:30:41","modified_gmt":"2017-07-28T08:30:41","slug":"capacitan-a-400-policias-y-bomberos-en-cultura-de-paz-en-tlalnepantla","status":"publish","type":"post","link":"https:\/\/www.diarioimagen.net\/?p=337298","title":{"rendered":"Capacitan a 400 polic\u00edas y bomberos en Cultura de Paz en Tlalnepantla"},"content":{"rendered":"<ul>\n<li><strong><em>Garantizan derechos humanos<\/em><\/strong><\/li>\n<\/ul>\n<p>&nbsp;<\/p>\n<div id=\"attachment_337393\" style=\"width: 470px\" class=\"wp-caption aligncenter\"><a href=\"http:\/\/www.diarioimagen.net\/?attachment_id=337393\" rel=\"attachment wp-att-337393\"><img loading=\"lazy\" decoding=\"async\" aria-describedby=\"caption-attachment-337393\" class=\"size-large wp-image-337393\" src=\"http:\/\/www.diarioimagen.net\/wp-content\/uploads\/2017\/07\/TLALNEPANTLA-3173-460x259.jpg\" alt=\"\" width=\"460\" height=\"259\" srcset=\"https:\/\/www.diarioimagen.net\/wp-content\/uploads\/2017\/07\/TLALNEPANTLA-3173-460x259.jpg 460w, https:\/\/www.diarioimagen.net\/wp-content\/uploads\/2017\/07\/TLALNEPANTLA-3173-240x135.jpg 240w, https:\/\/www.diarioimagen.net\/wp-content\/uploads\/2017\/07\/TLALNEPANTLA-3173-235x132.jpg 235w, https:\/\/www.diarioimagen.net\/wp-content\/uploads\/2017\/07\/TLALNEPANTLA-3173-202x114.jpg 202w, https:\/\/www.diarioimagen.net\/wp-content\/uploads\/2017\/07\/TLALNEPANTLA-3173-350x196.jpg 350w, https:\/\/www.diarioimagen.net\/wp-content\/uploads\/2017\/07\/TLALNEPANTLA-3173-220x123.jpg 220w, https:\/\/www.diarioimagen.net\/wp-content\/uploads\/2017\/07\/TLALNEPANTLA-3173-237x132.jpg 237w, https:\/\/www.diarioimagen.net\/wp-content\/uploads\/2017\/07\/TLALNEPANTLA-3173.jpg 480w\" sizes=\"auto, (max-width: 460px) 100vw, 460px\" \/><\/a><p id=\"caption-attachment-337393\" class=\"wp-caption-text\">Con los ciudadanos violentos y agresivos que act\u00faan a la defensiva contra los polic\u00edas, los agentes deben de utilizar las herramientas y competencias adquiridas en sus cursos, dijo Denisse Ugalde Alegr\u00eda.<\/p><\/div>\n<p>&nbsp;<\/p>\n<p><strong>Tlalnepantla, Estado de M\u00e9xico<\/strong>.- Al entregar reconocimientos a 400 elementos de Seguridad P\u00fablica y Bomberos que participaron en el curso-taller de Cultura de Paz, la alcaldesa Denisse Ugalde Alegr\u00eda destac\u00f3 la importancia de que los servidores p\u00fablicos se capaciten y sean ellos mismos quienes promuevan entre la ciudadan\u00eda una pol\u00edtica de respeto, tolerancia y equidad.<\/p>\n<p>Durante la graduaci\u00f3n de egresados del curso \u201cHacia una aut\u00e9ntica, profesional y humana vocaci\u00f3n de servicio en Cultura de Paz\u201d, la presidenta municipal los exhort\u00f3 a aplicar los valores referidos, con la finalidad de recuperar la confianza ciudadana y cambiar la percepci\u00f3n que se tiene de los cuerpos polic\u00edacos.<\/p>\n<p>Afirm\u00f3 que es muy gratificante ver el inter\u00e9s que polic\u00edas y bomberos tienen para impulsar esta pol\u00edtica p\u00fablica, pues ellos son el primer contacto con la gente y\u00a0 tienen la oportunidad de servir de una manera directa.<\/p>\n<p>\u201cExisten ciudadanos violentos y agresivos que act\u00faan a la defensiva contra los polic\u00edas, y es ah\u00ed en donde deben de utilizar las herramientas y competencias adquiridas para que act\u00faen de manera pac\u00edfica\u201d, apunt\u00f3 la presidenta.<\/p>\n<p>Al respecto, Tayd\u00e9 Ivonne Criollo Hern\u00e1ndez, integrante de Cultura de Paz, detall\u00f3 que los elementos que tomaron el curso-taller, cuentan ya con las herramientas te\u00f3rico-pr\u00e1cticas hacia el respeto de los derechos humanos y la promoci\u00f3n de habilidades sociales que permiten una eficiente relaci\u00f3n con la ciudadan\u00eda.<\/p>\n<p>Puntualiz\u00f3 que lo m\u00e1s importante es la asertividad, el manejo emocional del conflicto, el trabajo colaborativo, el liderazgo emocional y la convivencia sana y arm\u00f3nica para que puedan resolver los conflictos entre las personas.<\/p>\n<p>En representaci\u00f3n de los polic\u00edas y bomberos, C\u00e9sar Espinoza y Sim\u00f3n S\u00e1nchez, respectivamente, agradecieron a la alcaldesa Denisse Ugalde esta capacitaci\u00f3n que les dot\u00f3 de las competencias necesarias para tratar a la poblaci\u00f3n de una manera m\u00e1s justa, con respeto y tolerancia, generando un ambiente de paz y confianza.<\/p>\n","protected":false},"excerpt":{"rendered":"<p>Al entregar reconocimientos a 400 elementos de Seguridad P\u00fablica y Bomberos que participaron en el curso-taller de Cultura de Paz, la alcaldesa Denisse Ugalde Alegr\u00eda destac\u00f3 la importancia de que los servidores p\u00fablicos se capaciten y sean ellos mismos quienes promuevan entre la ciudadan\u00eda una pol\u00edtica de respeto, tolerancia y equidad.<\/p>\n","protected":false},"author":3,"featured_media":337393,"comment_status":"open","ping_status":"open","sticky":false,"template":"","format":"standard","meta":{"_monsterinsights_skip_tracking":false,"_monsterinsights_sitenote_active":false,"_monsterinsights_sitenote_note":"","_monsterinsights_sitenote_category":0,"footnotes":""},"categories":[35155],"tags":[58,25972,43675,169],"class_list":["post-337298","post","type-post","status-publish","format-standard","has-post-thumbnail","hentry","category-estado-de-mexico-estado-de-mexico","tag-bomberos","tag-capacitacion","tag-estado-de-mexico","tag-tlalnepantla"],"_links":{"self":[{"href":"https:\/\/www.diarioimagen.net\/index.php?rest_route=\/wp\/v2\/posts\/337298","targetHints":{"allow":["GET"]}}],"collection":[{"href":"https:\/\/www.diarioimagen.net\/index.php?rest_route=\/wp\/v2\/posts"}],"about":[{"href":"https:\/\/www.diarioimagen.net\/index.php?rest_route=\/wp\/v2\/types\/post"}],"author":[{"embeddable":true,"href":"https:\/\/www.diarioimagen.net\/index.php?rest_route=\/wp\/v2\/users\/3"}],"replies":[{"embeddable":true,"href":"https:\/\/www.diarioimagen.net\/index.php?rest_route=%2Fwp%2Fv2%2Fcomments&post=337298"}],"version-history":[{"count":0,"href":"https:\/\/www.diarioimagen.net\/index.php?rest_route=\/wp\/v2\/posts\/337298\/revisions"}],"wp:featuredmedia":[{"embeddable":true,"href":"https:\/\/www.diarioimagen.net\/index.php?rest_route=\/wp\/v2\/media\/337393"}],"wp:attachment":[{"href":"https:\/\/www.diarioimagen.net\/index.php?rest_route=%2Fwp%2Fv2%2Fmedia&parent=337298"}],"wp:term":[{"taxonomy":"category","embeddable":true,"href":"https:\/\/www.diarioimagen.net\/index.php?rest_route=%2Fwp%2Fv2%2Fcategories&post=337298"},{"taxonomy":"post_tag","embeddable":true,"href":"https:\/\/www.diarioimagen.net\/index.php?rest_route=%2Fwp%2Fv2%2Ftags&post=337298"}],"curies":[{"name":"wp","href":"https:\/\/api.w.org\/{rel}","templated":true}]}}