{"id":337305,"date":"2017-07-28T00:01:40","date_gmt":"2017-07-28T05:01:40","guid":{"rendered":"http:\/\/www.diarioimagen.net\/?p=337305"},"modified":"2017-07-28T03:24:52","modified_gmt":"2017-07-28T08:24:52","slug":"auxilia-policia-de-atizapan-a-trabajadores-de-cfe","status":"publish","type":"post","link":"https:\/\/www.diarioimagen.net\/?p=337305","title":{"rendered":"Auxilia polic\u00eda de Atizap\u00e1n a trabajadores de CFE"},"content":{"rendered":"<ul>\n<li><strong><em>Agredidos cuando reparaban cableado<\/em><\/strong><\/li>\n<\/ul>\n<p>&nbsp;<\/p>\n<div id=\"attachment_337384\" style=\"width: 470px\" class=\"wp-caption aligncenter\"><a href=\"http:\/\/www.diarioimagen.net\/?attachment_id=337384\" rel=\"attachment wp-att-337384\"><img loading=\"lazy\" decoding=\"async\" aria-describedby=\"caption-attachment-337384\" class=\"size-large wp-image-337384\" src=\"http:\/\/www.diarioimagen.net\/wp-content\/uploads\/2017\/07\/atizapan-3173-460x259.jpg\" alt=\"\" width=\"460\" height=\"259\" srcset=\"https:\/\/www.diarioimagen.net\/wp-content\/uploads\/2017\/07\/atizapan-3173-460x259.jpg 460w, https:\/\/www.diarioimagen.net\/wp-content\/uploads\/2017\/07\/atizapan-3173-240x135.jpg 240w, https:\/\/www.diarioimagen.net\/wp-content\/uploads\/2017\/07\/atizapan-3173-235x132.jpg 235w, https:\/\/www.diarioimagen.net\/wp-content\/uploads\/2017\/07\/atizapan-3173-202x114.jpg 202w, https:\/\/www.diarioimagen.net\/wp-content\/uploads\/2017\/07\/atizapan-3173-350x196.jpg 350w, https:\/\/www.diarioimagen.net\/wp-content\/uploads\/2017\/07\/atizapan-3173-220x123.jpg 220w, https:\/\/www.diarioimagen.net\/wp-content\/uploads\/2017\/07\/atizapan-3173-237x132.jpg 237w, https:\/\/www.diarioimagen.net\/wp-content\/uploads\/2017\/07\/atizapan-3173.jpg 480w\" sizes=\"auto, (max-width: 460px) 100vw, 460px\" \/><\/a><p id=\"caption-attachment-337384\" class=\"wp-caption-text\">La polic\u00eda detuvo a estos sujetos por obstruir labores de trabajadores de la CFE en Atizap\u00e1n.<\/p><\/div>\n<p>&nbsp;<\/p>\n<p><strong>Atizap\u00e1n de Zaragoza, Estado de M\u00e9xico<\/strong>.- Con el objetivo de\u00a0salvaguardar la integridad y derechos de las personas, as\u00ed como prevenir la comisi\u00f3n de delitos y faltas administrativas contempladas en el Bando Municipal del gobierno que encabeza la alcaldesa Ana Mar\u00eda Balderas Trejo, la polic\u00eda municipal contin\u00faa brindando apoyo a llamadas de emergencia.<\/p>\n<p>En ese sentido, despu\u00e9s de recibir una llamada de auxilio, elementos pertenecientes a la Regi\u00f3n Tres de la Direcci\u00f3n de Seguridad P\u00fablica y Tr\u00e1nsito Municipal detuvieron a dos personas acusadas por obstruir labores que realizaba personal de la Comisi\u00f3n Federal de Electricidad (CFE) en las inmediaciones de la colonia UAM.<\/p>\n<p>Tras ser se\u00f1alados como los presuntos responsables de originar un disturbio entre vecinos, en el que pretend\u00edan agredir a los trabajadores\u00a0 e\u00a0 impedir las labores de reparaci\u00f3n de cableado en la zona, los polic\u00edas municipales de forma preventiva atendieron el llamado de auxilio para impedir un amotinamiento por el desacuerdo de los vecinos a dichas obras.<\/p>\n<p>Con el apoyo de oficiales de los Sectores VI, X, XI, XII, Caballer\u00eda y del Grupo de Operaciones Especiales (GOE) los uniformados procedieron a detener a las personas que estaban al frente de estos disturbios, luego de que agredieran verbal y f\u00edsicamente a los trabajadores de la CFE.<\/p>\n<p>Tras leerles sus derechos y explicarles el motivo de su detenci\u00f3n los polic\u00edas de Atizap\u00e1n aseguraron a quienes se identificaron como Bonifacio \u201cN\u201d de 48 a\u00f1os y Sergio \u201cN\u201d de 50 a\u00f1os de edad, mismos que fueron puestos de manera inmediata a disposici\u00f3n del agente del Ministerio P\u00fablico Federal en Naucalpan a fin de determinar su situaci\u00f3n jur\u00eddica, inici\u00e1ndose una carpeta de investigaci\u00f3n por la causal de oposici\u00f3n de labores.<\/p>\n","protected":false},"excerpt":{"rendered":"<p>Con el objetivo de salvaguardar la integridad y derechos de las personas, as\u00ed como prevenir la comisi\u00f3n de delitos y faltas administrativas contempladas en el Bando Municipal del gobierno que encabeza la alcaldesa Ana Mar\u00eda Balderas Trejo, la polic\u00eda municipal contin\u00faa brindando apoyo a llamadas de emergencia.<\/p>\n","protected":false},"author":3,"featured_media":337384,"comment_status":"open","ping_status":"open","sticky":false,"template":"","format":"standard","meta":{"_monsterinsights_skip_tracking":false,"_monsterinsights_sitenote_active":false,"_monsterinsights_sitenote_note":"","_monsterinsights_sitenote_category":0,"footnotes":""},"categories":[35155],"tags":[3561,139,43675],"class_list":["post-337305","post","type-post","status-publish","format-standard","has-post-thumbnail","hentry","category-estado-de-mexico-estado-de-mexico","tag-atizapan-de-zaragoza","tag-cfe","tag-estado-de-mexico"],"_links":{"self":[{"href":"https:\/\/www.diarioimagen.net\/index.php?rest_route=\/wp\/v2\/posts\/337305","targetHints":{"allow":["GET"]}}],"collection":[{"href":"https:\/\/www.diarioimagen.net\/index.php?rest_route=\/wp\/v2\/posts"}],"about":[{"href":"https:\/\/www.diarioimagen.net\/index.php?rest_route=\/wp\/v2\/types\/post"}],"author":[{"embeddable":true,"href":"https:\/\/www.diarioimagen.net\/index.php?rest_route=\/wp\/v2\/users\/3"}],"replies":[{"embeddable":true,"href":"https:\/\/www.diarioimagen.net\/index.php?rest_route=%2Fwp%2Fv2%2Fcomments&post=337305"}],"version-history":[{"count":0,"href":"https:\/\/www.diarioimagen.net\/index.php?rest_route=\/wp\/v2\/posts\/337305\/revisions"}],"wp:featuredmedia":[{"embeddable":true,"href":"https:\/\/www.diarioimagen.net\/index.php?rest_route=\/wp\/v2\/media\/337384"}],"wp:attachment":[{"href":"https:\/\/www.diarioimagen.net\/index.php?rest_route=%2Fwp%2Fv2%2Fmedia&parent=337305"}],"wp:term":[{"taxonomy":"category","embeddable":true,"href":"https:\/\/www.diarioimagen.net\/index.php?rest_route=%2Fwp%2Fv2%2Fcategories&post=337305"},{"taxonomy":"post_tag","embeddable":true,"href":"https:\/\/www.diarioimagen.net\/index.php?rest_route=%2Fwp%2Fv2%2Ftags&post=337305"}],"curies":[{"name":"wp","href":"https:\/\/api.w.org\/{rel}","templated":true}]}}