{"id":337307,"date":"2017-07-28T00:00:40","date_gmt":"2017-07-28T05:00:40","guid":{"rendered":"http:\/\/www.diarioimagen.net\/?p=337307"},"modified":"2017-07-28T03:21:54","modified_gmt":"2017-07-28T08:21:54","slug":"detienen-en-ecatepec-a-dos-peligrosos-asaltantes","status":"publish","type":"post","link":"https:\/\/www.diarioimagen.net\/?p=337307","title":{"rendered":"Detienen en Ecatepec a dos peligrosos asaltantes"},"content":{"rendered":"<p><a href=\"http:\/\/www.diarioimagen.net\/?attachment_id=337381\" rel=\"attachment wp-att-337381\"><img loading=\"lazy\" decoding=\"async\" class=\"aligncenter size-large wp-image-337381\" src=\"http:\/\/www.diarioimagen.net\/wp-content\/uploads\/2017\/07\/ECATEPEC-3173-460x259.jpg\" alt=\"\" width=\"460\" height=\"259\" srcset=\"https:\/\/www.diarioimagen.net\/wp-content\/uploads\/2017\/07\/ECATEPEC-3173-460x259.jpg 460w, https:\/\/www.diarioimagen.net\/wp-content\/uploads\/2017\/07\/ECATEPEC-3173-240x135.jpg 240w, https:\/\/www.diarioimagen.net\/wp-content\/uploads\/2017\/07\/ECATEPEC-3173-235x132.jpg 235w, https:\/\/www.diarioimagen.net\/wp-content\/uploads\/2017\/07\/ECATEPEC-3173-202x114.jpg 202w, https:\/\/www.diarioimagen.net\/wp-content\/uploads\/2017\/07\/ECATEPEC-3173-350x196.jpg 350w, https:\/\/www.diarioimagen.net\/wp-content\/uploads\/2017\/07\/ECATEPEC-3173-220x123.jpg 220w, https:\/\/www.diarioimagen.net\/wp-content\/uploads\/2017\/07\/ECATEPEC-3173-237x132.jpg 237w, https:\/\/www.diarioimagen.net\/wp-content\/uploads\/2017\/07\/ECATEPEC-3173.jpg 480w\" sizes=\"auto, (max-width: 460px) 100vw, 460px\" \/><\/a><\/p>\n<p>&nbsp;<\/p>\n<p><strong>Ecatepec, Estado de M\u00e9xico.- <\/strong>Luego de una persecuci\u00f3n por diferentes avenidas de la colonia Jardines de Cerro Gordo, fueron detenidos Alan Francisco Ram\u00edrez e Israel Tapia Medina, quienes cuchillo en mano asaltaron a un joven para despojarlo de dinero en efectivo y un celular.<\/p>\n<p>Los ahora detenidos, despu\u00e9s de haber cometido su fechor\u00eda intentaron huir en un auto Topaz, color gris, placas 419-MXC, pero el cerco policiaco que encabezaba el comisario Arturo Centeno Cano, se los impidi\u00f3. Ahora los dos hampones quedaron en manos del MP, a petici\u00f3n de su v\u00edctima.<\/p>\n","protected":false},"excerpt":{"rendered":"<p>Luego de una persecuci\u00f3n por diferentes avenidas de la colonia Jardines de Cerro Gordo, fueron detenidos Alan Francisco Ram\u00edrez e Israel Tapia Medina, quienes cuchillo en mano asaltaron a un joven para despojarlo de dinero en efectivo y un celular.<\/p>\n","protected":false},"author":3,"featured_media":337381,"comment_status":"open","ping_status":"open","sticky":false,"template":"","format":"standard","meta":{"_monsterinsights_skip_tracking":false,"_monsterinsights_sitenote_active":false,"_monsterinsights_sitenote_note":"","_monsterinsights_sitenote_category":0,"footnotes":""},"categories":[35155],"tags":[6097,7905,454,43675],"class_list":["post-337307","post","type-post","status-publish","format-standard","has-post-thumbnail","hentry","category-estado-de-mexico-estado-de-mexico","tag-asaltantes","tag-detenidos","tag-ecatepec","tag-estado-de-mexico"],"_links":{"self":[{"href":"https:\/\/www.diarioimagen.net\/index.php?rest_route=\/wp\/v2\/posts\/337307","targetHints":{"allow":["GET"]}}],"collection":[{"href":"https:\/\/www.diarioimagen.net\/index.php?rest_route=\/wp\/v2\/posts"}],"about":[{"href":"https:\/\/www.diarioimagen.net\/index.php?rest_route=\/wp\/v2\/types\/post"}],"author":[{"embeddable":true,"href":"https:\/\/www.diarioimagen.net\/index.php?rest_route=\/wp\/v2\/users\/3"}],"replies":[{"embeddable":true,"href":"https:\/\/www.diarioimagen.net\/index.php?rest_route=%2Fwp%2Fv2%2Fcomments&post=337307"}],"version-history":[{"count":0,"href":"https:\/\/www.diarioimagen.net\/index.php?rest_route=\/wp\/v2\/posts\/337307\/revisions"}],"wp:featuredmedia":[{"embeddable":true,"href":"https:\/\/www.diarioimagen.net\/index.php?rest_route=\/wp\/v2\/media\/337381"}],"wp:attachment":[{"href":"https:\/\/www.diarioimagen.net\/index.php?rest_route=%2Fwp%2Fv2%2Fmedia&parent=337307"}],"wp:term":[{"taxonomy":"category","embeddable":true,"href":"https:\/\/www.diarioimagen.net\/index.php?rest_route=%2Fwp%2Fv2%2Fcategories&post=337307"},{"taxonomy":"post_tag","embeddable":true,"href":"https:\/\/www.diarioimagen.net\/index.php?rest_route=%2Fwp%2Fv2%2Ftags&post=337307"}],"curies":[{"name":"wp","href":"https:\/\/api.w.org\/{rel}","templated":true}]}}