{"id":337311,"date":"2017-07-28T00:05:45","date_gmt":"2017-07-28T05:05:45","guid":{"rendered":"http:\/\/www.diarioimagen.net\/?p=337311"},"modified":"2017-07-28T03:33:51","modified_gmt":"2017-07-28T08:33:51","slug":"realiza-gobierno-de-tultitlan-jornadas-de-prevencion-del-delito","status":"publish","type":"post","link":"https:\/\/www.diarioimagen.net\/?p=337311","title":{"rendered":"Realiza gobierno de Tultitl\u00e1n jornadas de prevenci\u00f3n del delito"},"content":{"rendered":"<ul>\n<li><strong><em>Se busca disminuir los \u00edndices de inseguridad<\/em><\/strong><\/li>\n<\/ul>\n<p>&nbsp;<\/p>\n<div id=\"attachment_337396\" style=\"width: 470px\" class=\"wp-caption aligncenter\"><a href=\"http:\/\/www.diarioimagen.net\/?attachment_id=337396\" rel=\"attachment wp-att-337396\"><img loading=\"lazy\" decoding=\"async\" aria-describedby=\"caption-attachment-337396\" class=\"size-large wp-image-337396\" src=\"http:\/\/www.diarioimagen.net\/wp-content\/uploads\/2017\/07\/TULTITLAN-3173-460x259.jpg\" alt=\"\" width=\"460\" height=\"259\" srcset=\"https:\/\/www.diarioimagen.net\/wp-content\/uploads\/2017\/07\/TULTITLAN-3173-460x259.jpg 460w, https:\/\/www.diarioimagen.net\/wp-content\/uploads\/2017\/07\/TULTITLAN-3173-240x135.jpg 240w, https:\/\/www.diarioimagen.net\/wp-content\/uploads\/2017\/07\/TULTITLAN-3173-235x132.jpg 235w, https:\/\/www.diarioimagen.net\/wp-content\/uploads\/2017\/07\/TULTITLAN-3173-202x114.jpg 202w, https:\/\/www.diarioimagen.net\/wp-content\/uploads\/2017\/07\/TULTITLAN-3173-350x196.jpg 350w, https:\/\/www.diarioimagen.net\/wp-content\/uploads\/2017\/07\/TULTITLAN-3173-220x123.jpg 220w, https:\/\/www.diarioimagen.net\/wp-content\/uploads\/2017\/07\/TULTITLAN-3173-237x132.jpg 237w, https:\/\/www.diarioimagen.net\/wp-content\/uploads\/2017\/07\/TULTITLAN-3173.jpg 480w\" sizes=\"auto, (max-width: 460px) 100vw, 460px\" \/><\/a><p id=\"caption-attachment-337396\" class=\"wp-caption-text\">Se ense\u00f1\u00f3 la interacci\u00f3n con menores de edad para que durante su crecimiento fortalezcan valores, como el respeto, la unidad y la sana convivencia.<\/p><\/div>\n<p>&nbsp;<\/p>\n<p><strong>Tultitl\u00e1n, Estado de M\u00e9xico<\/strong>.- La Direcci\u00f3n de Seguridad P\u00fablica, Vialidad y Protecci\u00f3n Civil, en coordinaci\u00f3n con los Consejos de Participaci\u00f3n Ciudadana realizan jornadas de prevenci\u00f3n del delito en diferentes puntos del municipio con el fin de disminuir los \u00edndices de inseguridad de la demarcaci\u00f3n.<\/p>\n<p>Dentro del plan integral de prevenci\u00f3n, impulsado por el alcalde Ad\u00e1n Barr\u00f3n Elizalde, resalta el acercamiento con la ciudadan\u00eda tultitlense para fomentar y crear una cultura de\u00a0 prevenci\u00f3n.<\/p>\n<p>En los objetivos principales que busca la Direcci\u00f3n de Seguridad Ciudadana, es la interacci\u00f3n con menores de edad para que durante su crecimiento fortalezcan valores como el respeto, la unidad y la sana convivencia.<\/p>\n<p>En las pl\u00e1ticas el personal capacitado informa a los colonos las diferentes medidas de seguridad que se deben tener para evitar ser sorprendidos en la calle u hogar: usar el celular de forma discreta, evitar lugares poco concurridos y con escaso alumbrado, no\u00a0\u00a0 portar grandes cantidades de dinero y de ser as\u00ed, distribuirlo en diferentes bolsos.<\/p>\n<p>Las reuniones han tenido lugar en diferentes colonias como San Pablo de las Salinas y en las zonas centro y sur con la finalidad de cubrir todos los puntos del municipio y lograr un Tultitl\u00e1n sin violencia.<\/p>\n","protected":false},"excerpt":{"rendered":"<p>La Direcci\u00f3n de Seguridad P\u00fablica, Vialidad y Protecci\u00f3n Civil, en coordinaci\u00f3n con los Consejos de Participaci\u00f3n Ciudadana realizan jornadas de prevenci\u00f3n del delito en diferentes puntos del municipio con el fin de disminuir los \u00edndices de inseguridad de la demarcaci\u00f3n.<\/p>\n","protected":false},"author":3,"featured_media":337396,"comment_status":"open","ping_status":"open","sticky":false,"template":"","format":"standard","meta":{"_monsterinsights_skip_tracking":false,"_monsterinsights_sitenote_active":false,"_monsterinsights_sitenote_note":"","_monsterinsights_sitenote_category":0,"footnotes":""},"categories":[35155],"tags":[24241,43675,21732,578],"class_list":["post-337311","post","type-post","status-publish","format-standard","has-post-thumbnail","hentry","category-estado-de-mexico-estado-de-mexico","tag-delito","tag-estado-de-mexico","tag-prevencion","tag-tultitlan"],"_links":{"self":[{"href":"https:\/\/www.diarioimagen.net\/index.php?rest_route=\/wp\/v2\/posts\/337311","targetHints":{"allow":["GET"]}}],"collection":[{"href":"https:\/\/www.diarioimagen.net\/index.php?rest_route=\/wp\/v2\/posts"}],"about":[{"href":"https:\/\/www.diarioimagen.net\/index.php?rest_route=\/wp\/v2\/types\/post"}],"author":[{"embeddable":true,"href":"https:\/\/www.diarioimagen.net\/index.php?rest_route=\/wp\/v2\/users\/3"}],"replies":[{"embeddable":true,"href":"https:\/\/www.diarioimagen.net\/index.php?rest_route=%2Fwp%2Fv2%2Fcomments&post=337311"}],"version-history":[{"count":0,"href":"https:\/\/www.diarioimagen.net\/index.php?rest_route=\/wp\/v2\/posts\/337311\/revisions"}],"wp:featuredmedia":[{"embeddable":true,"href":"https:\/\/www.diarioimagen.net\/index.php?rest_route=\/wp\/v2\/media\/337396"}],"wp:attachment":[{"href":"https:\/\/www.diarioimagen.net\/index.php?rest_route=%2Fwp%2Fv2%2Fmedia&parent=337311"}],"wp:term":[{"taxonomy":"category","embeddable":true,"href":"https:\/\/www.diarioimagen.net\/index.php?rest_route=%2Fwp%2Fv2%2Fcategories&post=337311"},{"taxonomy":"post_tag","embeddable":true,"href":"https:\/\/www.diarioimagen.net\/index.php?rest_route=%2Fwp%2Fv2%2Ftags&post=337311"}],"curies":[{"name":"wp","href":"https:\/\/api.w.org\/{rel}","templated":true}]}}