{"id":337313,"date":"2017-07-28T00:06:50","date_gmt":"2017-07-28T05:06:50","guid":{"rendered":"http:\/\/www.diarioimagen.net\/?p=337313"},"modified":"2017-07-28T03:35:21","modified_gmt":"2017-07-28T08:35:21","slug":"en-nicolas-romero-entregan-proyectos-productivos-de-ave","status":"publish","type":"post","link":"https:\/\/www.diarioimagen.net\/?p=337313","title":{"rendered":"En Nicol\u00e1s Romero entregan proyectos productivos de ave"},"content":{"rendered":"<p><a href=\"http:\/\/www.diarioimagen.net\/?attachment_id=337399\" rel=\"attachment wp-att-337399\"><img loading=\"lazy\" decoding=\"async\" class=\"aligncenter size-large wp-image-337399\" src=\"http:\/\/www.diarioimagen.net\/wp-content\/uploads\/2017\/07\/NICOLAS-3173-460x259.jpg\" alt=\"\" width=\"460\" height=\"259\" srcset=\"https:\/\/www.diarioimagen.net\/wp-content\/uploads\/2017\/07\/NICOLAS-3173-460x259.jpg 460w, https:\/\/www.diarioimagen.net\/wp-content\/uploads\/2017\/07\/NICOLAS-3173-240x135.jpg 240w, https:\/\/www.diarioimagen.net\/wp-content\/uploads\/2017\/07\/NICOLAS-3173-235x132.jpg 235w, https:\/\/www.diarioimagen.net\/wp-content\/uploads\/2017\/07\/NICOLAS-3173-202x114.jpg 202w, https:\/\/www.diarioimagen.net\/wp-content\/uploads\/2017\/07\/NICOLAS-3173-350x196.jpg 350w, https:\/\/www.diarioimagen.net\/wp-content\/uploads\/2017\/07\/NICOLAS-3173-220x123.jpg 220w, https:\/\/www.diarioimagen.net\/wp-content\/uploads\/2017\/07\/NICOLAS-3173-237x132.jpg 237w, https:\/\/www.diarioimagen.net\/wp-content\/uploads\/2017\/07\/NICOLAS-3173.jpg 480w\" sizes=\"auto, (max-width: 460px) 100vw, 460px\" \/><\/a><\/p>\n<p>&nbsp;<\/p>\n<p><strong>Nicol\u00e1s Romero, Estado de M\u00e9xico.-<\/strong> La presidenta municipal Angelina Carre\u00f1o, a nombre del gobernador del Estado de M\u00e9xico, otorg\u00f3 v\u00eda DIFEM, 200 proyectos productivos de aves de postura (9 hembras y un macho).<\/p>\n<p>Sin duda este programa mejorar\u00e1 la alimentaci\u00f3n de nuestras familias y brindar\u00e1 tambi\u00e9n una alternativa de comercializar huevo org\u00e1nico para mejorar las finanzas de las familias beneficiadas, dijo una l\u00edder vecinal al hacer uso de la palabra y pidi\u00f3 hacer llegar el agradecimiento de este hecho al mandatario estatal.<\/p>\n","protected":false},"excerpt":{"rendered":"<p>La presidenta municipal Angelina Carre\u00f1o, a nombre del gobernador del Estado de M\u00e9xico, otorg\u00f3 v\u00eda DIFEM, 200 proyectos productivos de aves de postura (9 hembras y un macho).<\/p>\n","protected":false},"author":3,"featured_media":337399,"comment_status":"open","ping_status":"open","sticky":false,"template":"","format":"standard","meta":{"_monsterinsights_skip_tracking":false,"_monsterinsights_sitenote_active":false,"_monsterinsights_sitenote_note":"","_monsterinsights_sitenote_category":0,"footnotes":""},"categories":[35155],"tags":[63549,43675,752,16953],"class_list":["post-337313","post","type-post","status-publish","format-standard","has-post-thumbnail","hentry","category-estado-de-mexico-estado-de-mexico","tag-ave","tag-estado-de-mexico","tag-nicolas-romero","tag-produccion"],"_links":{"self":[{"href":"https:\/\/www.diarioimagen.net\/index.php?rest_route=\/wp\/v2\/posts\/337313","targetHints":{"allow":["GET"]}}],"collection":[{"href":"https:\/\/www.diarioimagen.net\/index.php?rest_route=\/wp\/v2\/posts"}],"about":[{"href":"https:\/\/www.diarioimagen.net\/index.php?rest_route=\/wp\/v2\/types\/post"}],"author":[{"embeddable":true,"href":"https:\/\/www.diarioimagen.net\/index.php?rest_route=\/wp\/v2\/users\/3"}],"replies":[{"embeddable":true,"href":"https:\/\/www.diarioimagen.net\/index.php?rest_route=%2Fwp%2Fv2%2Fcomments&post=337313"}],"version-history":[{"count":0,"href":"https:\/\/www.diarioimagen.net\/index.php?rest_route=\/wp\/v2\/posts\/337313\/revisions"}],"wp:featuredmedia":[{"embeddable":true,"href":"https:\/\/www.diarioimagen.net\/index.php?rest_route=\/wp\/v2\/media\/337399"}],"wp:attachment":[{"href":"https:\/\/www.diarioimagen.net\/index.php?rest_route=%2Fwp%2Fv2%2Fmedia&parent=337313"}],"wp:term":[{"taxonomy":"category","embeddable":true,"href":"https:\/\/www.diarioimagen.net\/index.php?rest_route=%2Fwp%2Fv2%2Fcategories&post=337313"},{"taxonomy":"post_tag","embeddable":true,"href":"https:\/\/www.diarioimagen.net\/index.php?rest_route=%2Fwp%2Fv2%2Ftags&post=337313"}],"curies":[{"name":"wp","href":"https:\/\/api.w.org\/{rel}","templated":true}]}}