{"id":337316,"date":"2017-07-28T00:07:12","date_gmt":"2017-07-28T05:07:12","guid":{"rendered":"http:\/\/www.diarioimagen.net\/?p=337316"},"modified":"2017-07-28T03:36:57","modified_gmt":"2017-07-28T08:36:57","slug":"reconocen-a-naucalpense-ganadora-del-decimo-parlamento-infantil","status":"publish","type":"post","link":"https:\/\/www.diarioimagen.net\/?p=337316","title":{"rendered":"Reconocen a naucalpense ganadora del D\u00e9cimo Parlamento Infantil"},"content":{"rendered":"<ul>\n<li><strong><em>Futura diputada<\/em><\/strong><\/li>\n<\/ul>\n<p>&nbsp;<\/p>\n<div id=\"attachment_337403\" style=\"width: 470px\" class=\"wp-caption aligncenter\"><a href=\"http:\/\/www.diarioimagen.net\/?attachment_id=337403\" rel=\"attachment wp-att-337403\"><img loading=\"lazy\" decoding=\"async\" aria-describedby=\"caption-attachment-337403\" class=\"size-large wp-image-337403\" src=\"http:\/\/www.diarioimagen.net\/wp-content\/uploads\/2017\/07\/NAUCALPAN-3173-460x259.jpg\" alt=\"\" width=\"460\" height=\"259\" srcset=\"https:\/\/www.diarioimagen.net\/wp-content\/uploads\/2017\/07\/NAUCALPAN-3173-460x259.jpg 460w, https:\/\/www.diarioimagen.net\/wp-content\/uploads\/2017\/07\/NAUCALPAN-3173-240x135.jpg 240w, https:\/\/www.diarioimagen.net\/wp-content\/uploads\/2017\/07\/NAUCALPAN-3173-235x132.jpg 235w, https:\/\/www.diarioimagen.net\/wp-content\/uploads\/2017\/07\/NAUCALPAN-3173-202x114.jpg 202w, https:\/\/www.diarioimagen.net\/wp-content\/uploads\/2017\/07\/NAUCALPAN-3173-350x196.jpg 350w, https:\/\/www.diarioimagen.net\/wp-content\/uploads\/2017\/07\/NAUCALPAN-3173-220x123.jpg 220w, https:\/\/www.diarioimagen.net\/wp-content\/uploads\/2017\/07\/NAUCALPAN-3173-237x132.jpg 237w, https:\/\/www.diarioimagen.net\/wp-content\/uploads\/2017\/07\/NAUCALPAN-3173.jpg 480w\" sizes=\"auto, (max-width: 460px) 100vw, 460px\" \/><\/a><p id=\"caption-attachment-337403\" class=\"wp-caption-text\">La ganadora Jade Ofelia S\u00e1nchez indic\u00f3 que el tema que llev\u00f3 al Parlamento fue resultado de las pl\u00e1ticas que recibi\u00f3 como parte del Programa de Prevenci\u00f3n de la Violencia.<\/p><\/div>\n<p>&nbsp;<\/p>\n<p><strong>Naucalpan, Estado de M\u00e9xico<\/strong>.- El gobierno municipal reconoci\u00f3 a la naucalpense de 11 a\u00f1os de edad, Jade Ofelia S\u00e1nchez L\u00f3pez, por haber obtenido el primer lugar en el D\u00e9cimo Parlamento Infantil organizado por el Instituto Nacional Electoral (INE).<\/p>\n<p>En sesi\u00f3n de cabildo, la alumna con promedio de calificaci\u00f3n superior a 9 de la escuela primaria Ricardo Flores Mag\u00f3n, en Colinas de San Mateo, recibi\u00f3 este reconocimiento y la distinci\u00f3n de los integrantes de este cuerpo edilicio, toda vez que llev\u00f3 a cabo un trabajo y exposici\u00f3n sobre medidas de prevenci\u00f3n para que ni\u00f1as y ni\u00f1os eviten ser v\u00edctimas de alg\u00fan delito.<\/p>\n<p>La menor, indic\u00f3 que el tema que llev\u00f3 al Parlamento Infantil fue resultado de las pl\u00e1ticas que recibi\u00f3 como parte del Programa de Prevenci\u00f3n de la Violencia en planteles escolares que imparte personal de la Direcci\u00f3n General de Seguridad Ciudadana y Tr\u00e1nsito Municipal.<\/p>\n<p>Asimismo, Jade Ofelia S\u00e1nchez L\u00f3pez, reconoci\u00f3 el trabajo que est\u00e1 realizando la actual administraci\u00f3n, toda vez que implementa acciones no s\u00f3lo para prevenir el delito y fomentar el autocuidado, sino tambi\u00e9n para reforzar la convivencia arm\u00f3nica en la familia y en las escuelas, con diversas actividades como torneos de basquetbol y futbol, entre otras.<\/p>\n<p>La menor coincidi\u00f3 con el cuerpo edilicio en que el trabajo conjunto entre autoridades y vecinos incrementa la seguridad para dar mayor tranquilidad a los naucalpenses.<\/p>\n","protected":false},"excerpt":{"rendered":"<p>El gobierno municipal reconoci\u00f3 a la naucalpense de 11 a\u00f1os de edad, Jade Ofelia S\u00e1nchez L\u00f3pez, por haber obtenido el primer lugar en el D\u00e9cimo Parlamento Infantil organizado por el Instituto Nacional Electoral (INE).<\/p>\n","protected":false},"author":3,"featured_media":337403,"comment_status":"open","ping_status":"open","sticky":false,"template":"","format":"standard","meta":{"_monsterinsights_skip_tracking":false,"_monsterinsights_sitenote_active":false,"_monsterinsights_sitenote_note":"","_monsterinsights_sitenote_category":0,"footnotes":""},"categories":[35155],"tags":[43675,28759,970,48108],"class_list":["post-337316","post","type-post","status-publish","format-standard","has-post-thumbnail","hentry","category-estado-de-mexico-estado-de-mexico","tag-estado-de-mexico","tag-instituto-nacional-electoral","tag-naucalpan","tag-reconoce"],"_links":{"self":[{"href":"https:\/\/www.diarioimagen.net\/index.php?rest_route=\/wp\/v2\/posts\/337316","targetHints":{"allow":["GET"]}}],"collection":[{"href":"https:\/\/www.diarioimagen.net\/index.php?rest_route=\/wp\/v2\/posts"}],"about":[{"href":"https:\/\/www.diarioimagen.net\/index.php?rest_route=\/wp\/v2\/types\/post"}],"author":[{"embeddable":true,"href":"https:\/\/www.diarioimagen.net\/index.php?rest_route=\/wp\/v2\/users\/3"}],"replies":[{"embeddable":true,"href":"https:\/\/www.diarioimagen.net\/index.php?rest_route=%2Fwp%2Fv2%2Fcomments&post=337316"}],"version-history":[{"count":0,"href":"https:\/\/www.diarioimagen.net\/index.php?rest_route=\/wp\/v2\/posts\/337316\/revisions"}],"wp:featuredmedia":[{"embeddable":true,"href":"https:\/\/www.diarioimagen.net\/index.php?rest_route=\/wp\/v2\/media\/337403"}],"wp:attachment":[{"href":"https:\/\/www.diarioimagen.net\/index.php?rest_route=%2Fwp%2Fv2%2Fmedia&parent=337316"}],"wp:term":[{"taxonomy":"category","embeddable":true,"href":"https:\/\/www.diarioimagen.net\/index.php?rest_route=%2Fwp%2Fv2%2Fcategories&post=337316"},{"taxonomy":"post_tag","embeddable":true,"href":"https:\/\/www.diarioimagen.net\/index.php?rest_route=%2Fwp%2Fv2%2Ftags&post=337316"}],"curies":[{"name":"wp","href":"https:\/\/api.w.org\/{rel}","templated":true}]}}