{"id":337318,"date":"2017-07-28T00:09:19","date_gmt":"2017-07-28T05:09:19","guid":{"rendered":"http:\/\/www.diarioimagen.net\/?p=337318"},"modified":"2017-07-28T03:40:49","modified_gmt":"2017-07-28T08:40:49","slug":"felicita-cruz-roa-sanchez-a-personal-del-poder-legislativo","status":"publish","type":"post","link":"https:\/\/www.diarioimagen.net\/?p=337318","title":{"rendered":"Felicita Cruz Roa S\u00e1nchez a personal del Poder Legislativo"},"content":{"rendered":"<ul>\n<li><strong><em>Por recibir distintivo \u201cH\u201d de calidad e higiene<\/em><\/strong><\/li>\n<\/ul>\n<p>&nbsp;<\/p>\n<div id=\"attachment_337409\" style=\"width: 470px\" class=\"wp-caption aligncenter\"><a href=\"http:\/\/www.diarioimagen.net\/?attachment_id=337409\" rel=\"attachment wp-att-337409\"><img loading=\"lazy\" decoding=\"async\" aria-describedby=\"caption-attachment-337409\" class=\"size-large wp-image-337409\" src=\"http:\/\/www.diarioimagen.net\/wp-content\/uploads\/2017\/07\/LEGISLATURA-3173-460x283.jpg\" alt=\"\" width=\"460\" height=\"283\" srcset=\"https:\/\/www.diarioimagen.net\/wp-content\/uploads\/2017\/07\/LEGISLATURA-3173-460x283.jpg 460w, https:\/\/www.diarioimagen.net\/wp-content\/uploads\/2017\/07\/LEGISLATURA-3173-240x147.jpg 240w, https:\/\/www.diarioimagen.net\/wp-content\/uploads\/2017\/07\/LEGISLATURA-3173.jpg 700w\" sizes=\"auto, (max-width: 460px) 100vw, 460px\" \/><\/a><p id=\"caption-attachment-337409\" class=\"wp-caption-text\">El presidente de la Junta de Coordinaci\u00f3n Pol\u00edtica, Cruz Roa S\u00e1nchez, hizo un reconocimiento a los empleados del comedor de la C\u00e1mara de Diputados local.<\/p><\/div>\n<p>&nbsp;<\/p>\n<p>El diputado Cruz Roa S\u00e1nchez, presidente de la Junta de Coordinaci\u00f3n Pol\u00edtica, reconoci\u00f3 al personal del comedor del Poder Legislativo del Estado de M\u00e9xico por recibir el Distintivo \u201cH\u201d, por medio del cual la Secretar\u00eda de Turismo del gobierno federal certifica el cumplimiento de los altos est\u00e1ndares de calidad, higiene y seguridad en el manejo y preparaci\u00f3n de los alimentos.<\/p>\n<p>Al entregar las constancias de capacitaci\u00f3n a trabajadores de las \u00e1reas de cocina, almac\u00e9n, servicio y nutrici\u00f3n, en nombre de los diputados y coordinadores parlamentarios de la 59 Legislatura mexiquense, Cruz Roa los invit\u00f3 a seguir brindando un buen servicio.<\/p>\n<p>Pablo D\u00edaz G\u00f3mez, secretario de Administraci\u00f3n y Finanzas, explic\u00f3 que la certificaci\u00f3n implic\u00f3 la capacitaci\u00f3n del personal en manejo higi\u00e9nico de alimentos y la implementaci\u00f3n de medidas para evitar fuentes de contaminaci\u00f3n, adem\u00e1s, permanentemente se practican estudios microbiol\u00f3gicos a los alimentos, agua, hielo, superficies vivas e inertes.<\/p>\n<p>En la entrega de esta constancia estuvieron Alejandro Salazar Gorostieta, director de Recursos Materiales, as\u00ed como Claudia Rebeca Gordillo Chaparro y Mario Alberto Rivera S\u00e1nchez, jefa y coordinador operativo del comedor, respectivamente.<\/p>\n","protected":false},"excerpt":{"rendered":"<p>El diputado Cruz Roa S\u00e1nchez, presidente de la Junta de Coordinaci\u00f3n Pol\u00edtica, reconoci\u00f3 al personal del comedor del Poder Legislativo del Estado de M\u00e9xico por recibir el Distintivo \u201cH\u201d, por medio del cual la Secretar\u00eda de Turismo del gobierno federal certifica el cumplimiento de los altos est\u00e1ndares de calidad, higiene y seguridad en el manejo y preparaci\u00f3n de los alimentos.<\/p>\n","protected":false},"author":3,"featured_media":337409,"comment_status":"open","ping_status":"open","sticky":false,"template":"","format":"standard","meta":{"_monsterinsights_skip_tracking":false,"_monsterinsights_sitenote_active":false,"_monsterinsights_sitenote_note":"","_monsterinsights_sitenote_category":0,"footnotes":""},"categories":[35155],"tags":[50923,4553,2357],"class_list":["post-337318","post","type-post","status-publish","format-standard","has-post-thumbnail","hentry","category-estado-de-mexico-estado-de-mexico","tag-cruz-roa-sanchez","tag-junta-de-coordinacion-politica","tag-poder-legislativo"],"_links":{"self":[{"href":"https:\/\/www.diarioimagen.net\/index.php?rest_route=\/wp\/v2\/posts\/337318","targetHints":{"allow":["GET"]}}],"collection":[{"href":"https:\/\/www.diarioimagen.net\/index.php?rest_route=\/wp\/v2\/posts"}],"about":[{"href":"https:\/\/www.diarioimagen.net\/index.php?rest_route=\/wp\/v2\/types\/post"}],"author":[{"embeddable":true,"href":"https:\/\/www.diarioimagen.net\/index.php?rest_route=\/wp\/v2\/users\/3"}],"replies":[{"embeddable":true,"href":"https:\/\/www.diarioimagen.net\/index.php?rest_route=%2Fwp%2Fv2%2Fcomments&post=337318"}],"version-history":[{"count":0,"href":"https:\/\/www.diarioimagen.net\/index.php?rest_route=\/wp\/v2\/posts\/337318\/revisions"}],"wp:featuredmedia":[{"embeddable":true,"href":"https:\/\/www.diarioimagen.net\/index.php?rest_route=\/wp\/v2\/media\/337409"}],"wp:attachment":[{"href":"https:\/\/www.diarioimagen.net\/index.php?rest_route=%2Fwp%2Fv2%2Fmedia&parent=337318"}],"wp:term":[{"taxonomy":"category","embeddable":true,"href":"https:\/\/www.diarioimagen.net\/index.php?rest_route=%2Fwp%2Fv2%2Fcategories&post=337318"},{"taxonomy":"post_tag","embeddable":true,"href":"https:\/\/www.diarioimagen.net\/index.php?rest_route=%2Fwp%2Fv2%2Ftags&post=337318"}],"curies":[{"name":"wp","href":"https:\/\/api.w.org\/{rel}","templated":true}]}}