{"id":337323,"date":"2017-07-28T00:06:27","date_gmt":"2017-07-28T05:06:27","guid":{"rendered":"http:\/\/www.diarioimagen.net\/?p=337323"},"modified":"2017-07-30T22:38:33","modified_gmt":"2017-07-31T03:38:33","slug":"viaje-por-la-historia-en-cuautitlan-izcalli","status":"publish","type":"post","link":"https:\/\/www.diarioimagen.net\/?p=337323","title":{"rendered":"Viaje por la historia en Cuautitl\u00e1n Izcalli"},"content":{"rendered":"<ul>\n<li><strong><em>Cuarto lugar del mundo en piezas pl\u00e1sticas<\/em><\/strong><\/li>\n<\/ul>\n<p>&nbsp;<\/p>\n<div id=\"attachment_337426\" style=\"width: 470px\" class=\"wp-caption aligncenter\"><a href=\"http:\/\/www.diarioimagen.net\/?attachment_id=337426\" rel=\"attachment wp-att-337426\"><img loading=\"lazy\" decoding=\"async\" aria-describedby=\"caption-attachment-337426\" class=\"size-large wp-image-337426\" src=\"http:\/\/www.diarioimagen.net\/wp-content\/uploads\/2017\/07\/CUAUTITLAN-3173-460x259.jpg\" alt=\"\" width=\"460\" height=\"259\" srcset=\"https:\/\/www.diarioimagen.net\/wp-content\/uploads\/2017\/07\/CUAUTITLAN-3173-460x259.jpg 460w, https:\/\/www.diarioimagen.net\/wp-content\/uploads\/2017\/07\/CUAUTITLAN-3173-240x135.jpg 240w, https:\/\/www.diarioimagen.net\/wp-content\/uploads\/2017\/07\/CUAUTITLAN-3173-235x132.jpg 235w, https:\/\/www.diarioimagen.net\/wp-content\/uploads\/2017\/07\/CUAUTITLAN-3173-202x114.jpg 202w, https:\/\/www.diarioimagen.net\/wp-content\/uploads\/2017\/07\/CUAUTITLAN-3173-350x196.jpg 350w, https:\/\/www.diarioimagen.net\/wp-content\/uploads\/2017\/07\/CUAUTITLAN-3173-220x123.jpg 220w, https:\/\/www.diarioimagen.net\/wp-content\/uploads\/2017\/07\/CUAUTITLAN-3173-237x132.jpg 237w, https:\/\/www.diarioimagen.net\/wp-content\/uploads\/2017\/07\/CUAUTITLAN-3173.jpg 480w\" sizes=\"auto, (max-width: 460px) 100vw, 460px\" \/><\/a><p id=\"caption-attachment-337426\" class=\"wp-caption-text\">La obra expone un estilo anatomista, manierista, estilizado, pero con manos y pies de proporciones similares o mayores a las humanas.<\/p><\/div>\n<p>&nbsp;<\/p>\n<p><strong>Cuautitl\u00e1n Izcalli, Estado de M\u00e9xico<\/strong>.- Para difundir la riqueza cultural de Cuautitl\u00e1n Izcalli, como la obra pl\u00e1stica de la escultora Charlotte Yazbek que resguarda el Parque de las Esculturas, el gobierno municipal llevar\u00e1 a cabo visitas guiadas que informan sobre las 17 piezas que la mexicana quiso alojar en los extensos jardines que rodean la hist\u00f3rica hacienda La Troje.<\/p>\n<p>El Paseo Escult\u00f3rico, que es gratuito,\u00a0 lo dirige el artista Jos\u00e9 Luis Praxiteles Segoviano, o bien personal capacitado de la Direcci\u00f3n de Cultura, se realizar\u00e1 cada tercer s\u00e1bado del mes -a partir de las 11:00 horas- y ofrece un fant\u00e1stico viaje por la historia, mente y trabajo de la escultora poblana.<\/p>\n<p>La tem\u00e1tica del recorrido \u201cSer por instantes&#8230;\u201d fue tomada de la frase inicial de un poema de Charlotte que forj\u00f3 en la reja de hierro que abre el camino al parque: \u201cSer por instantes unicornio, luna, p\u00e1jaro, gato, m\u00fasica. No es necesariamente estar triste es tan s\u00f3lo un intento de dar forma a la alegr\u00eda prestada que me diste\u201d.<\/p>\n<p>Y es que \u201cSer por instantes&#8230;\u201d es la expresi\u00f3n que llega a nuestra mente al admirar cada obra de Charlotte Yazbek \u201cy nos transforma en gato, aves, m\u00fasica y en un sinf\u00edn de emociones; provoca que los visitantes se sientan parte de las figuras\u201d, coment\u00f3\u00a0 Jos\u00e9 Luis Praxiteles, quien conoci\u00f3 a Charlotte y ahora se encarga del remozamiento de las figuras en bronce a gran escala.<\/p>\n<p>De acuerdo al escultor, el parque ocupa el cuarto lugar mundial al exhibir piezas pl\u00e1sticas al aire libre de un solo\u00a0 artista, como los que se encuentran en Francia, Alemania y L\u00edbano.<\/p>\n<p>Durante el recorrido, Praxiteles explic\u00f3 que la obra expone un estilo anatomista, manierista, estilizado pero con manos y pies de proporciones similares o mayores a las humanas. Cabe destacar que los interesados en participar en el recorrido gratuito deber\u00e1n registrarse en el \u00e1rea de Cultura de la Direcci\u00f3n de Desarrollo Humano del ayuntamiento.<strong>\u00a0<\/strong><\/p>\n","protected":false},"excerpt":{"rendered":"<p>Para difundir la riqueza cultural de Cuautitl\u00e1n Izcalli, como la obra pl\u00e1stica de la escultora Charlotte Yazbek que resguarda el Parque de las Esculturas, el gobierno municipal llevar\u00e1 a cabo visitas guiadas que informan sobre las 17 piezas que la mexicana quiso alojar en los extensos jardines que rodean la hist\u00f3rica hacienda La Troje.<\/p>\n","protected":false},"author":3,"featured_media":337426,"comment_status":"open","ping_status":"open","sticky":false,"template":"","format":"standard","meta":{"_monsterinsights_skip_tracking":false,"_monsterinsights_sitenote_active":false,"_monsterinsights_sitenote_note":"","_monsterinsights_sitenote_category":0,"footnotes":""},"categories":[5],"tags":[971,43675,46669,4798],"class_list":["post-337323","post","type-post","status-publish","format-standard","has-post-thumbnail","hentry","category-estado-de-mexico","tag-cuautitlan-izcalli","tag-estado-de-mexico","tag-historia","tag-viaje"],"_links":{"self":[{"href":"https:\/\/www.diarioimagen.net\/index.php?rest_route=\/wp\/v2\/posts\/337323","targetHints":{"allow":["GET"]}}],"collection":[{"href":"https:\/\/www.diarioimagen.net\/index.php?rest_route=\/wp\/v2\/posts"}],"about":[{"href":"https:\/\/www.diarioimagen.net\/index.php?rest_route=\/wp\/v2\/types\/post"}],"author":[{"embeddable":true,"href":"https:\/\/www.diarioimagen.net\/index.php?rest_route=\/wp\/v2\/users\/3"}],"replies":[{"embeddable":true,"href":"https:\/\/www.diarioimagen.net\/index.php?rest_route=%2Fwp%2Fv2%2Fcomments&post=337323"}],"version-history":[{"count":0,"href":"https:\/\/www.diarioimagen.net\/index.php?rest_route=\/wp\/v2\/posts\/337323\/revisions"}],"wp:featuredmedia":[{"embeddable":true,"href":"https:\/\/www.diarioimagen.net\/index.php?rest_route=\/wp\/v2\/media\/337426"}],"wp:attachment":[{"href":"https:\/\/www.diarioimagen.net\/index.php?rest_route=%2Fwp%2Fv2%2Fmedia&parent=337323"}],"wp:term":[{"taxonomy":"category","embeddable":true,"href":"https:\/\/www.diarioimagen.net\/index.php?rest_route=%2Fwp%2Fv2%2Fcategories&post=337323"},{"taxonomy":"post_tag","embeddable":true,"href":"https:\/\/www.diarioimagen.net\/index.php?rest_route=%2Fwp%2Fv2%2Ftags&post=337323"}],"curies":[{"name":"wp","href":"https:\/\/api.w.org\/{rel}","templated":true}]}}