{"id":337327,"date":"2017-07-28T00:08:27","date_gmt":"2017-07-28T05:08:27","guid":{"rendered":"http:\/\/www.diarioimagen.net\/?p=337327"},"modified":"2017-07-28T03:39:33","modified_gmt":"2017-07-28T08:39:33","slug":"asumen-cargo-titulares-en-areas-de-servicios-publicos-y-medio-ambiente","status":"publish","type":"post","link":"https:\/\/www.diarioimagen.net\/?p=337327","title":{"rendered":"Asumen cargo titulares en \u00e1reas de Servicios P\u00fablicos y Medio Ambiente"},"content":{"rendered":"<p><a href=\"http:\/\/www.diarioimagen.net\/?attachment_id=337406\" rel=\"attachment wp-att-337406\"><img loading=\"lazy\" decoding=\"async\" class=\"aligncenter size-large wp-image-337406\" src=\"http:\/\/www.diarioimagen.net\/wp-content\/uploads\/2017\/07\/METEPEC-3173-460x259.jpg\" alt=\"\" width=\"460\" height=\"259\" srcset=\"https:\/\/www.diarioimagen.net\/wp-content\/uploads\/2017\/07\/METEPEC-3173-460x259.jpg 460w, https:\/\/www.diarioimagen.net\/wp-content\/uploads\/2017\/07\/METEPEC-3173-240x135.jpg 240w, https:\/\/www.diarioimagen.net\/wp-content\/uploads\/2017\/07\/METEPEC-3173-235x132.jpg 235w, https:\/\/www.diarioimagen.net\/wp-content\/uploads\/2017\/07\/METEPEC-3173-202x114.jpg 202w, https:\/\/www.diarioimagen.net\/wp-content\/uploads\/2017\/07\/METEPEC-3173-350x196.jpg 350w, https:\/\/www.diarioimagen.net\/wp-content\/uploads\/2017\/07\/METEPEC-3173-220x123.jpg 220w, https:\/\/www.diarioimagen.net\/wp-content\/uploads\/2017\/07\/METEPEC-3173-237x132.jpg 237w, https:\/\/www.diarioimagen.net\/wp-content\/uploads\/2017\/07\/METEPEC-3173.jpg 480w\" sizes=\"auto, (max-width: 460px) 100vw, 460px\" \/><\/a><\/p>\n<p>&nbsp;<\/p>\n<p><strong>Metepec, Estado de M\u00e9xico.- \u00a0<\/strong>Con el nombramiento de nuevos titulares en dos vitales direcciones de la administraci\u00f3n p\u00fablica, el gobierno de Metepec apuntala el trabajo y garantiza continuidad de resultados a la ciudadan\u00eda.<\/p>\n<p>En sesi\u00f3n ordinaria de cabildo, fue aprobado el nombramiento de H\u00e9ctor Agust\u00edn Orell\u00e1n Tavera y Jos\u00e9 Luis Garc\u00eda Bustos, quienes rindieron protesta ante el alcalde David L\u00f3pez C\u00e1rdenas, para sumir el cargo al frente de Servicios P\u00fablicos y Medio Ambiente, respectivamente, enroque que favorece el trabajo coordinado entre ambas dependencias.<\/p>\n<p>El intercambio de funciones obedece a la consolidaci\u00f3n de una estrategia para complementar proyectos espec\u00edficos, a trav\u00e9s de la capacidad que caracteriza a los funcionarios.<\/p>\n","protected":false},"excerpt":{"rendered":"<p>Con el nombramiento de nuevos titulares en dos vitales direcciones de la administraci\u00f3n p\u00fablica, el gobierno de Metepec apuntala el trabajo y garantiza continuidad de resultados a la ciudadan\u00eda.<\/p>\n","protected":false},"author":3,"featured_media":337406,"comment_status":"open","ping_status":"open","sticky":false,"template":"","format":"standard","meta":{"_monsterinsights_skip_tracking":false,"_monsterinsights_sitenote_active":false,"_monsterinsights_sitenote_note":"","_monsterinsights_sitenote_category":0,"footnotes":""},"categories":[35155],"tags":[43675,876,63550],"class_list":["post-337327","post","type-post","status-publish","format-standard","has-post-thumbnail","hentry","category-estado-de-mexico-estado-de-mexico","tag-estado-de-mexico","tag-metepec","tag-servicios-publicos-medio-ambiente"],"_links":{"self":[{"href":"https:\/\/www.diarioimagen.net\/index.php?rest_route=\/wp\/v2\/posts\/337327","targetHints":{"allow":["GET"]}}],"collection":[{"href":"https:\/\/www.diarioimagen.net\/index.php?rest_route=\/wp\/v2\/posts"}],"about":[{"href":"https:\/\/www.diarioimagen.net\/index.php?rest_route=\/wp\/v2\/types\/post"}],"author":[{"embeddable":true,"href":"https:\/\/www.diarioimagen.net\/index.php?rest_route=\/wp\/v2\/users\/3"}],"replies":[{"embeddable":true,"href":"https:\/\/www.diarioimagen.net\/index.php?rest_route=%2Fwp%2Fv2%2Fcomments&post=337327"}],"version-history":[{"count":0,"href":"https:\/\/www.diarioimagen.net\/index.php?rest_route=\/wp\/v2\/posts\/337327\/revisions"}],"wp:featuredmedia":[{"embeddable":true,"href":"https:\/\/www.diarioimagen.net\/index.php?rest_route=\/wp\/v2\/media\/337406"}],"wp:attachment":[{"href":"https:\/\/www.diarioimagen.net\/index.php?rest_route=%2Fwp%2Fv2%2Fmedia&parent=337327"}],"wp:term":[{"taxonomy":"category","embeddable":true,"href":"https:\/\/www.diarioimagen.net\/index.php?rest_route=%2Fwp%2Fv2%2Fcategories&post=337327"},{"taxonomy":"post_tag","embeddable":true,"href":"https:\/\/www.diarioimagen.net\/index.php?rest_route=%2Fwp%2Fv2%2Ftags&post=337327"}],"curies":[{"name":"wp","href":"https:\/\/api.w.org\/{rel}","templated":true}]}}