{"id":337332,"date":"2017-07-28T00:03:12","date_gmt":"2017-07-28T05:03:12","guid":{"rendered":"http:\/\/www.diarioimagen.net\/?p=337332"},"modified":"2017-07-30T22:38:27","modified_gmt":"2017-07-31T03:38:27","slug":"enesima-multa-a-la-fmf-por-eeeehhh-puto","status":"publish","type":"post","link":"https:\/\/www.diarioimagen.net\/?p=337332","title":{"rendered":"En\u00e9sima multa a la FMF por \u00a1Eeehhh puuuto!"},"content":{"rendered":"<ul>\n<li><strong><em>Suma m\u00e1s de 2.5 millones de pesos en sanciones<\/em><\/strong><\/li>\n<\/ul>\n<p>&nbsp;<\/p>\n<div id=\"attachment_337438\" style=\"width: 470px\" class=\"wp-caption aligncenter\"><a href=\"http:\/\/www.diarioimagen.net\/?attachment_id=337438\" rel=\"attachment wp-att-337438\"><img loading=\"lazy\" decoding=\"async\" aria-describedby=\"caption-attachment-337438\" class=\"size-large wp-image-337438\" src=\"http:\/\/www.diarioimagen.net\/wp-content\/uploads\/2017\/07\/GRITO28-portal-460x268.jpg\" alt=\"\" width=\"460\" height=\"268\" srcset=\"https:\/\/www.diarioimagen.net\/wp-content\/uploads\/2017\/07\/GRITO28-portal-460x268.jpg 460w, https:\/\/www.diarioimagen.net\/wp-content\/uploads\/2017\/07\/GRITO28-portal-240x140.jpg 240w, https:\/\/www.diarioimagen.net\/wp-content\/uploads\/2017\/07\/GRITO28-portal.jpg 480w\" sizes=\"auto, (max-width: 460px) 100vw, 460px\" \/><\/a><p id=\"caption-attachment-337438\" class=\"wp-caption-text\">La FMF fue sancionada con 366 mil 450 pesos, tras los gritos considerados homof\u00f3bicos en los cotejos ante Honduras y Estados Unidos en la Copa Oro.<\/p><\/div>\n<p>&nbsp;<\/p>\n<p>La Federaci\u00f3n Mexicana de Futbol (FMF) recibi\u00f3 una nueva sanci\u00f3n de parte de la FIFA por el grito de \u00a1Eeehhh puuuto!, tras los hechos ocurridos en los \u00faltimos partidos de eliminatoria mundialista rumbo a Rusia 2018.<\/p>\n<p>La FMF fue sancionada con 20 mil francos suizos, unos 366 mil 450 pesos, tras los gritos considerados homof\u00f3bicos en los cotejos ante Honduras y Estados Unidos, del pasado 8 y 11 de junio, respectivamente, disputados en el Estadio Azteca.<\/p>\n<p>Adem\u00e1s, por cada uno de los partidos, recibi\u00f3 una amonestaci\u00f3n.<\/p>\n<p>Lo anterior pese a que la federaci\u00f3n realiz\u00f3 una fuerte campa\u00f1a de concientizaci\u00f3n antes y durante los juegos para evitar dicha manifestaci\u00f3n.<\/p>\n<p>Incluso, trat\u00f3 de acallar los gritos con una voz diferente a la de la voz local, que gritaba:\u00a0 \u201cM\u00e9\u00e9xicooo\u201d, tras el \u201cEeehhh\u201d de la afici\u00f3n.<\/p>\n<p>Con ello, el Tricolor suma nueve multas por el grito que es considerado por el organismo como homof\u00f3bico. Las multas econ\u00f3micas tienen un acumulado de 140 mil francos suizos (m\u00e1s de 2.5 millones de pesos).<\/p>\n<p>Estas sanciones aparecieron en la actualizaci\u00f3n de hoy publicada por la FIFA en su documento Disciplinary Overview de las Eliminatorias.<\/p>\n<p>El mi\u00e9rcoles, en la final de la Copa Oro se volvi\u00f3 a escuchar el grito que realizan los aficionados cuando despeja un portero, sin que estuviera jugando el Tricolor.<\/p>\n","protected":false},"excerpt":{"rendered":"<p>La Federaci\u00f3n Mexicana de Futbol (FMF) recibi\u00f3 una nueva sanci\u00f3n de parte de la FIFA por el grito de \u00a1Eeehhh puuuto!, tras los hechos ocurridos en los \u00faltimos partidos de eliminatoria mundialista rumbo a Rusia 2018.<\/p>\n","protected":false},"author":3,"featured_media":337438,"comment_status":"open","ping_status":"open","sticky":false,"template":"","format":"standard","meta":{"_monsterinsights_skip_tracking":false,"_monsterinsights_sitenote_active":false,"_monsterinsights_sitenote_note":"","_monsterinsights_sitenote_category":0,"footnotes":""},"categories":[10],"tags":[43680,63554,63553,2910,5774,17847,63555,63556],"class_list":["post-337332","post","type-post","status-publish","format-standard","has-post-thumbnail","hentry","category-deportes","tag-deportes","tag-eeeehhh-puto","tag-enesima","tag-fifa","tag-fmf","tag-multa","tag-sancio","tag-eeehhh-puuuto"],"_links":{"self":[{"href":"https:\/\/www.diarioimagen.net\/index.php?rest_route=\/wp\/v2\/posts\/337332","targetHints":{"allow":["GET"]}}],"collection":[{"href":"https:\/\/www.diarioimagen.net\/index.php?rest_route=\/wp\/v2\/posts"}],"about":[{"href":"https:\/\/www.diarioimagen.net\/index.php?rest_route=\/wp\/v2\/types\/post"}],"author":[{"embeddable":true,"href":"https:\/\/www.diarioimagen.net\/index.php?rest_route=\/wp\/v2\/users\/3"}],"replies":[{"embeddable":true,"href":"https:\/\/www.diarioimagen.net\/index.php?rest_route=%2Fwp%2Fv2%2Fcomments&post=337332"}],"version-history":[{"count":0,"href":"https:\/\/www.diarioimagen.net\/index.php?rest_route=\/wp\/v2\/posts\/337332\/revisions"}],"wp:featuredmedia":[{"embeddable":true,"href":"https:\/\/www.diarioimagen.net\/index.php?rest_route=\/wp\/v2\/media\/337438"}],"wp:attachment":[{"href":"https:\/\/www.diarioimagen.net\/index.php?rest_route=%2Fwp%2Fv2%2Fmedia&parent=337332"}],"wp:term":[{"taxonomy":"category","embeddable":true,"href":"https:\/\/www.diarioimagen.net\/index.php?rest_route=%2Fwp%2Fv2%2Fcategories&post=337332"},{"taxonomy":"post_tag","embeddable":true,"href":"https:\/\/www.diarioimagen.net\/index.php?rest_route=%2Fwp%2Fv2%2Ftags&post=337332"}],"curies":[{"name":"wp","href":"https:\/\/api.w.org\/{rel}","templated":true}]}}