{"id":337546,"date":"2017-07-31T00:08:30","date_gmt":"2017-07-31T05:08:30","guid":{"rendered":"http:\/\/www.diarioimagen.net\/?p=337546"},"modified":"2017-07-31T05:06:19","modified_gmt":"2017-07-31T10:06:19","slug":"presidenta-del-difem-entrega-en-coacalco-clinica-de-alto-nivel","status":"publish","type":"post","link":"https:\/\/www.diarioimagen.net\/?p=337546","title":{"rendered":"Presidenta del DIFEM entrega en Coacalco cl\u00ednica de alto nivel"},"content":{"rendered":"<ul>\n<li><strong><em>Con 12 consultorios de alta especialidad<\/em><\/strong><\/li>\n<\/ul>\n<p>&nbsp;<\/p>\n<div id=\"attachment_337619\" style=\"width: 470px\" class=\"wp-caption aligncenter\"><a href=\"http:\/\/www.diarioimagen.net\/wp-content\/uploads\/2017\/07\/COACALCO-3174.jpg\"><img loading=\"lazy\" decoding=\"async\" aria-describedby=\"caption-attachment-337619\" class=\"size-large wp-image-337619\" src=\"http:\/\/www.diarioimagen.net\/wp-content\/uploads\/2017\/07\/COACALCO-3174-460x259.jpg\" alt=\"\" width=\"460\" height=\"259\" srcset=\"https:\/\/www.diarioimagen.net\/wp-content\/uploads\/2017\/07\/COACALCO-3174-460x259.jpg 460w, https:\/\/www.diarioimagen.net\/wp-content\/uploads\/2017\/07\/COACALCO-3174-240x135.jpg 240w, https:\/\/www.diarioimagen.net\/wp-content\/uploads\/2017\/07\/COACALCO-3174-235x132.jpg 235w, https:\/\/www.diarioimagen.net\/wp-content\/uploads\/2017\/07\/COACALCO-3174-202x114.jpg 202w, https:\/\/www.diarioimagen.net\/wp-content\/uploads\/2017\/07\/COACALCO-3174-350x196.jpg 350w, https:\/\/www.diarioimagen.net\/wp-content\/uploads\/2017\/07\/COACALCO-3174-220x123.jpg 220w, https:\/\/www.diarioimagen.net\/wp-content\/uploads\/2017\/07\/COACALCO-3174-237x132.jpg 237w, https:\/\/www.diarioimagen.net\/wp-content\/uploads\/2017\/07\/COACALCO-3174.jpg 480w\" sizes=\"auto, (max-width: 460px) 100vw, 460px\" \/><\/a><p id=\"caption-attachment-337619\" class=\"wp-caption-text\">Con una inversi\u00f3n de 25 millones de pesos la cl\u00ednica cuenta con zona de hospitalizaci\u00f3n, nueve camas y dos quir\u00f3fanos, una zona de urgencias, una ambulancia y dos unidades quir\u00fargicas.<\/p><\/div>\n<p>&nbsp;<\/p>\n<p><strong>Coacalco, Estado de M\u00e9xico<\/strong>.- La obra social m\u00e1s sobresaliente del ayuntamiento 2016-2018, es la nueva cl\u00ednica del DIF de la cabecera municipal, que fue inaugurada el viernes por la presidenta del DIF del Estado de M\u00e9xico.<\/p>\n<p>Con fondos de los gobiernos federal y estatal, pero sobre todo con recursos propios de la administraci\u00f3n municipal, se ha ejecutado una inversi\u00f3n superior a los 25 millones de pesos en esta magna obra y en especial en su equipamiento.<\/p>\n<p>Considerada como una obra de \u201cprimer mundo\u201d, la cl\u00ednica del DIF de la cabecera municipal cuenta con:<\/p>\n<p>Zona de hospitalizaci\u00f3n con nueve camas y dos quir\u00f3fanos, una zona de urgencias, una ambulancia, dos unidades quir\u00fargicas y una de recuperaci\u00f3n con dos camillas.<\/p>\n<p>Asimismo, se tiene un \u00e1rea de cunero con dos unidades para hospitalizaci\u00f3n y una adaptada para pacientes aislados. Una incubadora de calor radiante, una incubadora cerrada y cuneros fisiol\u00f3gicos hasta para siete reci\u00e9n nacidos.<\/p>\n<p>Se cuenta con doce consultorios distribuidos de la siguiente forma:<\/p>\n<p>-Tres consultorios de psicolog\u00eda<\/p>\n<p>-Servicio\u00a0dental, que cuenta con tres unidades<\/p>\n<p>-Consultorio de optometr\u00eda<\/p>\n<p>-Consultorio de medicina general<\/p>\n<p>-Consultorio de ginecolog\u00eda y obstetricia<\/p>\n<p>-Dos consultorios de pediatr\u00eda<\/p>\n<p>-Unidad de vacunaci\u00f3n.<\/p>\n<p>Adem\u00e1s, est\u00e1 equipado con laboratorio de ex\u00e1menes b\u00e1sicos y toma de muestras, gabinete con rayos X, ultrasonidos y farmacia.<\/p>\n<p>En general se tiene el equipo y los especialistas para atender a toda la poblaci\u00f3n y en espec\u00edfico a personas de la tercera edad, a ni\u00f1os y a personas con enfermedades infecciosas, entre otras especialidades.<\/p>\n<p>El presidente municipal de Coacalco se\u00f1ala que el Cl\u00ednica\u00a0del DIF de \u00a0la Cabecera Municipal es la obra magna del Ayuntamiento 2016-2018, misma que en forma profesional y con altos niveles de calidad atiende una de las principales demandas de la poblaci\u00f3n: la Salud.<\/p>\n","protected":false},"excerpt":{"rendered":"<p>La obra social m\u00e1s sobresaliente del ayuntamiento 2016-2018, es la nueva cl\u00ednica del DIF de la cabecera municipal, que fue inaugurada el viernes por la presidenta del DIF del Estado de M\u00e9xico.<\/p>\n","protected":false},"author":3,"featured_media":337619,"comment_status":"open","ping_status":"open","sticky":false,"template":"","format":"standard","meta":{"_monsterinsights_skip_tracking":false,"_monsterinsights_sitenote_active":false,"_monsterinsights_sitenote_note":"","_monsterinsights_sitenote_category":0,"footnotes":""},"categories":[35155],"tags":[63621,46929,579,394,43675],"class_list":["post-337546","post","type-post","status-publish","format-standard","has-post-thumbnail","hentry","category-estado-de-mexico-estado-de-mexico","tag-alto-nivel","tag-clinica","tag-coacalco","tag-difem","tag-estado-de-mexico"],"_links":{"self":[{"href":"https:\/\/www.diarioimagen.net\/index.php?rest_route=\/wp\/v2\/posts\/337546","targetHints":{"allow":["GET"]}}],"collection":[{"href":"https:\/\/www.diarioimagen.net\/index.php?rest_route=\/wp\/v2\/posts"}],"about":[{"href":"https:\/\/www.diarioimagen.net\/index.php?rest_route=\/wp\/v2\/types\/post"}],"author":[{"embeddable":true,"href":"https:\/\/www.diarioimagen.net\/index.php?rest_route=\/wp\/v2\/users\/3"}],"replies":[{"embeddable":true,"href":"https:\/\/www.diarioimagen.net\/index.php?rest_route=%2Fwp%2Fv2%2Fcomments&post=337546"}],"version-history":[{"count":0,"href":"https:\/\/www.diarioimagen.net\/index.php?rest_route=\/wp\/v2\/posts\/337546\/revisions"}],"wp:featuredmedia":[{"embeddable":true,"href":"https:\/\/www.diarioimagen.net\/index.php?rest_route=\/wp\/v2\/media\/337619"}],"wp:attachment":[{"href":"https:\/\/www.diarioimagen.net\/index.php?rest_route=%2Fwp%2Fv2%2Fmedia&parent=337546"}],"wp:term":[{"taxonomy":"category","embeddable":true,"href":"https:\/\/www.diarioimagen.net\/index.php?rest_route=%2Fwp%2Fv2%2Fcategories&post=337546"},{"taxonomy":"post_tag","embeddable":true,"href":"https:\/\/www.diarioimagen.net\/index.php?rest_route=%2Fwp%2Fv2%2Ftags&post=337546"}],"curies":[{"name":"wp","href":"https:\/\/api.w.org\/{rel}","templated":true}]}}