{"id":337550,"date":"2017-07-31T00:06:08","date_gmt":"2017-07-31T05:06:08","guid":{"rendered":"http:\/\/www.diarioimagen.net\/?p=337550"},"modified":"2017-07-31T05:13:11","modified_gmt":"2017-07-31T10:13:11","slug":"trabajo-en-equipo-impulsa-una-legislacion-moderna-pablo-peralta","status":"publish","type":"post","link":"https:\/\/www.diarioimagen.net\/?p=337550","title":{"rendered":"Trabajo en equipo impulsa una legislaci\u00f3n moderna: Pablo Peralta"},"content":{"rendered":"<ul>\n<li><strong><em>Informe de Actividades de la Diputaci\u00f3n Permanente<\/em><\/strong><\/li>\n<\/ul>\n<p>&nbsp;<\/p>\n<div id=\"attachment_337626\" style=\"width: 470px\" class=\"wp-caption aligncenter\"><a href=\"http:\/\/www.diarioimagen.net\/wp-content\/uploads\/2017\/07\/LEGISLATURA-3174.jpg\"><img loading=\"lazy\" decoding=\"async\" aria-describedby=\"caption-attachment-337626\" class=\"size-large wp-image-337626\" src=\"http:\/\/www.diarioimagen.net\/wp-content\/uploads\/2017\/07\/LEGISLATURA-3174-460x259.jpg\" alt=\"\" width=\"460\" height=\"259\" srcset=\"https:\/\/www.diarioimagen.net\/wp-content\/uploads\/2017\/07\/LEGISLATURA-3174-460x259.jpg 460w, https:\/\/www.diarioimagen.net\/wp-content\/uploads\/2017\/07\/LEGISLATURA-3174-240x135.jpg 240w, https:\/\/www.diarioimagen.net\/wp-content\/uploads\/2017\/07\/LEGISLATURA-3174-235x132.jpg 235w, https:\/\/www.diarioimagen.net\/wp-content\/uploads\/2017\/07\/LEGISLATURA-3174-202x114.jpg 202w, https:\/\/www.diarioimagen.net\/wp-content\/uploads\/2017\/07\/LEGISLATURA-3174-350x196.jpg 350w, https:\/\/www.diarioimagen.net\/wp-content\/uploads\/2017\/07\/LEGISLATURA-3174-220x123.jpg 220w, https:\/\/www.diarioimagen.net\/wp-content\/uploads\/2017\/07\/LEGISLATURA-3174-237x132.jpg 237w, https:\/\/www.diarioimagen.net\/wp-content\/uploads\/2017\/07\/LEGISLATURA-3174.jpg 480w\" sizes=\"auto, (max-width: 460px) 100vw, 460px\" \/><\/a><p id=\"caption-attachment-337626\" class=\"wp-caption-text\">El diputado Pablo Peralta Garc\u00eda se\u00f1al\u00f3 que\u00a0 los legisladores avalaron las leyes reglamentarias del Sistema Estatal y Municipal Anticorrupci\u00f3n y la Ley Org\u00e1nica del Tribunal de Justicia Administrativa del Estado de M\u00e9xico.<\/p><\/div>\n<p>&nbsp;<\/p>\n<p>El diputado Pablo Peralta Garc\u00eda (PRI) present\u00f3 el Informe de Actividades de la Diputaci\u00f3n Permanente que presidi\u00f3 del pasado 28 de abril al 20 de julio, y afirm\u00f3 que el trabajo en equipo impulsa una legislaci\u00f3n estatal vigorosa y moderna.<\/p>\n<p>El legislador detall\u00f3 que en siete sesiones p\u00fablicas la Diputaci\u00f3n Permanente aprob\u00f3 decretos como la convocatoria al Quinto Periodo Extraordinario de Sesiones, durante el cual los diputados locales avalaron las leyes reglamentarias del Sistema Estatal y Municipal Anticorrupci\u00f3n, entre \u00e9stas, las del Sistema Anticorrupci\u00f3n y Org\u00e1nica del Tribunal de Justicia Administrativa del Estado de M\u00e9xico.<\/p>\n<p>Destac\u00f3 la aprobaci\u00f3n de un esquema m\u00e1s completo y riguroso de responsabilidades administrativas, la ampliaci\u00f3n del cat\u00e1logo de tipos penales para sancionar actos de corrupci\u00f3n y para la protecci\u00f3n de datos personales.<\/p>\n<p style=\"text-align: center;\"><strong>Proponen que la legislatura tenga Unidad de Atenci\u00f3n <\/strong><strong>Inmediata <\/strong><\/p>\n<p>La diputada Patricia Dur\u00e1n Reveles propuso un punto de acuerdo para que la Legislatura cuente en sus instalaciones con una Unidad de Atenci\u00f3n Inmediata y Primer Contacto, a fin de atender de manera oportuna a los mexiquenses que acuden ante los diputados pidiendo ayuda ante agresiones. El punto de acuerdo, remitido a la Junta de Coordinaci\u00f3n Pol\u00edtica y a la presidencia de la Legislatura, propone la celebraci\u00f3n de un convenio con la Comisi\u00f3n Ejecutiva de Atenci\u00f3n a V\u00edctimas del Estado de M\u00e9xico con este prop\u00f3sito.<\/p>\n<p>Cabe se\u00f1alar que a trav\u00e9s de este tipo de \u00e1reas se brinda la primera atenci\u00f3n a las v\u00edctimas y ofendidas u ofendidos del delito y de violaciones a derechos humanos, con servicios inmediatos en materia psicol\u00f3gica, m\u00e9dica, orientaci\u00f3n legal y de trabajo social.<\/p>\n","protected":false},"excerpt":{"rendered":"<p>El diputado Pablo Peralta Garc\u00eda (PRI) present\u00f3 el Informe de Actividades de la Diputaci\u00f3n Permanente que presidi\u00f3 del pasado 28 de abril al 20 de julio, y afirm\u00f3 que el trabajo en equipo impulsa una legislaci\u00f3n estatal vigorosa y moderna.<\/p>\n","protected":false},"author":3,"featured_media":337626,"comment_status":"open","ping_status":"open","sticky":false,"template":"","format":"standard","meta":{"_monsterinsights_skip_tracking":false,"_monsterinsights_sitenote_active":false,"_monsterinsights_sitenote_note":"","_monsterinsights_sitenote_category":0,"footnotes":""},"categories":[35155],"tags":[43675,43673,53737],"class_list":["post-337550","post","type-post","status-publish","format-standard","has-post-thumbnail","hentry","category-estado-de-mexico-estado-de-mexico","tag-estado-de-mexico","tag-nacional","tag-pablo-peralta-garcia"],"_links":{"self":[{"href":"https:\/\/www.diarioimagen.net\/index.php?rest_route=\/wp\/v2\/posts\/337550","targetHints":{"allow":["GET"]}}],"collection":[{"href":"https:\/\/www.diarioimagen.net\/index.php?rest_route=\/wp\/v2\/posts"}],"about":[{"href":"https:\/\/www.diarioimagen.net\/index.php?rest_route=\/wp\/v2\/types\/post"}],"author":[{"embeddable":true,"href":"https:\/\/www.diarioimagen.net\/index.php?rest_route=\/wp\/v2\/users\/3"}],"replies":[{"embeddable":true,"href":"https:\/\/www.diarioimagen.net\/index.php?rest_route=%2Fwp%2Fv2%2Fcomments&post=337550"}],"version-history":[{"count":0,"href":"https:\/\/www.diarioimagen.net\/index.php?rest_route=\/wp\/v2\/posts\/337550\/revisions"}],"wp:featuredmedia":[{"embeddable":true,"href":"https:\/\/www.diarioimagen.net\/index.php?rest_route=\/wp\/v2\/media\/337626"}],"wp:attachment":[{"href":"https:\/\/www.diarioimagen.net\/index.php?rest_route=%2Fwp%2Fv2%2Fmedia&parent=337550"}],"wp:term":[{"taxonomy":"category","embeddable":true,"href":"https:\/\/www.diarioimagen.net\/index.php?rest_route=%2Fwp%2Fv2%2Fcategories&post=337550"},{"taxonomy":"post_tag","embeddable":true,"href":"https:\/\/www.diarioimagen.net\/index.php?rest_route=%2Fwp%2Fv2%2Ftags&post=337550"}],"curies":[{"name":"wp","href":"https:\/\/api.w.org\/{rel}","templated":true}]}}