{"id":337579,"date":"2017-07-31T00:02:55","date_gmt":"2017-07-31T05:02:55","guid":{"rendered":"http:\/\/www.diarioimagen.net\/?p=337579"},"modified":"2017-07-31T00:48:01","modified_gmt":"2017-07-31T05:48:01","slug":"otra-edicion-de-abastur-y-galardon-la-llave-del-progreso","status":"publish","type":"post","link":"https:\/\/www.diarioimagen.net\/?p=337579","title":{"rendered":"Otra edici\u00f3n de Abastur y galard\u00f3n \u201cLa Llave del Progreso\u201d"},"content":{"rendered":"<h2>\u201cHora 14\u201d<\/h2>\n<h5>Mauricio Conde Olivares<\/h5>\n<p>&nbsp;<\/p>\n<p>D\u00e9jeme platicarle que en la primera semana de este mes de agosto se llevar\u00e1 a cabo en Canc\u00fan una importante conferencia de prensa para anunciar Abastur, la Expo m\u00e1s importante del sector proveedor de hoteleros y restauranteros que se llevar\u00e1 a cabo en la Ciudad de M\u00e9xico del 29 de agosto al 1 de septiembre.<\/p>\n<p>Est\u00e1 contemplado platicar con los representantes de los medios de comunicaci\u00f3n en el principal destino tur\u00edstico de M\u00e9xico hacia el martes 8 de agosto, donde estar\u00e1 Yesenia V\u00e1zquez Monriy, directora de Hospitalidad de UBM y de Abastur 2017, quien dar\u00e1 a conocer los pormenores de la informaci\u00f3n de hoteles y restaurantes que participar\u00e1n a nivel nacional\u00a0 y de propiamente Canc\u00fan; entre otros interesantes t\u00f3picos con datos del crecimiento de los negocios relacionados con el turismo.<\/p>\n<p>En este tenor, podemos hablar del reconocimiento que entrega la Asociaci\u00f3n que agrupa a los principales proveedores de la Industria de la Hospitalidad de las m\u00e1s diversas ramas de proveedur\u00eda, la AMAIT AC, con el galard\u00f3n denominado \u201cLa Llave del Progreso\u201d, que es un reconocimiento que honra a la industria tur\u00edstica y premia a sus m\u00e1s destacados hombres y mujeres.<\/p>\n<p>\u00abLa Llave del Progreso\u201d, fue creada para rendir p\u00fablico tributo a los ejecutivos y empresarios, restauranteros y hoteleros que, con su dedicaci\u00f3n, ejemplo, esp\u00edritu de servicio, capacidad de inversi\u00f3n y amor por M\u00e9xico, han contribuido al desarrollo y crecimiento de la industria tur\u00edstica nacional.<\/p>\n<p>Desde hace 32 a\u00f1os, cada a\u00f1o, el proceso de selecci\u00f3n inicia por las propuestas de ternas que presentan los mismos asociados y los galardonados de a\u00f1os anteriores. Presentan sugerencias y comentan sobre los posibles nombres que, en su opini\u00f3n, re\u00fanen los requisitos para tal distinci\u00f3n.<\/p>\n<p>Algunos criterios de selecci\u00f3n son los siguientes: mexicano o extranjero con una historia de servicio en la industria de la hospitalidad dentro del territorio nacional.\u00a0 Haber realizado una labor sobresaliente en su campo contribuyendo con su trabajo y su ejemplo al desarrollo de la industria restaurantera y hotelera dentro de los valores de nuestra instituci\u00f3n como son el respeto, la integridad, en un marco de justicia honestidad y \u00e9tica.\u00a0 La confianza en M\u00e9xico, la responsabilidad para con su empresa y sus colaboradores y desde luego su entrega, dedicaci\u00f3n y perseverancia.<\/p>\n<p>Desde 1986, se ha entregado este reconocimiento a 128 personas en total, 32 en cada categor\u00eda. incluyendo a los que ser\u00e1n elegidos durante la comida de votaci\u00f3n \u201cLa Llave del Progreso\u201d 2017 el Jueves 17 de agosto en el Club de Industriales de la Ciudad de M\u00e9xico.<\/p>\n<p>Una cena de gala, la noche anterior a la inauguraci\u00f3n de Abastur es siempre el pre\u00e1mbulo de la entrega oficial del reconocimiento Cada a\u00f1o, este reconocimiento es entregado durante la ceremonia de inauguraci\u00f3n de Abastur, en un acto que es presidido por el consejo de AMAIT, A. C. y UBM, acompa\u00f1ados de los galardonados de a\u00f1os anteriores, diversas las autoridades de gobierno y los presidentes de las diversas c\u00e1maras y asociaciones de la industria tur\u00edstica nacional.<\/p>\n<p>En 2016 recibieron \u201cLa Llave del Progreso\u201d por el rubro\u00a0 Ejecutivo Restaurantero, Jane Pearson de Fern\u00e1ndez; Restaurante, Sir Wiston Churchill;\u00a0 Empresario Restaurantero, Jos\u00e9 Cuaik Mena, Grupo Hunan. Por Ejecutivo Hotelero, Gonzalo del Pe\u00f3n Suarez Grupo, AM Resorts; y\u00a0 Empresario Hotelero, Jos\u00e9 Carlos Azc\u00e1rraga, Grupo Posadas.<\/p>\n<p>En otro orden de ideas, mientras la azafata Karen ha puesto en la lona el prestigio de Interjet, ahora nos enteramos que en congruencia con una Directiva de Aeronavegabilidad emitida por la Autoridad Aeron\u00e1utica de la Comunidad Europea (EASA), la SCT, a trav\u00e9s de la Direcci\u00f3n General de Aeron\u00e1utica Civil y de manera coordinada con Interjet, ha supervisado las acciones implementadas por dicha empresa, para la adecuada aplicaci\u00f3n de las tareas de inspecci\u00f3n y mantenimiento recomendadas por el fabricante de la aeronave Superjet100 (Sukhoi), para que se adopten las medidas necesarias que garanticen la seguridad de las aeronaves y de sus operaciones.<\/p>\n<p>La Autoridad Aeron\u00e1utica de la Comunidad Europea (EASA) emiti\u00f3 el pasado 21 de julio una Directiva de Aeronavegabilidad, a efecto de que los operadores de aeronaves del tipo Superjet100 (Sukhoi), como Interjet, inspeccionen sus aviones para mantener un alto nivel de seguridad en sus operaciones.<\/p>\n<p>Tales inspecciones y trabajos de mantenimiento son medidas preventivas de seguridad, en acatamiento a la legislaci\u00f3n aeron\u00e1utica nacional, anexos y documentos de la Organizaci\u00f3n de Aviaci\u00f3n Civil Internacional (OACI).<\/p>\n<p>En apego a esa normatividad internacional, la DGAC coordina con Interjet los trabajos necesarios para mantener los m\u00e1s altos est\u00e1ndares de seguridad en la prestaci\u00f3n de servicios de transporte a\u00e9reo, protegiendo as\u00ed la integridad de los usuarios y de sus bienes.<\/p>\n<p>Hasta ayer, se han inspeccionado 18 de las 22 aeronaves Superjet100 que posee Interjet y ninguna de ellas ha presentado condiciones que pongan en riesgo su operaci\u00f3n o la seguridad de las personas, lo que les permite la continuidad de sus operaciones.<\/p>\n<p>Por lo pronto, el d\u00eda de hoy, la Secretar\u00eda de Turismo\u00a0 invita cordialmente a la presentaci\u00f3n de la nueva campa\u00f1a publicitaria y del sitio web del Movimiento Nacional por el Turismo \u201cViajemos Todos Por M\u00e9xico\u201d, que encabezar\u00e1 el Secretario de Turismo, Enrique de la Madrid Cordero.<\/p>\n<p>La cita es a las 10:30 horas en el patio \u201cOctavio Paz\u201d de la Biblioteca M\u00e9xico, ubicada en Plaza de la Ciudadela, calle Tols\u00e1 #4, Col. Centro, delegaci\u00f3n Cuauht\u00e9moc. (Entrada por la calle de Enrico Mart\u00ednez); pero lo anterior ser\u00e1 motivo de posterior an\u00e1lisis en otra entrega de <em><strong>Hora 14<\/strong><\/em>.<\/p>\n<p><em><a href=\"mailto:%20mauricio_conde@msn.com\" target=\"_blank\" rel=\"noopener noreferrer\">mauricio_conde@msn.com<\/a><\/em><\/p>\n","protected":false},"excerpt":{"rendered":"<p><span style=\"color: #005497;\"><strong>Mauricio Conde Olivares<\/strong><\/span><\/p>\n","protected":false},"author":3,"featured_media":0,"comment_status":"open","ping_status":"open","sticky":false,"template":"","format":"standard","meta":{"_monsterinsights_skip_tracking":false,"_monsterinsights_sitenote_active":false,"_monsterinsights_sitenote_note":"","_monsterinsights_sitenote_category":0,"footnotes":""},"categories":[35889],"tags":[43712,43674,44860],"class_list":["post-337579","post","type-post","status-publish","format-standard","hentry","category-mauricio-conde-olivares","tag-mauricio-conde-olivares","tag-opinion","tag-hora-14"],"_links":{"self":[{"href":"https:\/\/www.diarioimagen.net\/index.php?rest_route=\/wp\/v2\/posts\/337579","targetHints":{"allow":["GET"]}}],"collection":[{"href":"https:\/\/www.diarioimagen.net\/index.php?rest_route=\/wp\/v2\/posts"}],"about":[{"href":"https:\/\/www.diarioimagen.net\/index.php?rest_route=\/wp\/v2\/types\/post"}],"author":[{"embeddable":true,"href":"https:\/\/www.diarioimagen.net\/index.php?rest_route=\/wp\/v2\/users\/3"}],"replies":[{"embeddable":true,"href":"https:\/\/www.diarioimagen.net\/index.php?rest_route=%2Fwp%2Fv2%2Fcomments&post=337579"}],"version-history":[{"count":0,"href":"https:\/\/www.diarioimagen.net\/index.php?rest_route=\/wp\/v2\/posts\/337579\/revisions"}],"wp:attachment":[{"href":"https:\/\/www.diarioimagen.net\/index.php?rest_route=%2Fwp%2Fv2%2Fmedia&parent=337579"}],"wp:term":[{"taxonomy":"category","embeddable":true,"href":"https:\/\/www.diarioimagen.net\/index.php?rest_route=%2Fwp%2Fv2%2Fcategories&post=337579"},{"taxonomy":"post_tag","embeddable":true,"href":"https:\/\/www.diarioimagen.net\/index.php?rest_route=%2Fwp%2Fv2%2Ftags&post=337579"}],"curies":[{"name":"wp","href":"https:\/\/api.w.org\/{rel}","templated":true}]}}