{"id":337764,"date":"2017-08-01T00:07:01","date_gmt":"2017-08-01T05:07:01","guid":{"rendered":"http:\/\/www.diarioimagen.net\/?p=337764"},"modified":"2017-08-02T00:04:03","modified_gmt":"2017-08-02T05:04:03","slug":"niega-sre-conversacion-entre-pena-nieto-y-trump","status":"publish","type":"post","link":"https:\/\/www.diarioimagen.net\/?p=337764","title":{"rendered":"Niega SRE conversaci\u00f3n entre Pe\u00f1a Nieto y Trump"},"content":{"rendered":"<ul>\n<li><strong><em>Supuesto elogio a pol\u00edtica migratoria de EU<\/em><\/strong><\/li>\n<\/ul>\n<p>&nbsp;<\/p>\n<div id=\"attachment_337831\" style=\"width: 470px\" class=\"wp-caption aligncenter\"><a href=\"http:\/\/www.diarioimagen.net\/?attachment_id=337831\" rel=\"attachment wp-att-337831\"><img loading=\"lazy\" decoding=\"async\" aria-describedby=\"caption-attachment-337831\" class=\"size-large wp-image-337831\" src=\"http:\/\/www.diarioimagen.net\/wp-content\/uploads\/2017\/08\/epn-3175-460x259.jpg\" alt=\"\" width=\"460\" height=\"259\" srcset=\"https:\/\/www.diarioimagen.net\/wp-content\/uploads\/2017\/08\/epn-3175-460x259.jpg 460w, https:\/\/www.diarioimagen.net\/wp-content\/uploads\/2017\/08\/epn-3175-240x135.jpg 240w, https:\/\/www.diarioimagen.net\/wp-content\/uploads\/2017\/08\/epn-3175-235x132.jpg 235w, https:\/\/www.diarioimagen.net\/wp-content\/uploads\/2017\/08\/epn-3175-202x114.jpg 202w, https:\/\/www.diarioimagen.net\/wp-content\/uploads\/2017\/08\/epn-3175-350x196.jpg 350w, https:\/\/www.diarioimagen.net\/wp-content\/uploads\/2017\/08\/epn-3175-220x123.jpg 220w, https:\/\/www.diarioimagen.net\/wp-content\/uploads\/2017\/08\/epn-3175-237x132.jpg 237w, https:\/\/www.diarioimagen.net\/wp-content\/uploads\/2017\/08\/epn-3175.jpg 480w\" sizes=\"auto, (max-width: 460px) 100vw, 460px\" \/><\/a><p id=\"caption-attachment-337831\" class=\"wp-caption-text\">Enrique Pe\u00f1a Nieto visit\u00f3 la exposici\u00f3n Picasso y Rivera: Conversaciones a trav\u00e9s del Tiempo, en el Museo del Palacio de Bellas Artes.<\/p><\/div>\n<p>&nbsp;<\/p>\n<p>El presidente Enrique Pe\u00f1a Nieto neg\u00f3 que haya sostenido recientemente comunicaci\u00f3n telef\u00f3nica con su hom\u00f3logo de Estados Unidos, Donald Trump, luego de lo afirmado ayer por el mandatario de ese pa\u00eds.<\/p>\n<p>En una nota informativa, la Secretar\u00eda de Relaciones Exteriores (SRE) precis\u00f3 que durante el encuentro que sostuvieron el 7 de julio pasado en Hamburgo, Alemania, el tema de migraci\u00f3n fue abordado por ambos mandatarios.<\/p>\n<p>El presidente Pe\u00f1a Nieto comparti\u00f3 que las repatriaciones de ciudadanos mexicanos desde Estados Unidos han disminuido 31 por ciento para el per\u00edodo de enero a junio de 2017, comparado con el mismo lapso del a\u00f1o anterior.<\/p>\n<p>Adem\u00e1s, durante el mismo semestre la migraci\u00f3n hacia M\u00e9xico proveniente de Centro y Sudam\u00e9rica ha disminuido aproximadamente 47 por ciento en su comparaci\u00f3n anual, a\u00f1adi\u00f3 la SRE.<\/p>\n<p style=\"text-align: center;\"><strong>Pe\u00f1a Nieto visita la exposici\u00f3n de <\/strong><strong>Picasso y Rivera en Bellas Artes<\/strong><\/p>\n<p>El presidente Pe\u00f1a Nieto visit\u00f3 la exposici\u00f3n Picasso y Rivera: Conversaciones a trav\u00e9s del Tiempo, que se exhibe en el Museo del Palacio de Bellas Artes.<\/p>\n<p>Estuvo acompa\u00f1ado por los destacados artistas mexicanos Ignacio L\u00f3pez Tarso; el pintor y escultor Manuel Felgu\u00e9rez, y la pintora Sandra Pani, as\u00ed como por la Secretaria de Cultura, Mar\u00eda Cristina Garc\u00eda Cepeda.<\/p>\n<p>La exhibici\u00f3n muestra las coincidencias acad\u00e9micas y formales de los dos artistas. Estar\u00e1 abierta al p\u00fablico hasta el pr\u00f3ximo 10 de septiembre.<\/p>\n<p>La muestra est\u00e1 integrada por 147 piezas entre pinturas, grabados y acuarelas, 45 de ellas de Pablo Picasso y 54 de Diego Rivera.<\/p>\n<p>Entre las obras m\u00e1s trascendentes est\u00e1n nueve cuadros que vienen del Museo Picasso de Par\u00eds, adem\u00e1s de tres creaciones in\u00e9ditas de Rivera.<\/p>\n","protected":false},"excerpt":{"rendered":"<p>El presidente Enrique Pe\u00f1a Nieto neg\u00f3 que haya sostenido recientemente comunicaci\u00f3n telef\u00f3nica con su hom\u00f3logo de Estados Unidos, Donald Trump, luego de lo afirmado ayer por el mandatario de ese pa\u00eds.<\/p>\n","protected":false},"author":3,"featured_media":337831,"comment_status":"open","ping_status":"open","sticky":false,"template":"","format":"standard","meta":{"_monsterinsights_skip_tracking":false,"_monsterinsights_sitenote_active":false,"_monsterinsights_sitenote_note":"","_monsterinsights_sitenote_category":0,"footnotes":""},"categories":[3],"tags":[18,43673,22371,441,880],"class_list":["post-337764","post","type-post","status-publish","format-standard","has-post-thumbnail","hentry","category-nacional","tag-enrique-pena-nieto","tag-nacional","tag-reunion","tag-secretaria-de-relaciones-exteriores","tag-sre"],"_links":{"self":[{"href":"https:\/\/www.diarioimagen.net\/index.php?rest_route=\/wp\/v2\/posts\/337764","targetHints":{"allow":["GET"]}}],"collection":[{"href":"https:\/\/www.diarioimagen.net\/index.php?rest_route=\/wp\/v2\/posts"}],"about":[{"href":"https:\/\/www.diarioimagen.net\/index.php?rest_route=\/wp\/v2\/types\/post"}],"author":[{"embeddable":true,"href":"https:\/\/www.diarioimagen.net\/index.php?rest_route=\/wp\/v2\/users\/3"}],"replies":[{"embeddable":true,"href":"https:\/\/www.diarioimagen.net\/index.php?rest_route=%2Fwp%2Fv2%2Fcomments&post=337764"}],"version-history":[{"count":0,"href":"https:\/\/www.diarioimagen.net\/index.php?rest_route=\/wp\/v2\/posts\/337764\/revisions"}],"wp:featuredmedia":[{"embeddable":true,"href":"https:\/\/www.diarioimagen.net\/index.php?rest_route=\/wp\/v2\/media\/337831"}],"wp:attachment":[{"href":"https:\/\/www.diarioimagen.net\/index.php?rest_route=%2Fwp%2Fv2%2Fmedia&parent=337764"}],"wp:term":[{"taxonomy":"category","embeddable":true,"href":"https:\/\/www.diarioimagen.net\/index.php?rest_route=%2Fwp%2Fv2%2Fcategories&post=337764"},{"taxonomy":"post_tag","embeddable":true,"href":"https:\/\/www.diarioimagen.net\/index.php?rest_route=%2Fwp%2Fv2%2Ftags&post=337764"}],"curies":[{"name":"wp","href":"https:\/\/api.w.org\/{rel}","templated":true}]}}