{"id":337768,"date":"2017-08-01T00:08:55","date_gmt":"2017-08-01T05:08:55","guid":{"rendered":"http:\/\/www.diarioimagen.net\/?p=337768"},"modified":"2017-08-01T03:51:43","modified_gmt":"2017-08-01T08:51:43","slug":"avanza-metepec-en-su-incorporacion-a-la-red-mexicana-de-municipios-por-la-salud","status":"publish","type":"post","link":"https:\/\/www.diarioimagen.net\/?p=337768","title":{"rendered":"Avanza Metepec en su incorporaci\u00f3n a la Red Mexicana de Municipios por la Salud"},"content":{"rendered":"<ul>\n<li><strong><em>Recibe David L\u00f3pez constancia de inscripci\u00f3n<\/em><\/strong><\/li>\n<\/ul>\n<p>&nbsp;<\/p>\n<div id=\"attachment_337792\" style=\"width: 470px\" class=\"wp-caption aligncenter\"><a href=\"http:\/\/www.diarioimagen.net\/?attachment_id=337792\" rel=\"attachment wp-att-337792\"><img loading=\"lazy\" decoding=\"async\" aria-describedby=\"caption-attachment-337792\" class=\"size-large wp-image-337792\" src=\"http:\/\/www.diarioimagen.net\/wp-content\/uploads\/2017\/08\/METEPEC-3175-460x259.jpg\" alt=\"\" width=\"460\" height=\"259\" srcset=\"https:\/\/www.diarioimagen.net\/wp-content\/uploads\/2017\/08\/METEPEC-3175-460x259.jpg 460w, https:\/\/www.diarioimagen.net\/wp-content\/uploads\/2017\/08\/METEPEC-3175-240x135.jpg 240w, https:\/\/www.diarioimagen.net\/wp-content\/uploads\/2017\/08\/METEPEC-3175-235x132.jpg 235w, https:\/\/www.diarioimagen.net\/wp-content\/uploads\/2017\/08\/METEPEC-3175-202x114.jpg 202w, https:\/\/www.diarioimagen.net\/wp-content\/uploads\/2017\/08\/METEPEC-3175-350x196.jpg 350w, https:\/\/www.diarioimagen.net\/wp-content\/uploads\/2017\/08\/METEPEC-3175-220x123.jpg 220w, https:\/\/www.diarioimagen.net\/wp-content\/uploads\/2017\/08\/METEPEC-3175-237x132.jpg 237w, https:\/\/www.diarioimagen.net\/wp-content\/uploads\/2017\/08\/METEPEC-3175.jpg 480w\" sizes=\"auto, (max-width: 460px) 100vw, 460px\" \/><\/a><p id=\"caption-attachment-337792\" class=\"wp-caption-text\">David L\u00f3pez C\u00e1rdenas se\u00f1al\u00f3 que el tema de salud es para el ayuntamiento objetivo fundamental de la gesti\u00f3n p\u00fablica.<\/p><\/div>\n<p>&nbsp;<\/p>\n<p><strong>Metepec, Estado de M\u00e9xico<\/strong>.- Sustentado en un trabajo y programa permanente de salud desde el inicio de la presente gesti\u00f3n municipal, el gobierno de Metepec recibi\u00f3 por parte del Instituto de Salud del Estado de M\u00e9xico la constancia de inscripci\u00f3n para alcanzar su incorporaci\u00f3n a la Red Mexicana de Municipios por la Salud.<\/p>\n<p>Tras cubrir una serie de requisitos que implican acciones que favorecen el desarrollo de la poblaci\u00f3n, el ayuntamiento a trav\u00e9s del alcalde, David L\u00f3pez C\u00e1rdenas, comprometi\u00f3 el cumplimiento total de las acciones para lograr la certificaci\u00f3n de una comunidad y municipio saludable.<\/p>\n<p>\u201cPara Metepec el tema de salud es un objetivo fundamental de la gesti\u00f3n p\u00fablica, por ello impulsamos el trabajo integral con la estrategia planteada por el DIF Municipal, para cuidar la salud de los metepequenses con tareas de prevenci\u00f3n y atenci\u00f3n de enfermedades en todos los sectores de la poblaci\u00f3n, principalmente para los grupos vulnerables\u201d, se\u00f1al\u00f3 el mun\u00edcipe quien estuvo acompa\u00f1ado del coordinador en el Valle de Toluca de la Secretar\u00eda de Salud del Estado de M\u00e9xico, Rom\u00e1n Vel\u00e1zquez Mondrag\u00f3n.<\/p>\n<p>En el acto, con la presencia de la presidenta del DIF Municipal, Gabriela Bringas Abarca y representantes del DIF estatal, Maribel Garc\u00eda Reyes y Patricia Tello, fueron entregados 120 paquetes familiares de higiene bucal dentro del programa del DIFEM, \u201cPor una Sonrisa para la Familia\u201d.<\/p>\n<p>El apoyo que beneficia a 420 familias, destac\u00f3 el alcalde David L\u00f3pez, forma parte de las acciones que realiza el DIF Metepec para favorecer a las comunidades, en este caso,\u00a0 luego de realizar un diagn\u00f3stico odontol\u00f3gico en las colonias San Jos\u00e9 La Pilita, Rancho San Francisco y San Jorge Pueblo Nuevo.<\/p>\n<p>\u201cEste enfoque de evaluaci\u00f3n de pol\u00edticas p\u00fablicas, nos permitir\u00e1 durante un a\u00f1o medir la efectividad de las acciones de prevenci\u00f3n y de las capacitaciones para la salud bucal, fundamentales para evitar caries, gingivitis y otras enfermedades\u201d, refiri\u00f3 el edil.<\/p>\n<p>Invit\u00f3 a la sociedad en general, acercarse a alguna de las 13 unidades m\u00e9dicas odontol\u00f3gicas que anualmente brindan un promedio de 5 mil 300 consultas, m\u00e1s de mil pl\u00e1ticas de odontolog\u00eda preventiva, 23 mil fluorizaciones y 4 mil 300 tratamientos odontol\u00f3gicos.<\/p>\n<p>En su oportunidad, Rom\u00e1n Vel\u00e1zquez Mondrag\u00f3n, resalt\u00f3 el trabajo que lleva a cabo el gobierno de Metepec y el DIF municipal en materia de salud, que consta en los amplios servicios de calidad que recibe la ciudadan\u00eda.<\/p>\n<p>\u201cSe trata de una de las acciones m\u00e1s sobresalientes de los gobiernos locales por generar y atender las condiciones de salud en la gente, de all\u00ed el inter\u00e9s y aceptable evoluci\u00f3n que distingue a Metepec, quien seguramente formar\u00e1 parte en breve, de la Red Mexicana de Municipios por la Salud\u201d, resalt\u00f3 el funcionario estatal.<\/p>\n<p>La titular del DIF local, Gabriela Bringas, agradeci\u00f3\u00a0\u00a0el apoyo del DIFEM por los kits bucales, que fueron entregados en el lugar y que son muestra, asever\u00f3, del trabajo conjunto por mejorar las condiciones de la sociedad.<\/p>\n","protected":false},"excerpt":{"rendered":"<p>Sustentado en un trabajo y programa permanente de salud desde el inicio de la presente gesti\u00f3n municipal, el gobierno de Metepec recibi\u00f3 por parte del Instituto de Salud del Estado de M\u00e9xico la constancia de inscripci\u00f3n para alcanzar su incorporaci\u00f3n a la Red Mexicana de Municipios por la Salud.<\/p>\n","protected":false},"author":3,"featured_media":337792,"comment_status":"open","ping_status":"open","sticky":false,"template":"","format":"standard","meta":{"_monsterinsights_skip_tracking":false,"_monsterinsights_sitenote_active":false,"_monsterinsights_sitenote_note":"","_monsterinsights_sitenote_category":0,"footnotes":""},"categories":[35155],"tags":[14250,43675,876,63685,43692],"class_list":["post-337768","post","type-post","status-publish","format-standard","has-post-thumbnail","hentry","category-estado-de-mexico-estado-de-mexico","tag-david-lopez-cardenas","tag-estado-de-mexico","tag-metepec","tag-red-mexicana","tag-salud"],"_links":{"self":[{"href":"https:\/\/www.diarioimagen.net\/index.php?rest_route=\/wp\/v2\/posts\/337768","targetHints":{"allow":["GET"]}}],"collection":[{"href":"https:\/\/www.diarioimagen.net\/index.php?rest_route=\/wp\/v2\/posts"}],"about":[{"href":"https:\/\/www.diarioimagen.net\/index.php?rest_route=\/wp\/v2\/types\/post"}],"author":[{"embeddable":true,"href":"https:\/\/www.diarioimagen.net\/index.php?rest_route=\/wp\/v2\/users\/3"}],"replies":[{"embeddable":true,"href":"https:\/\/www.diarioimagen.net\/index.php?rest_route=%2Fwp%2Fv2%2Fcomments&post=337768"}],"version-history":[{"count":0,"href":"https:\/\/www.diarioimagen.net\/index.php?rest_route=\/wp\/v2\/posts\/337768\/revisions"}],"wp:featuredmedia":[{"embeddable":true,"href":"https:\/\/www.diarioimagen.net\/index.php?rest_route=\/wp\/v2\/media\/337792"}],"wp:attachment":[{"href":"https:\/\/www.diarioimagen.net\/index.php?rest_route=%2Fwp%2Fv2%2Fmedia&parent=337768"}],"wp:term":[{"taxonomy":"category","embeddable":true,"href":"https:\/\/www.diarioimagen.net\/index.php?rest_route=%2Fwp%2Fv2%2Fcategories&post=337768"},{"taxonomy":"post_tag","embeddable":true,"href":"https:\/\/www.diarioimagen.net\/index.php?rest_route=%2Fwp%2Fv2%2Ftags&post=337768"}],"curies":[{"name":"wp","href":"https:\/\/api.w.org\/{rel}","templated":true}]}}