{"id":338914,"date":"2017-08-09T00:10:52","date_gmt":"2017-08-09T05:10:52","guid":{"rendered":"http:\/\/www.diarioimagen.net\/?p=338914"},"modified":"2017-08-09T00:22:02","modified_gmt":"2017-08-09T05:22:02","slug":"reconoce-maria-dipp-de-avila-humanismo-de-voluntariados-estatales","status":"publish","type":"post","link":"https:\/\/www.diarioimagen.net\/?p=338914","title":{"rendered":"Reconoce DIF humanismo de voluntariados estatales"},"content":{"rendered":"<ul>\n<li><strong><em>En atenci\u00f3n a la ni\u00f1ez mexiquense<\/em><\/strong><\/li>\n<\/ul>\n<p>&nbsp;<\/p>\n<div id=\"attachment_338915\" style=\"width: 470px\" class=\"wp-caption aligncenter\"><img loading=\"lazy\" decoding=\"async\" aria-describedby=\"caption-attachment-338915\" class=\"wp-image-338915 size-large\" src=\"http:\/\/www.diarioimagen.net\/wp-content\/uploads\/2017\/08\/DIFEM9-portal-460x268.jpg\" alt=\"\" width=\"460\" height=\"268\" srcset=\"https:\/\/www.diarioimagen.net\/wp-content\/uploads\/2017\/08\/DIFEM9-portal-460x268.jpg 460w, https:\/\/www.diarioimagen.net\/wp-content\/uploads\/2017\/08\/DIFEM9-portal-240x140.jpg 240w, https:\/\/www.diarioimagen.net\/wp-content\/uploads\/2017\/08\/DIFEM9-portal.jpg 480w\" sizes=\"auto, (max-width: 460px) 100vw, 460px\" \/><p id=\"caption-attachment-338915\" class=\"wp-caption-text\">Mar\u00eda Dipp de \u00c1vila, quien reconoci\u00f3 la labor que realizan los voluntariados de la LIX Legislatura y del Tribunal Superior de Justicia del Estado de M\u00e9xico.<\/p><\/div>\n<p>&nbsp;<\/p>\n<p><strong>Toluca, Estado de M\u00e9xco<\/strong>.- Interpretando el <em>Himno a la Alegr\u00eda<\/em> con un viol\u00edn y una sonrisa en el rostro, fue como Berenice demostr\u00f3 su aprendizaje y gusto por la m\u00fasica, ante la presencia de Mar\u00eda Dipp de \u00c1vila, presidenta honoraria del DIF mexiquense, quien reconoci\u00f3 la labor que realizan los voluntariados de la LIX Legislatura y del Tribunal Superior de Justicia del Estado de M\u00e9xico, al sumar esfuerzos con el organismo para apoyar a las ni\u00f1as, ni\u00f1os y adolescentes de los cuatro Centros de Asistencia Social, con materiales para su formaci\u00f3n integral.<\/p>\n<p>Acompa\u00f1ada por Carolina Alan\u00eds Moreno, directora general del DIFEM; Claudia P\u00e9rez de Roa e Isy Mart\u00ednez Ramos, presidentas de los Voluntariados de la LIX Legislatura y del Tribunal Superior de Justicia del Estado de M\u00e9xico, respectivamente, Mar\u00eda Dipp de \u00c1vila entreg\u00f3 42 instrumentos, 16 art\u00edculos musicales, 300 prendas de vestir y m\u00e1s de 200 art\u00edculos deportivos y juguetes, que servir\u00e1n para motivar el desarrollo de los j\u00f3venes a trav\u00e9s de la m\u00fasica, el deporte, el juego y la convivencia en ambientes de armon\u00eda.<\/p>\n<p>\u201cEl gobernador Eruviel y yo les agradecemos de todo coraz\u00f3n, a nombre de nuestros hijos del coraz\u00f3n y de toda la familia DIF, que hayan puesto sus ojos, esfuerzo y corazones en mejorar la vida de estos chiquitines, porque estos violines, guitarras, balones, mu\u00f1ecas, carritos, ropa y muchos m\u00e1s regalitos que hoy les trajeron, los hacen sentir felices y con mayores oportunidades de aprendizaje\u201d, dijo la titular del DIFEM.<\/p>\n<p>Asimismo, entreg\u00f3 reconocimientos a Claudia P\u00e9rez e Isy Mart\u00ednez, a quienes agradeci\u00f3 su esfuerzo al estar al frente de equipos de mujeres y hombres solidarios que han cristalizado proyectos y ayudas que perdurar\u00e1n a trav\u00e9s de los a\u00f1os, como el equipamiento de las salas de m\u00fasica que, con apoyo del gobernador Eruviel \u00c1vila, contar\u00e1n con nueve maestros especializados en viol\u00edn, mandolina, guitarra, \u00f3rganos y teclados, solfeo, historia de la m\u00fasica y canto.<\/p>\n<p>\u201cEste es s\u00f3lo un s\u00edmbolo de agradecimiento por el intenso trabajo que hacen a diario por medio de rifas, bazares, carreras, donativos y dem\u00e1s actividades que realizan para generar recursos y ayudas, sepan que su esfuerzo se ver\u00e1 reflejado en la terapia y alegr\u00eda que la m\u00fasica brindar\u00e1 en los corazones de nuestros peque\u00f1itos\u201d, refiri\u00f3 Dipp de \u00c1vila.<\/p>\n<p>Durante la presente administraci\u00f3n, detall\u00f3, se invirtieron m\u00e1s de 10 millones de pesos en la construcci\u00f3n de oficinas para la subdirecci\u00f3n de los Centros de Asistencia Social (CAS) Temporal Infantil y Villa Hogar; la remodelaci\u00f3n de la biblioteca, dormitorios, sanitarios, aulas de usos m\u00faltiples, salones de m\u00fasica y \u00e1reas comunes; la instalaci\u00f3n y equipamiento de la Unidad B\u00e1sica de Rehabilitaci\u00f3n del CAS Temporal de Rehabilitaci\u00f3n Infantil, para brindar terapias a infantes\u00a0 que presentan alg\u00fan tipo de discapacidad; la remodelaci\u00f3n de las \u00e1reas deportivas del CAS Villa Juvenil, la creaci\u00f3n de la Telesecundaria y un m\u00f3dulo de la Universidad Digital.<\/p>\n","protected":false},"excerpt":{"rendered":"<p>Interpretando el <em>Himno a la Alegr\u00eda<\/em> con un viol\u00edn y una sonrisa en el rostro, fue como Berenice demostr\u00f3 su aprendizaje y gusto por la m\u00fasica, ante la presencia de Mar\u00eda Dipp de \u00c1vila, presidenta honoraria del DIF mexiquense, quien reconoci\u00f3 la labor que realizan los voluntariados de la LIX Legislatura y del Tribunal Superior de Justicia del Estado de M\u00e9xico, al sumar esfuerzos con el organismo para apoyar a las ni\u00f1as, ni\u00f1os y adolescentes de los cuatro Centros de Asistencia Social, con materiales para su formaci\u00f3n integral.<\/p>\n","protected":false},"author":5,"featured_media":338915,"comment_status":"open","ping_status":"open","sticky":false,"template":"","format":"standard","meta":{"_monsterinsights_skip_tracking":false,"_monsterinsights_sitenote_active":false,"_monsterinsights_sitenote_note":"","_monsterinsights_sitenote_category":0,"footnotes":""},"categories":[5],"tags":[64032,64007,62540,452],"class_list":["post-338914","post","type-post","status-publish","format-standard","has-post-thumbnail","hentry","category-estado-de-mexico","tag-estado-de-mexco","tag-isy-martinez-ramos","tag-maria-dipp-de-avila","tag-toluca"],"_links":{"self":[{"href":"https:\/\/www.diarioimagen.net\/index.php?rest_route=\/wp\/v2\/posts\/338914","targetHints":{"allow":["GET"]}}],"collection":[{"href":"https:\/\/www.diarioimagen.net\/index.php?rest_route=\/wp\/v2\/posts"}],"about":[{"href":"https:\/\/www.diarioimagen.net\/index.php?rest_route=\/wp\/v2\/types\/post"}],"author":[{"embeddable":true,"href":"https:\/\/www.diarioimagen.net\/index.php?rest_route=\/wp\/v2\/users\/5"}],"replies":[{"embeddable":true,"href":"https:\/\/www.diarioimagen.net\/index.php?rest_route=%2Fwp%2Fv2%2Fcomments&post=338914"}],"version-history":[{"count":0,"href":"https:\/\/www.diarioimagen.net\/index.php?rest_route=\/wp\/v2\/posts\/338914\/revisions"}],"wp:featuredmedia":[{"embeddable":true,"href":"https:\/\/www.diarioimagen.net\/index.php?rest_route=\/wp\/v2\/media\/338915"}],"wp:attachment":[{"href":"https:\/\/www.diarioimagen.net\/index.php?rest_route=%2Fwp%2Fv2%2Fmedia&parent=338914"}],"wp:term":[{"taxonomy":"category","embeddable":true,"href":"https:\/\/www.diarioimagen.net\/index.php?rest_route=%2Fwp%2Fv2%2Fcategories&post=338914"},{"taxonomy":"post_tag","embeddable":true,"href":"https:\/\/www.diarioimagen.net\/index.php?rest_route=%2Fwp%2Fv2%2Ftags&post=338914"}],"curies":[{"name":"wp","href":"https:\/\/api.w.org\/{rel}","templated":true}]}}