{"id":338947,"date":"2017-08-09T00:09:25","date_gmt":"2017-08-09T05:09:25","guid":{"rendered":"http:\/\/www.diarioimagen.net\/?p=338947"},"modified":"2017-08-09T04:41:23","modified_gmt":"2017-08-09T09:41:23","slug":"ayuda-a-invidentes-mexiquenses","status":"publish","type":"post","link":"https:\/\/www.diarioimagen.net\/?p=338947","title":{"rendered":"Ayuda a invidentes mexiquenses"},"content":{"rendered":"<h2>Arco Norte<\/h2>\n<h5>Jos\u00e9 Luis Monta\u00f1ez Aguilar<\/h5>\n<p>&nbsp;<\/p>\n<p><img loading=\"lazy\" decoding=\"async\" class=\"aligncenter size-large wp-image-339061\" src=\"http:\/\/www.diarioimagen.net\/wp-content\/uploads\/2017\/08\/arco-3181-460x297.jpg\" alt=\"\" width=\"460\" height=\"297\" srcset=\"https:\/\/www.diarioimagen.net\/wp-content\/uploads\/2017\/08\/arco-3181-460x297.jpg 460w, https:\/\/www.diarioimagen.net\/wp-content\/uploads\/2017\/08\/arco-3181-240x155.jpg 240w, https:\/\/www.diarioimagen.net\/wp-content\/uploads\/2017\/08\/arco-3181.jpg 500w\" sizes=\"auto, (max-width: 460px) 100vw, 460px\" \/><\/p>\n<p>&nbsp;<\/p>\n<p>El gobernador Eruviel \u00c1vila Villegas anunci\u00f3 la entrega de 25 mil pesos para la capacitaci\u00f3n de un perro gu\u00eda que ayudar\u00e1 a Aldo, un paciente invidente del Hospital Mexiquense de la Salud Visual, quien ser\u00e1 el primero en recibir este apoyo desde este nosocomio del Estado de M\u00e9xico, como un proyecto impulsado por optometristas que ah\u00ed trabajan.<\/p>\n<p>La optometrista Cecilia Islas, se\u00f1al\u00f3 que el proyecto pretende beneficiar a las personas con ceguera para que puedan acceder a tener un perro gu\u00eda, los cuales, una vez que son recibidos en donaci\u00f3n y evaluados, son entrenados para acompa\u00f1ar a los invidentes, preparaci\u00f3n que tiene un costo de 25 mil pesos, y que actualmente se tiene prevista la entrega a tres personas beneficiarias.<\/p>\n<p>Se\u00f1al\u00f3 que el mecanismo para que los pacientes invidentes puedan obtener su perro gu\u00eda, es primero obtener al can en adopci\u00f3n, el cual debe estar en contacto por un tiempo con las familias para que se acostumbren a su convivencia, se hagan cargo de \u00e9l y se forjen los v\u00ednculos.<\/p>\n<p style=\"text-align: center;\"><strong>Atrae Edomex m\u00e1s eventos de la industria de reuniones<\/strong><\/p>\n<p>El Estado de M\u00e9xico particip\u00f3 en el XXIV Congreso Nacional de Turismo de Reuniones 2017, que se realiz\u00f3 en Guadalajara,, a fin de atraer m\u00e1s eventos como reuniones, coloquios y congresos para detonar la derrama econ\u00f3mica en la entidad por dichas actividades, as\u00ed como consolidarse en este sector tur\u00edstico.<\/p>\n<p>La secretaria de Turismo, Rosalinda Elizabeth Ben\u00edtez Gonz\u00e1lez, indic\u00f3 que a trav\u00e9s de la Direcci\u00f3n General de Turismo de Reuniones estatal, se promovieron los cl\u00fasteres de Valle de Bravo, Teotihuac\u00e1n, Toluca-Metepec e Ixtapan de la Sal, con especialistas de la industria, donde se expuso el \u00e1rea de oportunidad que tiene el Estado de M\u00e9xico con este tipo de espacios.<\/p>\n<p>Detall\u00f3 que durante dos d\u00edas de actividades, se tuvieron 46 citas de negocios con organizadores de eventos, quienes ya tienen planeado conocer el Centro de Convenciones y Exposiciones Toluca, con la intenci\u00f3n de evaluar qu\u00e9 tipo de eventos pueden organizar para el pr\u00f3ximo a\u00f1o.<\/p>\n<p>Destac\u00f3 la alta demanda de eventos que registra el Centro de Convenciones y Exposiciones Toluca, a solo siete meses de su apertura, e inform\u00f3 que del 16 de enero al 30 junio de este a\u00f1o, dicho recinto ha registrado una derrama econ\u00f3mica de 305 millones de pesos, con una afluencia de 65 mil personas.<\/p>\n","protected":false},"excerpt":{"rendered":"<p><span style=\"color: #005497;\">Jos\u00e9 Luis Monta\u00f1ez Aguilar<\/span><br \/>\n<br \/>\nEl gobernador Eruviel \u00c1vila Villegas anunci\u00f3 la entrega de 25 mil pesos para la capacitaci\u00f3n de un perro gu\u00eda que ayudar\u00e1 a Aldo, un paciente invidente del Hospital Mexiquense de la Salud Visual, quien ser\u00e1 el primero en recibir este apoyo desde este nosocomio del Estado de M\u00e9xico, como un proyecto impulsado por optometristas que ah\u00ed trabajan.<\/p>\n","protected":false},"author":3,"featured_media":339061,"comment_status":"open","ping_status":"open","sticky":false,"template":"","format":"standard","meta":{"_monsterinsights_skip_tracking":false,"_monsterinsights_sitenote_active":false,"_monsterinsights_sitenote_note":"","_monsterinsights_sitenote_category":0,"footnotes":""},"categories":[35155],"tags":[13284,43704,43674],"class_list":["post-338947","post","type-post","status-publish","format-standard","has-post-thumbnail","hentry","category-estado-de-mexico-estado-de-mexico","tag-arco-norte","tag-jose-luis-montanez-aguilar","tag-opinion"],"_links":{"self":[{"href":"https:\/\/www.diarioimagen.net\/index.php?rest_route=\/wp\/v2\/posts\/338947","targetHints":{"allow":["GET"]}}],"collection":[{"href":"https:\/\/www.diarioimagen.net\/index.php?rest_route=\/wp\/v2\/posts"}],"about":[{"href":"https:\/\/www.diarioimagen.net\/index.php?rest_route=\/wp\/v2\/types\/post"}],"author":[{"embeddable":true,"href":"https:\/\/www.diarioimagen.net\/index.php?rest_route=\/wp\/v2\/users\/3"}],"replies":[{"embeddable":true,"href":"https:\/\/www.diarioimagen.net\/index.php?rest_route=%2Fwp%2Fv2%2Fcomments&post=338947"}],"version-history":[{"count":0,"href":"https:\/\/www.diarioimagen.net\/index.php?rest_route=\/wp\/v2\/posts\/338947\/revisions"}],"wp:featuredmedia":[{"embeddable":true,"href":"https:\/\/www.diarioimagen.net\/index.php?rest_route=\/wp\/v2\/media\/339061"}],"wp:attachment":[{"href":"https:\/\/www.diarioimagen.net\/index.php?rest_route=%2Fwp%2Fv2%2Fmedia&parent=338947"}],"wp:term":[{"taxonomy":"category","embeddable":true,"href":"https:\/\/www.diarioimagen.net\/index.php?rest_route=%2Fwp%2Fv2%2Fcategories&post=338947"},{"taxonomy":"post_tag","embeddable":true,"href":"https:\/\/www.diarioimagen.net\/index.php?rest_route=%2Fwp%2Fv2%2Ftags&post=338947"}],"curies":[{"name":"wp","href":"https:\/\/api.w.org\/{rel}","templated":true}]}}