{"id":338969,"date":"2017-08-09T00:08:34","date_gmt":"2017-08-09T05:08:34","guid":{"rendered":"http:\/\/www.diarioimagen.net\/?p=338969"},"modified":"2017-08-09T03:44:51","modified_gmt":"2017-08-09T08:44:51","slug":"con-participacion-de-toda-la-comunidad-universitaria-construye-uaem-plan-rector-de-desarrollo-institucional","status":"publish","type":"post","link":"https:\/\/www.diarioimagen.net\/?p=338969","title":{"rendered":"Con participaci\u00f3n de toda la comunidad universitaria, construye UAEM Plan Rector de Desarrollo Institucional"},"content":{"rendered":"<p><img loading=\"lazy\" decoding=\"async\" class=\"aligncenter size-large wp-image-339070\" src=\"http:\/\/www.diarioimagen.net\/wp-content\/uploads\/2017\/08\/UAEM-3181-460x259.jpg\" alt=\"\" width=\"460\" height=\"259\" srcset=\"https:\/\/www.diarioimagen.net\/wp-content\/uploads\/2017\/08\/UAEM-3181-460x259.jpg 460w, https:\/\/www.diarioimagen.net\/wp-content\/uploads\/2017\/08\/UAEM-3181-240x135.jpg 240w, https:\/\/www.diarioimagen.net\/wp-content\/uploads\/2017\/08\/UAEM-3181-235x132.jpg 235w, https:\/\/www.diarioimagen.net\/wp-content\/uploads\/2017\/08\/UAEM-3181-202x114.jpg 202w, https:\/\/www.diarioimagen.net\/wp-content\/uploads\/2017\/08\/UAEM-3181-350x196.jpg 350w, https:\/\/www.diarioimagen.net\/wp-content\/uploads\/2017\/08\/UAEM-3181-220x123.jpg 220w, https:\/\/www.diarioimagen.net\/wp-content\/uploads\/2017\/08\/UAEM-3181-237x132.jpg 237w, https:\/\/www.diarioimagen.net\/wp-content\/uploads\/2017\/08\/UAEM-3181.jpg 480w\" sizes=\"auto, (max-width: 460px) 100vw, 460px\" \/><\/p>\n<p>&nbsp;<\/p>\n<p><strong>Toluca, Estado de M\u00e9xico.- <\/strong>El Plan Rector de Desarrollo Institucional 2017-2021 de la Universidad Aut\u00f3noma del Estado de M\u00e9xico se construye con base en la participaci\u00f3n de toda la comunidad universitaria, para generar \u201cun proyecto que no puede excluirse del contexto nacional ni aislarse de los imperativos de la din\u00e1mica mundial, que nos plantean oportunidades y desaf\u00edos\u201d.<\/p>\n<p>As\u00ed lo manifest\u00f3 el rector Alfredo Barrera Baca,\u00a0en el Museo Universitario \u201cLeopoldo Flores\u201d,\u00a0durante el\u00a0inicio del Taller de Planeaci\u00f3n y Marco L\u00f3gico para la Formulaci\u00f3n del Plan Rector de Desarrollo Institucional 2017-2021 Bajo la Gesti\u00f3n de Resultados.<\/p>\n","protected":false},"excerpt":{"rendered":"<p>El Plan Rector de Desarrollo Institucional 2017-2021 de la Universidad Aut\u00f3noma del Estado de M\u00e9xico se construye con base en la participaci\u00f3n de toda la comunidad universitaria, para generar \u201cun proyecto que no puede excluirse del contexto nacional ni aislarse de los imperativos de la din\u00e1mica mundial, que nos plantean oportunidades y desaf\u00edos\u201d.<\/p>\n","protected":false},"author":3,"featured_media":339070,"comment_status":"open","ping_status":"open","sticky":false,"template":"","format":"standard","meta":{"_monsterinsights_skip_tracking":false,"_monsterinsights_sitenote_active":false,"_monsterinsights_sitenote_note":"","_monsterinsights_sitenote_category":0,"footnotes":""},"categories":[35155],"tags":[43675,452,1491],"class_list":["post-338969","post","type-post","status-publish","format-standard","has-post-thumbnail","hentry","category-estado-de-mexico-estado-de-mexico","tag-estado-de-mexico","tag-toluca","tag-uaem"],"_links":{"self":[{"href":"https:\/\/www.diarioimagen.net\/index.php?rest_route=\/wp\/v2\/posts\/338969","targetHints":{"allow":["GET"]}}],"collection":[{"href":"https:\/\/www.diarioimagen.net\/index.php?rest_route=\/wp\/v2\/posts"}],"about":[{"href":"https:\/\/www.diarioimagen.net\/index.php?rest_route=\/wp\/v2\/types\/post"}],"author":[{"embeddable":true,"href":"https:\/\/www.diarioimagen.net\/index.php?rest_route=\/wp\/v2\/users\/3"}],"replies":[{"embeddable":true,"href":"https:\/\/www.diarioimagen.net\/index.php?rest_route=%2Fwp%2Fv2%2Fcomments&post=338969"}],"version-history":[{"count":0,"href":"https:\/\/www.diarioimagen.net\/index.php?rest_route=\/wp\/v2\/posts\/338969\/revisions"}],"wp:featuredmedia":[{"embeddable":true,"href":"https:\/\/www.diarioimagen.net\/index.php?rest_route=\/wp\/v2\/media\/339070"}],"wp:attachment":[{"href":"https:\/\/www.diarioimagen.net\/index.php?rest_route=%2Fwp%2Fv2%2Fmedia&parent=338969"}],"wp:term":[{"taxonomy":"category","embeddable":true,"href":"https:\/\/www.diarioimagen.net\/index.php?rest_route=%2Fwp%2Fv2%2Fcategories&post=338969"},{"taxonomy":"post_tag","embeddable":true,"href":"https:\/\/www.diarioimagen.net\/index.php?rest_route=%2Fwp%2Fv2%2Ftags&post=338969"}],"curies":[{"name":"wp","href":"https:\/\/api.w.org\/{rel}","templated":true}]}}