{"id":339005,"date":"2017-08-09T00:01:51","date_gmt":"2017-08-09T05:01:51","guid":{"rendered":"http:\/\/www.diarioimagen.net\/?p=339005"},"modified":"2017-08-09T02:01:20","modified_gmt":"2017-08-09T07:01:20","slug":"en-materia-hotelera-algunos-buscan-caparazon","status":"publish","type":"post","link":"https:\/\/www.diarioimagen.net\/?p=339005","title":{"rendered":"En materia hotelera algunos buscan \u201ccaparaz\u00f3n\u201d"},"content":{"rendered":"<h2>\u201cHora 14\u201d<\/h2>\n<h5>Mauricio Conde Olivares<\/h5>\n<p>&nbsp;<\/p>\n<p>Pues resulta que las tortugas, especie en peligro de extinci\u00f3n, s\u00ed tienen qui\u00e9n las cuide. Toda vez que la Procuradur\u00eda Federal de Protecci\u00f3n al Ambiente (Profepa) corrobor\u00f3 que el hotel Secrets Aura, ubicado en el municipio de Cozumel, Quintana Roo, no cuenta con la autorizaci\u00f3n de Aprovechamiento no extractivo de vida silvestre para el manejo, protecci\u00f3n y conservaci\u00f3n de las especies de tortuga marina, por lo que realiz\u00f3 de manera irregular la liberaci\u00f3n de cr\u00edas de quelonios en d\u00edas pasados.<\/p>\n<p>En atenci\u00f3n a denuncias ciudadanas y notas period\u00edsticas sobre la liberaci\u00f3n de cr\u00edas de tortugas marinas en el citado hotel, la Profepa realiz\u00f3 una visita de inspecci\u00f3n al desarrollo tur\u00edstico denominado en la Isla de Cozumel, donde constat\u00f3 que tambi\u00e9n carece de la Autorizaci\u00f3n con fines tur\u00edsticos otorgada por la Direcci\u00f3n General de Vida Silvestre de la Semarnat.<\/p>\n<p>Al momento de la\u00a0 visita de inspecci\u00f3n, la Profepa ubic\u00f3 un nido de tortuga marina delimitado con malla de color morado y con dimensiones de 2.30 metros por 2.40 metros y 0.70 metros de altura, a una distancia de 5 metros de la pleamar, ubicado frente a las instalaciones del hotel.<\/p>\n<p>En el sitio existen cuatro letreros con la fecha de la nidada, la cual data del d\u00eda 19 de julio del a\u00f1o 2017 y que pertenece a la especie de tortuga marina blanca (Chelonia mydas); dichas medidas y manejo fueron realizadas por personal del Departamento de Sustentabilidad Ambiental del hotel.<\/p>\n<p>Asimismo, los inspeccionados informaron que el 28 de julio de 2017, realizaron un evento de liberaci\u00f3n de 75 cr\u00edas de tortugas marinas de la especie blanca (Chelonia mydas), con el apoyo del Departamento de Ecolog\u00eda de Cozumel.<\/p>\n<p>Por lo anterior, la Profepa solicit\u00f3 al hotel Secrets Aura las autorizaciones correspondientes que avalaran el haber realizado la liberaci\u00f3n de los quelonios, por lo que al no contar con los mismos, se opt\u00f3 por iniciar procedimiento administrativo para determinar las violaciones en las que incurrieron a la Normatividad aplicable.<\/p>\n<p>Cabe se\u00f1alar que la tortuga marina caguama (Caretta caretta), carey (Eretmochelys imbricata) y verde o blanca (Chelonia mydas), se\u00a0 encuentran listadas en la Norma Oficial Mexicana NOM-059-SEMARNAT-2010 bajo la categor\u00eda \u201cPeligro de Extinci\u00f3n\u201d.<\/p>\n<p>De acuerdo a la Ley General de Vida Silvestre, su reglamento y las disposiciones de las Normas Oficiales Mexicanas, las violaciones cometidas podr\u00e1n ser sancionadas con la imposici\u00f3n de una multa por el equivalente de 50 a 50,000 mil Unidades de Medida y Actualizaci\u00f3n vigente en la Ciudad de M\u00e9xico.<\/p>\n<p>Por otra parte, Sare Holding, S.A.B. de C.V. (BMV: SAREB), empresa desarrolladora de vivienda l\u00edder, anunci\u00f3 el resultado de su proceso de capitalizaci\u00f3n reci\u00e9n concluido, cuya ejecuci\u00f3n fue aprobada en su asamblea realizada el 28 de abril de 2017.<\/p>\n<p>En seguimiento a la fase final de capitalizaci\u00f3n de la Compa\u00f1\u00eda, que consisti\u00f3 en el ejercicio del \u00abDerecho de Acrecer\u00bb por parte de los accionistas de la Sociedad que as\u00ed lo decidieron \u00abAccionistas Suscriptores\u00bb, finalizada el pasado 31 de julio de 2017, se suscribieron y pagaron 449,077,244 acciones por un monto de Ps.44.9 millones (con un valor de suscripci\u00f3n de Ps.0.10 por acci\u00f3n). Es importante recordar que en la fase inicial los \u00abAccionistas Suscriptores\u00bb subscribieron y pagaron 814,545,954 acciones, por un monto de Ps.81.4 mills.<\/p>\n<p>En su conjunto, al considerar la fase de acrecencia, se subscribieron en total 1,263,623,198 acciones, por un gran total de Ps.126.3 mills, durante el proceso de capitalizaci\u00f3n de la Sociedad. Es importante destacar que nuestro socio mayoritario ejerci\u00f3 en su totalidad su derecho de suscripci\u00f3n durante el proceso; reflejo tanto de su confianza en la administraci\u00f3n como en el revitalizado modelo de negocios de la compa\u00f1\u00eda.<\/p>\n<p>Los recursos obtenidos fortalecen la posici\u00f3n de liquidez de la empresa, y ser\u00e1n aplicados para potencializar y dar celeridad a la construcci\u00f3n y comercializaci\u00f3n de su programa de desarrollos sobre reservas ya disponibles del ejercicio 2017. En consecuencia, se espera una mayor tracci\u00f3n en la operaci\u00f3n para los siguientes trimestres que beneficiar\u00e1 la continuaci\u00f3n de una generaci\u00f3n positiva de EBITDA y un s\u00f3lido apuntalamiento operativo y financiero, que permitir\u00e1 alcanzar los resultados planteados en la Gu\u00eda de Resultados 2017.<\/p>\n<p>Al respecto, el director general de SARE, V\u00edctor Eduardo P\u00e9rez Orozco, coment\u00f3: \u00abLos recursos adicionales obtenidos en la \u00faltima fase de capitalizaci\u00f3n de la sociedad nos brindan, de manera relevante, potencia y velocidad para la ejecuci\u00f3n de nuestro plan de negocios, a la par de consolidar el regreso de SARE a los mercados p\u00fablicos como una atractiva y estable opci\u00f3n de inversi\u00f3n\u00bb.<\/p>\n<p>SARE es una empresa desarrolladora de vivienda l\u00edder que se ha distinguido por tener una oferta diversificada de productos de calidad, que satisfacen los gustos y necesidades de sus clientes. Sus productos abarcan tanto vivienda econ\u00f3mica, de inter\u00e9s social, como vivienda media y media-residencial. SARE ha definido un modelo de negocios con diversificaci\u00f3n en regiones, segmentos y opciones de financiamiento hipotecario para sus clientes. Esta estrategia propicia una gran flexibilidad y permite a la empresa adecuarse a las circunstancias del mercado de vivienda. SARE cotiza en la Bolsa Mexicana de Valores bajo la clave de pizarra \u00abSAREB\u00bb.<\/p>\n<p>Tambi\u00e9n d\u00e9jeme comentarle que Orazul Energy (\u00abOrazul\u00bb o \u00abla Compa\u00f1\u00eda\u00bb), l\u00edder en producci\u00f3n de energ\u00eda con centrales hidroel\u00e9ctricas, t\u00e9rmicas y de gas natural a lo largo de Am\u00e9rica Latina, y compa\u00f1\u00eda integrante de la cartera del fondo de inversiones en infraestructura global I Squared Capital (\u00abla Firma\u00bb), anunci\u00f3\u00a0 el nombramiento de su director general.<\/p>\n<p>El Consejo de Administraci\u00f3n de Orazul ha nombrado a Willem Van Twembeke como su director general.\u00a0 Van Twembeke es el primer director general de Orazul desde la adquisici\u00f3n por parte de la Firma de los activos regionales (con excepci\u00f3n de Brasil) de Duke Energy International.\u00a0 Como parte de su funci\u00f3n, Van Twembeke se asociar\u00e1 estrechamente con los presidentes regionales de las operaciones de Orazul.<\/p>\n<p>\u00abEs un privilegio unirme al equipo de Orazul\u00bb, dijo Van Twembeke.\u00a0 \u00abMe siento honrado de formar parte de una organizaci\u00f3n con una reputaci\u00f3n tan fuerte en excelencia operacional y soluciones innovadoras que ampliar\u00e1 su matriz energ\u00e9tica en toda Am\u00e9rica Latina. Espero con inter\u00e9s trabajar con todos mis colegas en cada pa\u00eds para implementar nuestro plan para hacer crecer el negocio y mejorar nuestro impacto positivo en la regi\u00f3n.\u00bb<\/p>\n<p>Van Twembeke se une a Orazul despu\u00e9s de trabajar 25 a\u00f1os en Tractebel y varias empresas dentro del Grupo ENGIE, donde desempe\u00f1\u00f3 un papel clave en el desarrollo de la presencia global de la compa\u00f1\u00eda, incluyendo trabajo sustancial en Am\u00e9rica Latina.\u00a0 Como CEO de las peruanas EnerSur y Calidda, reestructur\u00f3 ambas compa\u00f1\u00edas, convirti\u00e9ndolas en actores importantes en el mercado local de energ\u00eda.\u00a0 Como director de operaciones de ENGIE Energy Latin America, contribuy\u00f3 a convertir a la empresa en un competidor de primer nivel en la regi\u00f3n.\u00a0 Recientemente, se desempe\u00f1\u00f3 como Vicepresidente Ejecutivo de Energy International Business Line de ENGIE, gestionando operaciones internacionales en varias regiones y liderando el desarrollo de negocios; pero lo anterior ser\u00e1 motivo de posterior an\u00e1lisis en otra entrega de <em><strong>Hora 14<\/strong><\/em>.<\/p>\n<p><em><a href=\"mailto:%20mauricio_conde@msn.com\" target=\"_blank\" rel=\"noopener noreferrer\">mauricio_conde@msn.com<\/a><\/em><\/p>\n<p>###<\/p>\n<p>La Profepa realiz\u00f3 una visita de inspecci\u00f3n al hotel Secrets Aura en la isla de Cozumel.<\/p>\n","protected":false},"excerpt":{"rendered":"<p><span style=\"color: #005497;\"><strong>Mauricio Conde Olivares<\/strong><\/span><\/p>\n","protected":false},"author":3,"featured_media":0,"comment_status":"open","ping_status":"open","sticky":false,"template":"","format":"standard","meta":{"_monsterinsights_skip_tracking":false,"_monsterinsights_sitenote_active":false,"_monsterinsights_sitenote_note":"","_monsterinsights_sitenote_category":0,"footnotes":""},"categories":[35889],"tags":[43712,43674,44860],"class_list":["post-339005","post","type-post","status-publish","format-standard","hentry","category-mauricio-conde-olivares","tag-mauricio-conde-olivares","tag-opinion","tag-hora-14"],"_links":{"self":[{"href":"https:\/\/www.diarioimagen.net\/index.php?rest_route=\/wp\/v2\/posts\/339005","targetHints":{"allow":["GET"]}}],"collection":[{"href":"https:\/\/www.diarioimagen.net\/index.php?rest_route=\/wp\/v2\/posts"}],"about":[{"href":"https:\/\/www.diarioimagen.net\/index.php?rest_route=\/wp\/v2\/types\/post"}],"author":[{"embeddable":true,"href":"https:\/\/www.diarioimagen.net\/index.php?rest_route=\/wp\/v2\/users\/3"}],"replies":[{"embeddable":true,"href":"https:\/\/www.diarioimagen.net\/index.php?rest_route=%2Fwp%2Fv2%2Fcomments&post=339005"}],"version-history":[{"count":0,"href":"https:\/\/www.diarioimagen.net\/index.php?rest_route=\/wp\/v2\/posts\/339005\/revisions"}],"wp:attachment":[{"href":"https:\/\/www.diarioimagen.net\/index.php?rest_route=%2Fwp%2Fv2%2Fmedia&parent=339005"}],"wp:term":[{"taxonomy":"category","embeddable":true,"href":"https:\/\/www.diarioimagen.net\/index.php?rest_route=%2Fwp%2Fv2%2Fcategories&post=339005"},{"taxonomy":"post_tag","embeddable":true,"href":"https:\/\/www.diarioimagen.net\/index.php?rest_route=%2Fwp%2Fv2%2Ftags&post=339005"}],"curies":[{"name":"wp","href":"https:\/\/api.w.org\/{rel}","templated":true}]}}