{"id":339042,"date":"2017-08-09T00:08:47","date_gmt":"2017-08-09T05:08:47","guid":{"rendered":"http:\/\/www.diarioimagen.net\/?p=339042"},"modified":"2017-08-09T04:27:10","modified_gmt":"2017-08-09T09:27:10","slug":"otro-golpe-demoledor-al-prd","status":"publish","type":"post","link":"https:\/\/www.diarioimagen.net\/?p=339042","title":{"rendered":"Otro golpe demoledor al PRD"},"content":{"rendered":"<h2>Punto por punto<\/h2>\n<h5>Augusto Corro<\/h5>\n<p>&nbsp;<\/p>\n<div id=\"attachment_337862\" style=\"width: 470px\" class=\"wp-caption aligncenter\"><a href=\"http:\/\/www.diarioimagen.net\/?attachment_id=337862\" rel=\"attachment wp-att-337862\"><img loading=\"lazy\" decoding=\"async\" aria-describedby=\"caption-attachment-337862\" class=\"size-large wp-image-337862\" src=\"http:\/\/www.diarioimagen.net\/wp-content\/uploads\/2017\/08\/salvese-quien-pueda-MARAL-3175-460x340.jpg\" alt=\"\" width=\"460\" height=\"340\" srcset=\"https:\/\/www.diarioimagen.net\/wp-content\/uploads\/2017\/08\/salvese-quien-pueda-MARAL-3175-460x340.jpg 460w, https:\/\/www.diarioimagen.net\/wp-content\/uploads\/2017\/08\/salvese-quien-pueda-MARAL-3175-240x177.jpg 240w, https:\/\/www.diarioimagen.net\/wp-content\/uploads\/2017\/08\/salvese-quien-pueda-MARAL-3175-768x567.jpg 768w, https:\/\/www.diarioimagen.net\/wp-content\/uploads\/2017\/08\/salvese-quien-pueda-MARAL-3175.jpg 1200w\" sizes=\"auto, (max-width: 460px) 100vw, 460px\" \/><\/a><p id=\"caption-attachment-337862\" class=\"wp-caption-text\">\u00a1S\u00e1lvese quien pueda!.. | Maral<\/p><\/div>\n<p>&nbsp;<\/p>\n<p>Varios l\u00edderes perredistas decidieron apoyar el proyecto pol\u00edtico de Andr\u00e9s Manuel L\u00f3pez Obrador y rechazaron la idea de su dirigente Alejandra Barrales, que busca un Frente Opositor aliado con el Partido Acci\u00f3n Nacional (PAN).<\/p>\n<p>En conferencia de prensa, Carlos Sotelo, del Comit\u00e9 Ejecutivo Nacional (CEN) del PRD; el senador Ra\u00fal Mor\u00f3n y los ex dirigentes Pablo G\u00f3mez y Leonel Godoy, se pronunciaron por la unidad de las izquierdas.<\/p>\n<p>Dijeron estar en contra de una alianza con el PAN en los pr\u00f3ximos comicios federales.<\/p>\n<p>\u201cEn 2018 derrotar al PRI y que no regrese el PAN. Ambos partidos son lo mismo, por ello no basta con derrotar al PRI\u201d, declar\u00f3 Sotelo.<\/p>\n<p>Explic\u00f3 que en el \u00faltimo Congreso Nacional perredista (2015), se estableci\u00f3 que el partido se opone al neoliberalismo y a los partidos que respaldan ese r\u00e9gimen pol\u00edtico-econ\u00f3mico, como el PRI y el PAN.<\/p>\n<p>La inconformidad de los militantes perredistas y de sus dirigentes tarde o temprano iba a explotar. El perredismo inici\u00f3 su agon\u00eda desde aquel d\u00eda que se registr\u00f3 la tragedia de los 43 normalistas de Ayotzinapa y de su nefasta pol\u00edtica del ex gobernador \u00c1ngel Aguirre.<\/p>\n<p>Con el remordimiento de conciencia, el entonces l\u00edder del PRD, Carlos Navarrete, fue a Guerrero a pedir perd\u00f3n a los guerrerenses por la actuaci\u00f3n del alcalde de Iguala, Jos\u00e9 Luis Abarca, involucrado en la desaparici\u00f3n de los estudiantes.<\/p>\n<p>A partir de esa fecha, el PRD empez\u00f3 a padecer el descontento de sus militantes, que tampoco estaban de acuerdo con el entreguismo de sus dirigentes que apoyaron el Pacto por M\u00e9xico. En el PRD se quedaron sin l\u00edder moral y los perredistas m\u00e1s representativos abandonaron el partido.<\/p>\n<p>Su fundador, Cuauht\u00e9moc C\u00e1rdenas, renunci\u00f3 y ahora anda como alma en pena en busca de que alguien le d\u00e9 refugio. Tambi\u00e9n un n\u00famero considerable de senadores opt\u00f3 por irse a otro partido.<\/p>\n<p>La dirigente Alejandra Barrales estuvo en el ojo del esc\u00e1ndalo por su lujoso departamento en Miami, que contrasta con la pobreza en que viven innumerables perredistas. A toda esa lista de errores del perredismo, la pretendida alianza con el PAN fue la gota que derram\u00f3 el vaso.<\/p>\n<p>Ayer en este espacio hablamos de la crisis econ\u00f3mica que flagela al PRD. No tienen el dinero necesario para la asamblea estatutaria que ordena el cambio de la dirigencia nacional. En esa crisis perredista, cuatro m\u00e1s de sus personajes decidieron marcar sus proyectos pol\u00edticos y realizarlos en otro partido. \u00bfQu\u00e9 sigue en el PRD? \u00bfUsted qu\u00e9 opina amable lector?<\/p>\n<p style=\"text-align: center;\"><strong>BORGE Y SU JUICIO <\/strong><\/p>\n<p>En dos meses, el ex gobernador pri\u00edsta, Roberto Borge, rendir\u00e1 cuentas de sus m\u00faltiples piller\u00edas.<\/p>\n<p>\u00bfQu\u00e9 tratamiento le dar\u00e1 el juez? \u00bfSer\u00e1 el mismo trato deferencial que reciben los ex gobernantes encarcelados? Sus delitos fueron graves y ameritan castigos ejemplares.<\/p>\n<p>Sin embargo, se especula que con Borge la aplicaci\u00f3n de la ley ser\u00e1 suave, blanda.<\/p>\n<p>Varios ex mandatarios pri\u00edstas decidieron saquear los tesoros p\u00fablicos y ahora son perseguidos, detenidos y llevados ante la justicia. Situaci\u00f3n que no le preocupa a la c\u00fapula de dirigentes tricolores.<\/p>\n<p>Si los delincuentes que fung\u00edan como gobernantes tienen problemas con la ley, all\u00e1 ellos. Son tiempos de preparar las elecciones del 2018 y nada los distrae de este tema.<\/p>\n<p>Aunque la mala conducta de sus gobernadores s\u00ed influir\u00e1 en el proceso electoral del pr\u00f3ximo a\u00f1o por varias razones. Una de \u00e9stas es el enriquecimiento il\u00edcito de los gobernadores.<\/p>\n<p>En Veracruz, el PRI perdi\u00f3 porque pocos votaron por un partido que llev\u00f3 al poder a uno de los peores mandatarios: Javier Duarte, el ahora hu\u00e9sped en el Reclusorio Norte.<\/p>\n<p>Sigue, pues, el turno de Borge, que ser\u00e1 juzgado por los negocios turbios que hizo con la venta de terrenos. \u00bfY el asunto de la delincuencia organizada? \u00bfY el enriquecimiento il\u00edcito?<\/p>\n<p>La opini\u00f3n p\u00fablica se encuentra muy pendiente de c\u00f3mo actuar\u00e1n los jueces en los procesos penales de esos pillos. Si no reciben el castigo merecido, el PRI tendr\u00e1 m\u00e1s problemas en las elecciones del pr\u00f3ximo a\u00f1o. \u00bfO no?<\/p>\n<p style=\"text-align: center;\"><strong>DIECINUEVE SACERDOTES ASESINADOS<\/strong><\/p>\n<p>Van 19 sacerdotes asesinados en lo que va de este sexenio. Algo cambi\u00f3 la conducta de los mexicanos que dejaron de respetar a los representantes de la Iglesia cat\u00f3lica.<\/p>\n<p>La \u00faltima v\u00edctima fue el cura Jos\u00e9 Miguel Machorro, apu\u00f1ado en la Catedral Metropolitana.<\/p>\n<p>Es necesario revisar que llev\u00f3 a nuestra sociedad a manifestarse con tanta violencia.<\/p>\n<p><em><a href=\"mailto:aco2742@hotmail.com\" target=\"_blank\" rel=\"noopener noreferrer\">aco2742@hotmail.com<\/a><\/em><\/p>\n","protected":false},"excerpt":{"rendered":"<p><span style=\"color: #005497;\"><strong>Augusto Corro<\/strong><\/span><br \/>\n<br \/>\nVarios l\u00edderes perredistas decidieron apoyar el proyecto pol\u00edtico de Andr\u00e9s Manuel L\u00f3pez Obrador y rechazaron la idea de su dirigente Alejandra Barrales, que busca un Frente Opositor aliado con el Partido Acci\u00f3n Nacional (PAN).<\/p>\n","protected":false},"author":3,"featured_media":337862,"comment_status":"open","ping_status":"open","sticky":false,"template":"","format":"standard","meta":{"_monsterinsights_skip_tracking":false,"_monsterinsights_sitenote_active":false,"_monsterinsights_sitenote_note":"","_monsterinsights_sitenote_category":0,"footnotes":""},"categories":[157],"tags":[43686,43674,11515],"class_list":["post-339042","post","type-post","status-publish","format-standard","has-post-thumbnail","hentry","category-augusto-corro","tag-augusto-corro","tag-opinion","tag-punto-por-punto"],"_links":{"self":[{"href":"https:\/\/www.diarioimagen.net\/index.php?rest_route=\/wp\/v2\/posts\/339042","targetHints":{"allow":["GET"]}}],"collection":[{"href":"https:\/\/www.diarioimagen.net\/index.php?rest_route=\/wp\/v2\/posts"}],"about":[{"href":"https:\/\/www.diarioimagen.net\/index.php?rest_route=\/wp\/v2\/types\/post"}],"author":[{"embeddable":true,"href":"https:\/\/www.diarioimagen.net\/index.php?rest_route=\/wp\/v2\/users\/3"}],"replies":[{"embeddable":true,"href":"https:\/\/www.diarioimagen.net\/index.php?rest_route=%2Fwp%2Fv2%2Fcomments&post=339042"}],"version-history":[{"count":0,"href":"https:\/\/www.diarioimagen.net\/index.php?rest_route=\/wp\/v2\/posts\/339042\/revisions"}],"wp:featuredmedia":[{"embeddable":true,"href":"https:\/\/www.diarioimagen.net\/index.php?rest_route=\/wp\/v2\/media\/337862"}],"wp:attachment":[{"href":"https:\/\/www.diarioimagen.net\/index.php?rest_route=%2Fwp%2Fv2%2Fmedia&parent=339042"}],"wp:term":[{"taxonomy":"category","embeddable":true,"href":"https:\/\/www.diarioimagen.net\/index.php?rest_route=%2Fwp%2Fv2%2Fcategories&post=339042"},{"taxonomy":"post_tag","embeddable":true,"href":"https:\/\/www.diarioimagen.net\/index.php?rest_route=%2Fwp%2Fv2%2Ftags&post=339042"}],"curies":[{"name":"wp","href":"https:\/\/api.w.org\/{rel}","templated":true}]}}