{"id":339133,"date":"2017-08-10T00:10:32","date_gmt":"2017-08-10T05:10:32","guid":{"rendered":"http:\/\/www.diarioimagen.net\/?p=339133"},"modified":"2017-08-11T00:49:52","modified_gmt":"2017-08-11T05:49:52","slug":"eu-acusa-a-rafa-marquez-y-a-julion-alvarez-de-testaferros-del-narco","status":"publish","type":"post","link":"https:\/\/www.diarioimagen.net\/?p=339133","title":{"rendered":"EU acusa a Rafa M\u00e1rquez y a Juli\u00f3n de testaferros del narco"},"content":{"rendered":"<ul>\n<li><strong><em>Los vinculan a la organizaci\u00f3n de Ra\u00fal Flores Hern\u00e1ndez<\/em><\/strong><\/li>\n<\/ul>\n<h6>Jos\u00e9 Luis Monta\u00f1ez<\/h6>\n<p>&nbsp;<\/p>\n<div id=\"attachment_339134\" style=\"width: 470px\" class=\"wp-caption aligncenter\"><img loading=\"lazy\" decoding=\"async\" aria-describedby=\"caption-attachment-339134\" class=\"wp-image-339134 size-large\" src=\"http:\/\/www.diarioimagen.net\/wp-content\/uploads\/2017\/08\/NARCOS10-portal-460x268.jpg\" alt=\"\" width=\"460\" height=\"268\" srcset=\"https:\/\/www.diarioimagen.net\/wp-content\/uploads\/2017\/08\/NARCOS10-portal-460x268.jpg 460w, https:\/\/www.diarioimagen.net\/wp-content\/uploads\/2017\/08\/NARCOS10-portal-240x140.jpg 240w, https:\/\/www.diarioimagen.net\/wp-content\/uploads\/2017\/08\/NARCOS10-portal.jpg 480w\" sizes=\"auto, (max-width: 460px) 100vw, 460px\" \/><p id=\"caption-attachment-339134\" class=\"wp-caption-text\">El Departamento del Tesoro de EU incluy\u00f3 al futbolista Rafael M\u00e1rquez \u00c1lvarez y al cantante Juli\u00f3n \u00c1lvarez en lista de prestanombres del narcotraficante Ra\u00fal Flores Hern\u00e1ndez.<\/p><\/div>\n<p>&nbsp;<\/p>\n<p>El Departamento del Tesoro de Estados Unidos public\u00f3 ayer la lista de personas \u201cespecialmente designadas\u201d por v\u00ednculos con el narcotr\u00e1fico, entre ellas est\u00e1 el futbolista Rafael M\u00e1rquez \u00c1lvarez y el cantante Juli\u00f3n \u00c1lvarez, a quienes congelaron sus bienes.<\/p>\n<p>La dependencia destac\u00f3 la participaci\u00f3n de la PGR y la Unidad de Inteligencia Financiera (UIF) de la Secretar\u00eda de Hacienda y Cr\u00e9dito P\u00fablico de M\u00e9xico, para utilizar sanciones financieras, entre otras herramientas, para interrumpir las organizaciones de tr\u00e1fico de drogas.<\/p>\n<p>La Oficina de Control de Bienes de Extranjeros (OFAC, por sus siglas en ingl\u00e9s) identific\u00f3 a Ra\u00fal Flores Hern\u00e1ndez y a la organizaci\u00f3n narcotraficante \u201cFlores\u201d como \u201cNarcotraficante Especialmente Designados\u201d, as\u00ed como a 21 ciudadanos mexicanos y 42 empresas en M\u00e9xico por prestar apoyo a sus actividades de tr\u00e1fico de drogas.<\/p>\n<p>La inclusi\u00f3n en esta lista no es una acusaci\u00f3n penal, pero conlleva la prohibici\u00f3n de que ciudadanos de Estados Unidos realicen cualquier transacci\u00f3n comercial con las personas mencionadas, as\u00ed como con sus compa\u00f1\u00edas y fundaciones.<\/p>\n<p>\u201cLa designaci\u00f3n OFAC de tambi\u00e9n incluye al futbolista profesional mexicano Rafael M\u00e1rquez \u00c1lvarez (Rafa M\u00e1rquez), y a Julio C\u00e9sar \u00c1lvarez Montelongo (Juli\u00f3n \u00c1lvarez), un cantante norte\u00f1o mexicano. Ambos hombres han estado vinculados durante mucho tiempo con Flores Hern\u00e1ndez, y han actuado como testaferros para \u00e9l y su organizaci\u00f3n de narcotr\u00e1fico y manten\u00edan bienes en su nombre. Tambi\u00e9n fueron designados Mauricio Heredia Horner y Marco Antonio Fregoso Gonz\u00e1lez por actuar a nombre de Rafa M\u00e1rquez\u201d, indic\u00f3.<\/p>\n<p>Precis\u00f3 que ayer mi\u00e9rcoles, la Procuradur\u00eda General de la Rep\u00fablica asegur\u00f3 diversos bienes que pertenec\u00edan a Ra\u00fal Flores Hern\u00e1ndez y a su organizaci\u00f3n criminal, incluyendo el Gran Casino de Guadalajara.<\/p>\n<p>El jalisciense, de 65 a\u00f1os, fue detenido el pasado 20 de julio y est\u00e1 en curso el proceso para su extradici\u00f3n.<\/p>\n<p>Se\u00f1al\u00f3 que aunque \u00e9ste opera de manera independiente, conserva alianzas estrat\u00e9gicas con el liderazgo del C\u00e1rtel de Sinaloa y el C\u00e1rtel Jalisco Nueva Generaci\u00f3n.<\/p>\n<p>Asegur\u00f3 que sus v\u00ednculos con estos cabecillas de los c\u00e1rteles de la droga han permitido que la organizaci\u00f3n criminal Flores funcione con \u00e9xito desde los a\u00f1os 80 en Guadalajara y en la Ciudad de M\u00e9xico.<\/p>\n<p>En marzo de 2017, detall\u00f3, las acusaciones federales de tr\u00e1fico de drogas fueron devueltas al Distrito de Columbia y el Distrito Sur de California contra Flores Hern\u00e1ndez.<\/p>\n<p>Inform\u00f3 que los miembros de esa familia que fueron designados hoy incluyen a: Mar\u00eda Icela Ch\u00e1vez Mart\u00ednez, Felipe Flores G\u00f3mez, Kevin Sebasti\u00e1n Flores Ch\u00e1vez, Sendy Flores Castro, Mois\u00e9s Flores Esparza, Sa\u00fal Flores Tinajero, Oscar Armando Jim\u00e9nez Hern\u00e1ndez, e Irma Lizet Dami\u00e1n Ram\u00edrez.<\/p>\n<p>Los asociados de Flores Hern\u00e1ndez designados son Fernando Gustavo \u00c1lvarez Peralta, Diego Ayala Romero, Linda Elizabeth Campos Tirado, Efra\u00edn y Omar Caro Ur\u00edas, Hugo Iv\u00e1n y V\u00edctor Manuel Carranza Zepeda, Jos\u00e9 Antonio Cordero C\u00e1rdenas y Mario Alberto Fernandez Santana.<\/p>\n<p>Seg\u00fan el Departamento del Tesoro, varias de estas personas poseen o controlan una serie de empresas mexicanas dentro de la red de negocios la organizaci\u00f3n criminal de Flores.<\/p>\n<p>En tanto, las 42 empresas designadas incluyen deportes y recreaci\u00f3n, salud y rehabilitaci\u00f3n, restaurantes y bares, hospitalidad y turismo, juegos de azar y producci\u00f3n de m\u00fasica.<\/p>\n<p>De acuerdo con el Tesoro, Flores es el verdadero due\u00f1o de los Guerreros de Autl\u00e1n, equipo de futbol de tercera divisi\u00f3n cuya raz\u00f3n social es Club Deportivo Morumbi.<\/p>\n<p>En el caso de Rafael M\u00e1rquez, tambi\u00e9n fueron designadas las empresas y asociaciones civiles Escuela de Futbol Rafael M\u00e1rquez; Futbol y Coraz\u00f3n AC y Grupo Deportivo Alvaner.<\/p>\n<p>Adem\u00e1s, Grupo Deportivo M\u00e1rquez Pardo, Grupo Nutricional Alhoma, Grupo Terap\u00e9utico Hormaral, Grupo Terap\u00e9utico Puerto Vallarta y Prosport Health &amp; Imagen, estas \u00faltimas cl\u00ednicas de rehabilitaci\u00f3n deportiva que usan la imagen del seleccionado nacional y ex jugador del Barcelona.<\/p>\n<p>Mauricio Heredia Horner, empresario que maneja la fundaci\u00f3n de M\u00e1rquez, y Marco Antonio Fregoso Gonz\u00e1lez, abogado del Bufete Fregoso Gonz\u00e1lez de Guadalajara, tambi\u00e9n fueron designados, como personas que \u201cact\u00faan a nombre\u201d de Rafael M\u00e1rquez.<\/p>\n<p>De Juli\u00f3n \u00c1lvarez fueron se\u00f1aladas las empresas JCAM Editora Musical, Noryban Productions y Ticket Boleto S.A.<\/p>\n<p>&nbsp;<\/p>\n<blockquote><p>&nbsp;<\/p>\n<h2 style=\"text-align: center;\">El futbolista declara voluntariamente en la PGR<\/h2>\n<p>&nbsp;<\/p>\n<p>La Procuradur\u00eda General de la Rep\u00fablica (PGR) inform\u00f3 que el futbolista del Club Atlas, Rafael M\u00e1rquez \u00c1lvarez se present\u00f3 ayer ante autoridades ministeriales para rendir su declaraci\u00f3n de manera voluntaria, por la informaci\u00f3n emitida por el Departamento del Tesoro de Estados Unidos que lo liga como prestanombres del presunto narcotraficante, Ra\u00fal Flores Hern\u00e1ndez.<\/p>\n<p>En un comunicado, la dependencia inform\u00f3 que trabaja coordinadamente con el Departamento del Tesoro de Estados Unidos y actuar\u00e1 conforme a la legislaci\u00f3n vigente. \u201cEl d\u00eda de hoy -ayer- se present\u00f3 ante la PGR, de manera voluntaria, el se\u00f1or Rafael M\u00e1rquez \u00c1lvarez, para rendir de manera voluntaria su declaraci\u00f3n. La investigaci\u00f3n est\u00e1 en proceso\u201d, se\u00f1al\u00f3.<\/p>\n<p style=\"text-align: center;\"><strong>Lo que tengo me lo he <\/strong><strong>ganado: Juli\u00f3n \u00c1lvarez<\/strong><\/p>\n<p>Luego de que la Oficina de Control de Bienes de Extranjeros del Departamento del Tesoro de Estados Unidos lo incluyera en la lista de individuos que act\u00faan como prestanombres o testaferros del narco, el cantante public\u00f3 en <em>Facebook<\/em> un video para dar una explicaci\u00f3n a su p\u00fablico.<\/p>\n<p>\u201cMe siento con la obligaci\u00f3n de darles una aclaraci\u00f3n a todos ustedes. No pasa absolutamente nada, yo nom\u00e1s tengo que asesorarme, checar por d\u00f3nde viene (la acusaci\u00f3n), de qu\u00e9 viene, c\u00f3mo son las cosas\u201d, dijo el cantante, que aparece en el video con una camisa negra.<\/p>\n<p>Asegur\u00f3 que los bienes con los que cuenta son fruto de su trabajo. \u201cLes puedo decir que soy una persona que soy de rancho, de pueblo; s\u00e9 hacer mis cosas, me ha costado much\u00edsimo lo poco, lo mucho que tengo, me lo he ganado\u201d.<\/p>\n<p>Asimismo, dijo que las acusaciones \u201ctal vez son cuestiones de celos, de envidias, no s\u00e9 si pol\u00edticas tambi\u00e9n\u201d y agreg\u00f3 que \u201cel d\u00eda que me toque dar cara, saldremos a dar cara\u201d.<\/p><\/blockquote>\n","protected":false},"excerpt":{"rendered":"<p><span style=\"color: #005497;\">Jos\u00e9 Luis Monta\u00f1ez<\/span><br \/>\n<br \/>\nEl Departamento del Tesoro de Estados Unidos public\u00f3 ayer la lista de personas \u201cespecialmente designadas\u201d por v\u00ednculos con el narcotr\u00e1fico, entre ellas est\u00e1 el futbolista Rafael M\u00e1rquez \u00c1lvarez y el cantante Juli\u00f3n \u00c1lvarez, a quienes congelaron sus bienes.<\/p>\n","protected":false},"author":5,"featured_media":339134,"comment_status":"open","ping_status":"open","sticky":false,"template":"","format":"standard","meta":{"_monsterinsights_skip_tracking":false,"_monsterinsights_sitenote_active":false,"_monsterinsights_sitenote_note":"","_monsterinsights_sitenote_category":0,"footnotes":""},"categories":[7],"tags":[43680,64048,30461,43673,1220,1216,232,64045,64047,43677,64046],"class_list":["post-339133","post","type-post","status-publish","format-standard","has-post-thumbnail","hentry","category-seguridad","tag-deportes","tag-especialmente-designadas","tag-julion-alvarez","tag-nacional","tag-narco","tag-narcotrafico","tag-pgr","tag-rafa-marquez","tag-raul-flores-hernandez","tag-seguridad","tag-testaferros"],"_links":{"self":[{"href":"https:\/\/www.diarioimagen.net\/index.php?rest_route=\/wp\/v2\/posts\/339133","targetHints":{"allow":["GET"]}}],"collection":[{"href":"https:\/\/www.diarioimagen.net\/index.php?rest_route=\/wp\/v2\/posts"}],"about":[{"href":"https:\/\/www.diarioimagen.net\/index.php?rest_route=\/wp\/v2\/types\/post"}],"author":[{"embeddable":true,"href":"https:\/\/www.diarioimagen.net\/index.php?rest_route=\/wp\/v2\/users\/5"}],"replies":[{"embeddable":true,"href":"https:\/\/www.diarioimagen.net\/index.php?rest_route=%2Fwp%2Fv2%2Fcomments&post=339133"}],"version-history":[{"count":0,"href":"https:\/\/www.diarioimagen.net\/index.php?rest_route=\/wp\/v2\/posts\/339133\/revisions"}],"wp:featuredmedia":[{"embeddable":true,"href":"https:\/\/www.diarioimagen.net\/index.php?rest_route=\/wp\/v2\/media\/339134"}],"wp:attachment":[{"href":"https:\/\/www.diarioimagen.net\/index.php?rest_route=%2Fwp%2Fv2%2Fmedia&parent=339133"}],"wp:term":[{"taxonomy":"category","embeddable":true,"href":"https:\/\/www.diarioimagen.net\/index.php?rest_route=%2Fwp%2Fv2%2Fcategories&post=339133"},{"taxonomy":"post_tag","embeddable":true,"href":"https:\/\/www.diarioimagen.net\/index.php?rest_route=%2Fwp%2Fv2%2Ftags&post=339133"}],"curies":[{"name":"wp","href":"https:\/\/api.w.org\/{rel}","templated":true}]}}