{"id":339145,"date":"2017-08-10T00:08:37","date_gmt":"2017-08-10T05:08:37","guid":{"rendered":"http:\/\/www.diarioimagen.net\/?p=339145"},"modified":"2017-08-11T00:49:36","modified_gmt":"2017-08-11T05:49:36","slug":"edomex-a-la-vanguardia-en-acciones-para-mejorar-la-educacion-nuno","status":"publish","type":"post","link":"https:\/\/www.diarioimagen.net\/?p=339145","title":{"rendered":"Edomex, a la vanguardia en acciones por educaci\u00f3n: Nu\u00f1o Meyer"},"content":{"rendered":"<ul>\n<li><strong><em>Destaca el titular de la SEP transparencia en el m\u00e9todo de asignaci\u00f3n<\/em><\/strong><\/li>\n<\/ul>\n<p>&nbsp;<\/p>\n<div id=\"attachment_339146\" style=\"width: 470px\" class=\"wp-caption aligncenter\"><img loading=\"lazy\" decoding=\"async\" aria-describedby=\"caption-attachment-339146\" class=\"size-large wp-image-339146\" src=\"http:\/\/www.diarioimagen.net\/wp-content\/uploads\/2017\/08\/ERUVIEL10-portal-460x268.jpg\" alt=\"\" width=\"460\" height=\"268\" srcset=\"https:\/\/www.diarioimagen.net\/wp-content\/uploads\/2017\/08\/ERUVIEL10-portal-460x268.jpg 460w, https:\/\/www.diarioimagen.net\/wp-content\/uploads\/2017\/08\/ERUVIEL10-portal-240x140.jpg 240w, https:\/\/www.diarioimagen.net\/wp-content\/uploads\/2017\/08\/ERUVIEL10-portal.jpg 480w\" sizes=\"auto, (max-width: 460px) 100vw, 460px\" \/><p id=\"caption-attachment-339146\" class=\"wp-caption-text\">Eruviel \u00c1vila y Aurelio Nu\u00f1o entregaron nombramientos y cartas de presentaci\u00f3n para la asignaci\u00f3n de las primeras plazas magisteriales del Edom\u00e9x.<\/p><\/div>\n<p>&nbsp;<\/p>\n<p><strong>Toluca, Estado de M\u00e9xico<\/strong>.- Al entregar, junto con el gobernador Eruviel \u00c1vila Villegas, los primeros nombramientos de maestros que concluyeron sus evaluaciones para impartir clases en primaria, el secretario de Educaci\u00f3n P\u00fablica del gobierno federal, Aurelio Nu\u00f1o Mayer destac\u00f3 la transparencia con la que se llev\u00f3 a cabo en el Estado de M\u00e9xico el m\u00e9todo de Asignaci\u00f3n de Plazas de Ingreso para Docentes para el ciclo escolar 2017-2018, lo que coloca a la entidad mexiquense como ejemplo a nivel nacional y a la vanguardia en la implementaci\u00f3n de acciones encaminadas a mejorar la calidad de la educaci\u00f3n.<\/p>\n<p>\u201cEsto que estamos viendo y que ustedes est\u00e1n experimentando aqu\u00ed en el Estado de M\u00e9xico, es algo que tambi\u00e9n, por primera vez, en esta asignaci\u00f3n de plazas del mes de agosto, previo a que empecemos cursos el 21 de agosto, est\u00e1 sucediendo en todo el pa\u00eds.<\/p>\n<p>\u201cEn las 32 entidades de nuestro pa\u00eds se seguir\u00e1 un proceso como \u00e9ste, en donde todas las plazas se entregar\u00e1n de manera p\u00fablica, abierta, transparente, de acuerdo a la lista de prelaci\u00f3n. As\u00ed es que esto es un cambio muy importante para el Estado de M\u00e9xico, que nos pone el ejemplo, que est\u00e1 a la vanguardia, pero que se est\u00e1 replicando en todo el pa\u00eds y eso es un cambio muy importante, expres\u00f3 el secretario.<\/p>\n<p>En el Centro de Convenciones en Toluca, el gobernador Eruviel \u00c1vila asegur\u00f3 que la implementaci\u00f3n de la reforma educativa ha tenido gran \u00e9xito en el pa\u00eds, producto del trabajo del titular de la Secretar\u00eda de Educaci\u00f3n P\u00fablica (SEP), quien ha visitado la Rep\u00fablica para conocer las necesidades de cada regi\u00f3n, por ello le reconoci\u00f3 el compromiso, la pasi\u00f3n y la convicci\u00f3n, con la que Aurelio Nu\u00f1o ha desempe\u00f1ado su trabajo.<\/p>\n<p>\u201cLos pa\u00edses avanzan siempre y cuando le apuesten a la educaci\u00f3n, y el secretario Nu\u00f1o, por instrucciones del presidente Pe\u00f1a Nieto, ha acatado y ha atendido este mandato constitucional y legal, pero adem\u00e1s lo ha hecho con pasi\u00f3n, con convicci\u00f3n, con entusiasmo, porque Aurelio Nu\u00f1o es producto del esfuerzo, producto de la dedicaci\u00f3n, producto de que pas\u00f3 muchos d\u00edas estudiando, desvel\u00e1ndose, prepar\u00e1ndose as\u00ed como ustedes. Se\u00f1or secretario, yo quiero felicitarlo y reconocerle porque la reforma educativa avanza gracias, s\u00ed a las leyes, pero especialmente a que usted se aplica personalmente a darle seguimiento\u201d, dijo el gobernador.<\/p>\n","protected":false},"excerpt":{"rendered":"<p>Al entregar, junto con el gobernador Eruviel \u00c1vila Villegas, los primeros nombramientos de maestros que concluyeron sus evaluaciones para impartir clases en primaria, el secretario de Educaci\u00f3n P\u00fablica del gobierno federal, Aurelio Nu\u00f1o Mayer destac\u00f3 la transparencia con la que se llev\u00f3 a cabo en el Estado de M\u00e9xico el m\u00e9todo de Asignaci\u00f3n de Plazas de Ingreso para Docentes para el ciclo escolar 2017-2018, lo que coloca a la entidad mexiquense como ejemplo a nivel nacional y a la vanguardia en la implementaci\u00f3n de acciones encaminadas a mejorar la calidad de la educaci\u00f3n.<\/p>\n","protected":false},"author":5,"featured_media":339146,"comment_status":"open","ping_status":"open","sticky":false,"template":"","format":"standard","meta":{"_monsterinsights_skip_tracking":false,"_monsterinsights_sitenote_active":false,"_monsterinsights_sitenote_note":"","_monsterinsights_sitenote_category":0,"footnotes":""},"categories":[5],"tags":[30144,68,5828,43675,64058,459,452],"class_list":["post-339145","post","type-post","status-publish","format-standard","has-post-thumbnail","hentry","category-estado-de-mexico","tag-aurelio-nuno-mayer","tag-edomex","tag-eruviel-avila-villegas","tag-estado-de-mexico","tag-plazas-a-maestros","tag-sep","tag-toluca"],"_links":{"self":[{"href":"https:\/\/www.diarioimagen.net\/index.php?rest_route=\/wp\/v2\/posts\/339145","targetHints":{"allow":["GET"]}}],"collection":[{"href":"https:\/\/www.diarioimagen.net\/index.php?rest_route=\/wp\/v2\/posts"}],"about":[{"href":"https:\/\/www.diarioimagen.net\/index.php?rest_route=\/wp\/v2\/types\/post"}],"author":[{"embeddable":true,"href":"https:\/\/www.diarioimagen.net\/index.php?rest_route=\/wp\/v2\/users\/5"}],"replies":[{"embeddable":true,"href":"https:\/\/www.diarioimagen.net\/index.php?rest_route=%2Fwp%2Fv2%2Fcomments&post=339145"}],"version-history":[{"count":0,"href":"https:\/\/www.diarioimagen.net\/index.php?rest_route=\/wp\/v2\/posts\/339145\/revisions"}],"wp:featuredmedia":[{"embeddable":true,"href":"https:\/\/www.diarioimagen.net\/index.php?rest_route=\/wp\/v2\/media\/339146"}],"wp:attachment":[{"href":"https:\/\/www.diarioimagen.net\/index.php?rest_route=%2Fwp%2Fv2%2Fmedia&parent=339145"}],"wp:term":[{"taxonomy":"category","embeddable":true,"href":"https:\/\/www.diarioimagen.net\/index.php?rest_route=%2Fwp%2Fv2%2Fcategories&post=339145"},{"taxonomy":"post_tag","embeddable":true,"href":"https:\/\/www.diarioimagen.net\/index.php?rest_route=%2Fwp%2Fv2%2Ftags&post=339145"}],"curies":[{"name":"wp","href":"https:\/\/api.w.org\/{rel}","templated":true}]}}